{"id":10063,"date":"2021-10-15T13:41:16","date_gmt":"2021-10-15T11:41:16","guid":{"rendered":"https:\/\/agora.xtec.cat\/escolalavilapalamos\/?p=10063"},"modified":"2021-10-15T19:09:26","modified_gmt":"2021-10-15T17:09:26","slug":"viatgem-a-5e","status":"publish","type":"post","link":"https:\/\/agora.xtec.cat\/escolalavilapalamos\/general\/viatgem-a-5e\/","title":{"rendered":"Viatgem a 5\u00e8"},"content":{"rendered":"<p>Aquest any els alumnes de 5\u00e8 hem iniciat de nou el nostre VIATGEM!<\/p>\n<p>L\u2019any passat vam viatjar de pa\u00eds a pa\u00eds, visitant tots els continents! Vam descobrir com de gran \u00e9s el m\u00f3n i on es troben alguns dels pa\u00efsos dels que tantes vegades hem sentit a parlar.<\/p>\n<p>Aquest any, en canvi, viatjarem per Espanya per con\u00e8ixer-la una mica de m\u00e9s a prop i descobrir ciutats molt interessants que tenim relativament a la vora.<\/p>\n<p>Per fer-ho disposem del nostre passaport, cada divendres a la tarda descobrim a l\u2019estona de tutoria una nova fotografia. En aquesta, un company de la classe es troba en mig d\u2019una ciutat d\u2019Espanya, envoltat de pistes que en ajudaran a saber on \u00e9s.<\/p>\n<p>La missi\u00f3 setmanal de cada alumne \u00e9s descobrir on es troba el seu company. Al llarg de la setmana han de fer la recerca a casa, investigant les pistes que amaga la fotografia penjada a l\u2019aula (la bandera, menjars tradicionals, monuments, paisatges..). Quan ja ho tenen clar, han d\u2019omplir\u00a0 el seu passaport amb la seg\u00fcent informaci\u00f3: Ciutat, Prov\u00edncia i Comunitat aut\u00f2noma on viatgem.<\/p>\n<p>El divendres a la tarda, entre tots, descobrim quin era aquest dest\u00ed i compartim com ho hem descobert, el localitzem al mapa i comprovem si hem omplert b\u00e9 les dades del nostre passaport. A m\u00e9s a m\u00e9s, el company que surt a la fotografia, aquella setmana ens explica algunes curiositats de la ciutat on es troba!<\/p>\n<p>D\u2019aquesta manera descobrim la geografia de manera divertida, treballem les comunitats aut\u00f2nomes i prov\u00edncies i aprenem a llegir el mapa.<\/p>\n<p><a href=\"https:\/\/agora.xtec.cat\/escolalavilapalamos\/wp-content\/uploads\/usu897\/2021\/10\/fotoweb2.jpg\"><img loading=\"lazy\" decoding=\"async\" class=\"aligncenter wp-image-10095\" src=\"https:\/\/agora.xtec.cat\/escolalavilapalamos\/wp-content\/uploads\/usu897\/2021\/10\/fotoweb2-1024x580.jpg\" alt=\"\" width=\"667\" height=\"378\" srcset=\"https:\/\/agora.xtec.cat\/escolalavilapalamos\/wp-content\/uploads\/usu897\/2021\/10\/fotoweb2-1024x580.jpg 1024w, https:\/\/agora.xtec.cat\/escolalavilapalamos\/wp-content\/uploads\/usu897\/2021\/10\/fotoweb2-300x170.jpg 300w, https:\/\/agora.xtec.cat\/escolalavilapalamos\/wp-content\/uploads\/usu897\/2021\/10\/fotoweb2-768x435.jpg 768w, https:\/\/agora.xtec.cat\/escolalavilapalamos\/wp-content\/uploads\/usu897\/2021\/10\/fotoweb2.jpg 1092w\" sizes=\"auto, (max-width: 667px) 100vw, 667px\" \/><\/a><\/p>\n<p>&nbsp;<\/p>\n","protected":false},"excerpt":{"rendered":"<p>Aquest any els alumnes de 5\u00e8 hem iniciat de nou el nostre VIATGEM!<br \/>\nL\u2019any passat vam viatjar de pa\u00eds a pa\u00eds, visitant tots els continents! Vam descobrir com de gran \u00e9s el m\u00f3n i on es troben alguns dels pa\u00efsos dels que tantes vegades hem sentit&hellip;  <a href=\"https:\/\/agora.xtec.cat\/escolalavilapalamos\/general\/viatgem-a-5e\/\" title=\"Read Viatgem a 5\u00e8\">Llegeix m\u00e9s\u00bb<\/a><\/p>\n","protected":false},"author":132,"featured_media":10095,"comment_status":"closed","ping_status":"closed","sticky":false,"template":"","format":"standard","meta":{"_bbp_topic_count":0,"_bbp_reply_count":0,"_bbp_total_topic_count":0,"_bbp_total_reply_count":0,"_bbp_voice_count":0,"_bbp_anonymous_reply_count":0,"_bbp_topic_count_hidden":0,"_bbp_reply_count_hidden":0,"_bbp_forum_subforum_count":0,"footnotes":""},"categories":[128,1,4],"tags":[],"class_list":["post-10063","post","type-post","status-publish","format-standard","has-post-thumbnail","hentry","category-comunitat-de-grans","category-general","category-portada"],"post_mailing_queue_ids":[],"_links":{"self":[{"href":"https:\/\/agora.xtec.cat\/escolalavilapalamos\/wp-json\/wp\/v2\/posts\/10063","targetHints":{"allow":["GET"]}}],"collection":[{"href":"https:\/\/agora.xtec.cat\/escolalavilapalamos\/wp-json\/wp\/v2\/posts"}],"about":[{"href":"https:\/\/agora.xtec.cat\/escolalavilapalamos\/wp-json\/wp\/v2\/types\/post"}],"author":[{"embeddable":true,"href":"https:\/\/agora.xtec.cat\/escolalavilapalamos\/wp-json\/wp\/v2\/users\/132"}],"replies":[{"embeddable":true,"href":"https:\/\/agora.xtec.cat\/escolalavilapalamos\/wp-json\/wp\/v2\/comments?post=10063"}],"version-history":[{"count":3,"href":"https:\/\/agora.xtec.cat\/escolalavilapalamos\/wp-json\/wp\/v2\/posts\/10063\/revisions"}],"predecessor-version":[{"id":10096,"href":"https:\/\/agora.xtec.cat\/escolalavilapalamos\/wp-json\/wp\/v2\/posts\/10063\/revisions\/10096"}],"wp:featuredmedia":[{"embeddable":true,"href":"https:\/\/agora.xtec.cat\/escolalavilapalamos\/wp-json\/wp\/v2\/media\/10095"}],"wp:attachment":[{"href":"https:\/\/agora.xtec.cat\/escolalavilapalamos\/wp-json\/wp\/v2\/media?parent=10063"}],"wp:term":[{"taxonomy":"category","embeddable":true,"href":"https:\/\/agora.xtec.cat\/escolalavilapalamos\/wp-json\/wp\/v2\/categories?post=10063"},{"taxonomy":"post_tag","embeddable":true,"href":"https:\/\/agora.xtec.cat\/escolalavilapalamos\/wp-json\/wp\/v2\/tags?post=10063"}],"curies":[{"name":"wp","href":"https:\/\/api.w.org\/{rel}","templated":true}]}}