{"id":10052,"date":"2021-10-15T09:14:16","date_gmt":"2021-10-15T07:14:16","guid":{"rendered":"https:\/\/agora.xtec.cat\/escolalavilapalamos\/?p=10052"},"modified":"2021-10-15T10:24:49","modified_gmt":"2021-10-15T08:24:49","slug":"p5-visita-el-castell-de-sant-esteve","status":"publish","type":"post","link":"https:\/\/agora.xtec.cat\/escolalavilapalamos\/general\/p5-visita-el-castell-de-sant-esteve\/","title":{"rendered":"P5 visita el Castell de Sant Esteve"},"content":{"rendered":"<p>Aquest curs els infants de P5 volem descobrir i con\u00e8ixer m\u00e9s a fons el nostre poble: Palam\u00f3s.<a href=\"https:\/\/photos.app.goo.gl\/njPcmV6BjBMpKPQb9\"><img loading=\"lazy\" decoding=\"async\" class=\"wp-image-10053 alignright\" src=\"https:\/\/agora.xtec.cat\/escolalavilapalamos\/wp-content\/uploads\/usu897\/2021\/10\/IMG_5462.jpg\" alt=\"\" width=\"264\" height=\"352\" srcset=\"https:\/\/agora.xtec.cat\/escolalavilapalamos\/wp-content\/uploads\/usu897\/2021\/10\/IMG_5462.jpg 585w, https:\/\/agora.xtec.cat\/escolalavilapalamos\/wp-content\/uploads\/usu897\/2021\/10\/IMG_5462-225x300.jpg 225w\" sizes=\"auto, (max-width: 264px) 100vw, 264px\" \/><\/a><\/p>\n<p style=\"text-align: justify;\">La primera visita que hem realitzat dins el PROJECTE : PALAM\u00d3S ha sigut anar tot caminant\u00a0 des de l&#8217;escola fins <a href=\"https:\/\/ca.wikipedia.org\/wiki\/Castell_de_Sant_Esteve_de_Mar\"><strong>el Castell de Sant Esteve<\/strong><\/a>, localitzat en un penya-segat entre la Fosca i la cala S&#8217;Alguer.\u00a0 Hem estat parlant i recordant que es va assentar presumiblement a sobre les restes d&#8217;una vil\u00b7la romana i l&#8217;any 1277 va ser adquirit pel rei PERE II El Gran i va fundar el poble de Palam\u00f3s.<\/p>\n<p>Despr\u00e9s hem esmorzat i hem jugat a la Pineda d&#8217;En Gori. Ens ho hem passat molt b\u00e9!!!<\/p>\n<p style=\"text-align: center;\"><span style=\"color: #3366ff;\">Clica sobre la imatge per veure m\u00e9s fotos<\/span><\/p>\n","protected":false},"excerpt":{"rendered":"<p>Aquest curs els infants de P5 volem descobrir i con\u00e8ixer m\u00e9s a fons el nostre poble: Palam\u00f3s.<a href=\"https:\/\/photos.app.goo.gl\/njPcmV6BjBMpKPQb9\"><\/a><br \/>\nLa primera visita que hem realitzat dins el PROJECTE : PALAM\u00d3S ha sigut anar tot caminant\u00a0 des de l&#8217;escola fins <a href=\"https:\/\/ca.wikipedia.org\/wiki\/Castell_de_Sant_Esteve_de_Mar\">el Castell de Sant Esteve<\/a>, localitzat en&hellip;  <a href=\"https:\/\/agora.xtec.cat\/escolalavilapalamos\/general\/p5-visita-el-castell-de-sant-esteve\/\" title=\"Read P5 visita el Castell de Sant Esteve\">Llegeix m\u00e9s\u00bb<\/a><\/p>\n","protected":false},"author":128,"featured_media":10053,"comment_status":"open","ping_status":"closed","sticky":false,"template":"","format":"standard","meta":{"_bbp_topic_count":0,"_bbp_reply_count":0,"_bbp_total_topic_count":0,"_bbp_total_reply_count":0,"_bbp_voice_count":0,"_bbp_anonymous_reply_count":0,"_bbp_topic_count_hidden":0,"_bbp_reply_count_hidden":0,"_bbp_forum_subforum_count":0,"footnotes":""},"categories":[2,1,4],"tags":[],"class_list":["post-10052","post","type-post","status-publish","format-standard","has-post-thumbnail","hentry","category-infantil","category-general","category-portada"],"post_mailing_queue_ids":[],"_links":{"self":[{"href":"https:\/\/agora.xtec.cat\/escolalavilapalamos\/wp-json\/wp\/v2\/posts\/10052","targetHints":{"allow":["GET"]}}],"collection":[{"href":"https:\/\/agora.xtec.cat\/escolalavilapalamos\/wp-json\/wp\/v2\/posts"}],"about":[{"href":"https:\/\/agora.xtec.cat\/escolalavilapalamos\/wp-json\/wp\/v2\/types\/post"}],"author":[{"embeddable":true,"href":"https:\/\/agora.xtec.cat\/escolalavilapalamos\/wp-json\/wp\/v2\/users\/128"}],"replies":[{"embeddable":true,"href":"https:\/\/agora.xtec.cat\/escolalavilapalamos\/wp-json\/wp\/v2\/comments?post=10052"}],"version-history":[{"count":3,"href":"https:\/\/agora.xtec.cat\/escolalavilapalamos\/wp-json\/wp\/v2\/posts\/10052\/revisions"}],"predecessor-version":[{"id":10061,"href":"https:\/\/agora.xtec.cat\/escolalavilapalamos\/wp-json\/wp\/v2\/posts\/10052\/revisions\/10061"}],"wp:featuredmedia":[{"embeddable":true,"href":"https:\/\/agora.xtec.cat\/escolalavilapalamos\/wp-json\/wp\/v2\/media\/10053"}],"wp:attachment":[{"href":"https:\/\/agora.xtec.cat\/escolalavilapalamos\/wp-json\/wp\/v2\/media?parent=10052"}],"wp:term":[{"taxonomy":"category","embeddable":true,"href":"https:\/\/agora.xtec.cat\/escolalavilapalamos\/wp-json\/wp\/v2\/categories?post=10052"},{"taxonomy":"post_tag","embeddable":true,"href":"https:\/\/agora.xtec.cat\/escolalavilapalamos\/wp-json\/wp\/v2\/tags?post=10052"}],"curies":[{"name":"wp","href":"https:\/\/api.w.org\/{rel}","templated":true}]}}