{"id":10045,"date":"2021-10-15T11:09:08","date_gmt":"2021-10-15T09:09:08","guid":{"rendered":"https:\/\/agora.xtec.cat\/escolalavilapalamos\/?p=10045"},"modified":"2021-10-15T19:13:26","modified_gmt":"2021-10-15T17:13:26","slug":"a-2n-ens-encanten-les-quelis","status":"publish","type":"post","link":"https:\/\/agora.xtec.cat\/escolalavilapalamos\/general\/a-2n-ens-encanten-les-quelis\/","title":{"rendered":"A 2n ens encanten les Queli\u2019s!"},"content":{"rendered":"<p><span style=\"font-weight: 400;\">Les Queli s\u00f3n les tasques on l\u2019objectiu \u00e9s trobar qui \u00e9s l\u2019intr\u00fas. En aquestes tasques s\u2019hi presenten quatre elements diferents i tots poden ser l\u2019intr\u00fas segons els criteris i arguments que hi troben.<\/span><\/p>\n<p><span style=\"font-weight: 400;\">\u00c9s una tasca ideal per desenvolupar compet\u00e8ncies comunicatives orals i escrites.\u00a0<\/span><\/p>\n<p><a href=\"https:\/\/agora.xtec.cat\/escolalavilapalamos\/wp-content\/uploads\/usu897\/2021\/10\/innova-1.png\"><img loading=\"lazy\" decoding=\"async\" class=\"wp-image-10046 alignleft\" src=\"https:\/\/agora.xtec.cat\/escolalavilapalamos\/wp-content\/uploads\/usu897\/2021\/10\/innova-1.png\" alt=\"\" width=\"235\" height=\"232\" srcset=\"https:\/\/agora.xtec.cat\/escolalavilapalamos\/wp-content\/uploads\/usu897\/2021\/10\/innova-1.png 758w, https:\/\/agora.xtec.cat\/escolalavilapalamos\/wp-content\/uploads\/usu897\/2021\/10\/innova-1-300x296.png 300w\" sizes=\"auto, (max-width: 235px) 100vw, 235px\" \/><\/a><span style=\"font-weight: 400;\">Aquesta va ser la primera Queli i algunes de les reflexions que van sortir van ser:<\/span><\/p>\n<ul>\n<li style=\"font-weight: 400;\"><span style=\"font-weight: 400;\">\u00c9s la formiga de la samarreta blava perqu\u00e8 \u00e9s l&#8217; \u00fanica d\u2019aquest color<\/span><\/li>\n<li style=\"font-weight: 400;\"><span style=\"font-weight: 400;\">\u00c9s la que tanca els ulls perqu\u00e8 els altres els tenen oberts<\/span><\/li>\n<li style=\"font-weight: 400;\"><span style=\"font-weight: 400;\">\u00c9s la que li falta una orella perqu\u00e8 els altres tenen dos.<\/span><\/li>\n<li style=\"font-weight: 400;\"><span style=\"font-weight: 400;\">\u00c9s la que aixeca la m\u00e0 perqu\u00e8 els altres les tenen baixades.<\/span><\/li>\n<\/ul>\n<p><span style=\"font-weight: 400;\">Tots els criteris que exposen s\u00f3n correctes, per\u00f2 va haver una de les explicacions que ens va conv\u00e8ncer: l\u2019intr\u00fas \u00e9s el que li falta una orella, perqu\u00e8 les mans les pots aixecar o baixar, la samarreta pots canviar-la, els ulls els pots obrir, per\u00f2 no pots posar-te una orella!<\/span><\/p>\n<p><span style=\"font-weight: 400;\">Les vam presentar des d\u2019innovamat i els va motivar tant, que ho hem fet tamb\u00e9 a llengua catalana i castellana. Fins i tots elles i ells han creat les seves pr\u00f2pies Queli. Us atreviu a dir qui \u00e9s l&#8217;intr\u00fas?<\/span><\/p>\n<p><a href=\"https:\/\/agora.xtec.cat\/escolalavilapalamos\/wp-content\/uploads\/usu897\/2021\/10\/WhatsApp-Image-2021-10-14-at-16.36.50-1-e1634224761444.jpeg\"><img loading=\"lazy\" decoding=\"async\" class=\"alignnone wp-image-10047 \" src=\"https:\/\/agora.xtec.cat\/escolalavilapalamos\/wp-content\/uploads\/usu897\/2021\/10\/WhatsApp-Image-2021-10-14-at-16.36.50-1-e1634224761444.jpeg\" alt=\"\" width=\"400\" height=\"185\" srcset=\"https:\/\/agora.xtec.cat\/escolalavilapalamos\/wp-content\/uploads\/usu897\/2021\/10\/WhatsApp-Image-2021-10-14-at-16.36.50-1-e1634224761444.jpeg 995w, https:\/\/agora.xtec.cat\/escolalavilapalamos\/wp-content\/uploads\/usu897\/2021\/10\/WhatsApp-Image-2021-10-14-at-16.36.50-1-e1634224761444-300x139.jpeg 300w, https:\/\/agora.xtec.cat\/escolalavilapalamos\/wp-content\/uploads\/usu897\/2021\/10\/WhatsApp-Image-2021-10-14-at-16.36.50-1-e1634224761444-768x355.jpeg 768w\" sizes=\"auto, (max-width: 400px) 100vw, 400px\" \/><\/a><\/p>\n<p>Tamb\u00e9 ens agrada fixar-nos en quins elements tenen en com\u00fa. Ens ajuda a descartar criteris per trobar l&#8217;intr\u00fas i a justificar millor les nostres respostes.<\/p>\n<p><a href=\"https:\/\/agora.xtec.cat\/escolalavilapalamos\/wp-content\/uploads\/usu897\/2021\/10\/WhatsApp-Image-2021-10-14-at-17.02.43-1-e1634225385348.jpeg\"><img loading=\"lazy\" decoding=\"async\" class=\"alignnone wp-image-10048 \" src=\"https:\/\/agora.xtec.cat\/escolalavilapalamos\/wp-content\/uploads\/usu897\/2021\/10\/WhatsApp-Image-2021-10-14-at-17.02.43-1-e1634225385348-1024x717.jpeg\" alt=\"\" width=\"388\" height=\"272\" srcset=\"https:\/\/agora.xtec.cat\/escolalavilapalamos\/wp-content\/uploads\/usu897\/2021\/10\/WhatsApp-Image-2021-10-14-at-17.02.43-1-e1634225385348-1024x717.jpeg 1024w, https:\/\/agora.xtec.cat\/escolalavilapalamos\/wp-content\/uploads\/usu897\/2021\/10\/WhatsApp-Image-2021-10-14-at-17.02.43-1-e1634225385348-300x210.jpeg 300w, https:\/\/agora.xtec.cat\/escolalavilapalamos\/wp-content\/uploads\/usu897\/2021\/10\/WhatsApp-Image-2021-10-14-at-17.02.43-1-e1634225385348-768x538.jpeg 768w, https:\/\/agora.xtec.cat\/escolalavilapalamos\/wp-content\/uploads\/usu897\/2021\/10\/WhatsApp-Image-2021-10-14-at-17.02.43-1-e1634225385348-1536x1075.jpeg 1536w, https:\/\/agora.xtec.cat\/escolalavilapalamos\/wp-content\/uploads\/usu897\/2021\/10\/WhatsApp-Image-2021-10-14-at-17.02.43-1-e1634225385348.jpeg 1894w\" sizes=\"auto, (max-width: 388px) 100vw, 388px\" \/><\/a> <a href=\"https:\/\/agora.xtec.cat\/escolalavilapalamos\/wp-content\/uploads\/usu897\/2021\/10\/WhatsApp-Image-2021-10-14-at-17.02.44-1.jpeg\"><img loading=\"lazy\" decoding=\"async\" class=\"alignnone wp-image-10049\" src=\"https:\/\/agora.xtec.cat\/escolalavilapalamos\/wp-content\/uploads\/usu897\/2021\/10\/WhatsApp-Image-2021-10-14-at-17.02.44-1-1024x768.jpeg\" alt=\"\" width=\"364\" height=\"273\" srcset=\"https:\/\/agora.xtec.cat\/escolalavilapalamos\/wp-content\/uploads\/usu897\/2021\/10\/WhatsApp-Image-2021-10-14-at-17.02.44-1-1024x768.jpeg 1024w, https:\/\/agora.xtec.cat\/escolalavilapalamos\/wp-content\/uploads\/usu897\/2021\/10\/WhatsApp-Image-2021-10-14-at-17.02.44-1-300x225.jpeg 300w, https:\/\/agora.xtec.cat\/escolalavilapalamos\/wp-content\/uploads\/usu897\/2021\/10\/WhatsApp-Image-2021-10-14-at-17.02.44-1-768x576.jpeg 768w, https:\/\/agora.xtec.cat\/escolalavilapalamos\/wp-content\/uploads\/usu897\/2021\/10\/WhatsApp-Image-2021-10-14-at-17.02.44-1-1536x1152.jpeg 1536w, https:\/\/agora.xtec.cat\/escolalavilapalamos\/wp-content\/uploads\/usu897\/2021\/10\/WhatsApp-Image-2021-10-14-at-17.02.44-1-200x150.jpeg 200w, https:\/\/agora.xtec.cat\/escolalavilapalamos\/wp-content\/uploads\/usu897\/2021\/10\/WhatsApp-Image-2021-10-14-at-17.02.44-1.jpeg 2048w\" sizes=\"auto, (max-width: 364px) 100vw, 364px\" \/><\/a> <a href=\"https:\/\/agora.xtec.cat\/escolalavilapalamos\/wp-content\/uploads\/usu897\/2021\/10\/WhatsApp-Image-2021-10-14-at-16.36.50-3-e1634225491542.jpeg\"><img loading=\"lazy\" decoding=\"async\" class=\"alignnone wp-image-10050 \" src=\"https:\/\/agora.xtec.cat\/escolalavilapalamos\/wp-content\/uploads\/usu897\/2021\/10\/WhatsApp-Image-2021-10-14-at-16.36.50-3-e1634225491542.jpeg\" alt=\"\" width=\"431\" height=\"269\" srcset=\"https:\/\/agora.xtec.cat\/escolalavilapalamos\/wp-content\/uploads\/usu897\/2021\/10\/WhatsApp-Image-2021-10-14-at-16.36.50-3-e1634225491542.jpeg 1008w, https:\/\/agora.xtec.cat\/escolalavilapalamos\/wp-content\/uploads\/usu897\/2021\/10\/WhatsApp-Image-2021-10-14-at-16.36.50-3-e1634225491542-300x187.jpeg 300w, https:\/\/agora.xtec.cat\/escolalavilapalamos\/wp-content\/uploads\/usu897\/2021\/10\/WhatsApp-Image-2021-10-14-at-16.36.50-3-e1634225491542-768x479.jpeg 768w\" sizes=\"auto, (max-width: 431px) 100vw, 431px\" \/> <\/a><a href=\"https:\/\/agora.xtec.cat\/escolalavilapalamos\/wp-content\/uploads\/usu897\/2021\/10\/WhatsApp-Image-2021-10-14-at-16.36.50.jpeg\"><img loading=\"lazy\" decoding=\"async\" class=\"alignnone wp-image-10051\" src=\"https:\/\/agora.xtec.cat\/escolalavilapalamos\/wp-content\/uploads\/usu897\/2021\/10\/WhatsApp-Image-2021-10-14-at-16.36.50.jpeg\" alt=\"\" width=\"391\" height=\"220\" srcset=\"https:\/\/agora.xtec.cat\/escolalavilapalamos\/wp-content\/uploads\/usu897\/2021\/10\/WhatsApp-Image-2021-10-14-at-16.36.50.jpeg 1024w, https:\/\/agora.xtec.cat\/escolalavilapalamos\/wp-content\/uploads\/usu897\/2021\/10\/WhatsApp-Image-2021-10-14-at-16.36.50-300x169.jpeg 300w, https:\/\/agora.xtec.cat\/escolalavilapalamos\/wp-content\/uploads\/usu897\/2021\/10\/WhatsApp-Image-2021-10-14-at-16.36.50-768x432.jpeg 768w\" sizes=\"auto, (max-width: 391px) 100vw, 391px\" \/><\/a><a href=\"https:\/\/agora.xtec.cat\/escolalavilapalamos\/wp-content\/uploads\/usu897\/2021\/10\/WhatsApp-Image-2021-10-14-at-19.37.15-e1634306040536.jpeg\"><img loading=\"lazy\" decoding=\"async\" class=\"alignnone wp-image-10098 \" src=\"https:\/\/agora.xtec.cat\/escolalavilapalamos\/wp-content\/uploads\/usu897\/2021\/10\/WhatsApp-Image-2021-10-14-at-19.37.15-e1634306040536-1024x879.jpeg\" alt=\"\" width=\"257\" height=\"221\" srcset=\"https:\/\/agora.xtec.cat\/escolalavilapalamos\/wp-content\/uploads\/usu897\/2021\/10\/WhatsApp-Image-2021-10-14-at-19.37.15-e1634306040536-1024x879.jpeg 1024w, https:\/\/agora.xtec.cat\/escolalavilapalamos\/wp-content\/uploads\/usu897\/2021\/10\/WhatsApp-Image-2021-10-14-at-19.37.15-e1634306040536-300x258.jpeg 300w, https:\/\/agora.xtec.cat\/escolalavilapalamos\/wp-content\/uploads\/usu897\/2021\/10\/WhatsApp-Image-2021-10-14-at-19.37.15-e1634306040536-768x659.jpeg 768w, https:\/\/agora.xtec.cat\/escolalavilapalamos\/wp-content\/uploads\/usu897\/2021\/10\/WhatsApp-Image-2021-10-14-at-19.37.15-e1634306040536.jpeg 1188w\" sizes=\"auto, (max-width: 257px) 100vw, 257px\" \/> <\/a><\/p>\n<p>Us animem a fer Queli&#8217;s en fam\u00edlia i a portar-les a l&#8217;escola, ens agradar\u00e0 trobar l&#8217;intr\u00fas!<\/p>\n","protected":false},"excerpt":{"rendered":"<p>Les Queli s\u00f3n les tasques on l\u2019objectiu \u00e9s trobar qui \u00e9s l\u2019intr\u00fas. En aquestes tasques s\u2019hi presenten quatre elements diferents i tots poden ser l\u2019intr\u00fas segons els criteris i arguments que hi troben.<br \/>\n\u00c9s una tasca ideal per desenvolupar compet\u00e8ncies comunicatives orals i escrites.\u00a0<br \/>\n<a href=\"https:\/\/agora.xtec.cat\/escolalavilapalamos\/wp-content\/uploads\/usu897\/2021\/10\/innova-1.png\"><\/a>Aquesta va&hellip;  <a href=\"https:\/\/agora.xtec.cat\/escolalavilapalamos\/general\/a-2n-ens-encanten-les-quelis\/\" title=\"Read A 2n ens encanten les Queli\u2019s!\">Llegeix m\u00e9s\u00bb<\/a><\/p>\n","protected":false},"author":106,"featured_media":10046,"comment_status":"open","ping_status":"closed","sticky":false,"template":"","format":"standard","meta":{"_bbp_topic_count":0,"_bbp_reply_count":0,"_bbp_total_topic_count":0,"_bbp_total_reply_count":0,"_bbp_voice_count":0,"_bbp_anonymous_reply_count":0,"_bbp_topic_count_hidden":0,"_bbp_reply_count_hidden":0,"_bbp_forum_subforum_count":0,"footnotes":""},"categories":[127,1,4],"tags":[],"class_list":["post-10045","post","type-post","status-publish","format-standard","has-post-thumbnail","hentry","category-comunitat-de-mitjans","category-general","category-portada"],"post_mailing_queue_ids":[],"_links":{"self":[{"href":"https:\/\/agora.xtec.cat\/escolalavilapalamos\/wp-json\/wp\/v2\/posts\/10045","targetHints":{"allow":["GET"]}}],"collection":[{"href":"https:\/\/agora.xtec.cat\/escolalavilapalamos\/wp-json\/wp\/v2\/posts"}],"about":[{"href":"https:\/\/agora.xtec.cat\/escolalavilapalamos\/wp-json\/wp\/v2\/types\/post"}],"author":[{"embeddable":true,"href":"https:\/\/agora.xtec.cat\/escolalavilapalamos\/wp-json\/wp\/v2\/users\/106"}],"replies":[{"embeddable":true,"href":"https:\/\/agora.xtec.cat\/escolalavilapalamos\/wp-json\/wp\/v2\/comments?post=10045"}],"version-history":[{"count":3,"href":"https:\/\/agora.xtec.cat\/escolalavilapalamos\/wp-json\/wp\/v2\/posts\/10045\/revisions"}],"predecessor-version":[{"id":10101,"href":"https:\/\/agora.xtec.cat\/escolalavilapalamos\/wp-json\/wp\/v2\/posts\/10045\/revisions\/10101"}],"wp:featuredmedia":[{"embeddable":true,"href":"https:\/\/agora.xtec.cat\/escolalavilapalamos\/wp-json\/wp\/v2\/media\/10046"}],"wp:attachment":[{"href":"https:\/\/agora.xtec.cat\/escolalavilapalamos\/wp-json\/wp\/v2\/media?parent=10045"}],"wp:term":[{"taxonomy":"category","embeddable":true,"href":"https:\/\/agora.xtec.cat\/escolalavilapalamos\/wp-json\/wp\/v2\/categories?post=10045"},{"taxonomy":"post_tag","embeddable":true,"href":"https:\/\/agora.xtec.cat\/escolalavilapalamos\/wp-json\/wp\/v2\/tags?post=10045"}],"curies":[{"name":"wp","href":"https:\/\/api.w.org\/{rel}","templated":true}]}}