{"id":10016,"date":"2021-10-18T14:58:18","date_gmt":"2021-10-18T12:58:18","guid":{"rendered":"https:\/\/agora.xtec.cat\/escolalavilapalamos\/?p=10016"},"modified":"2021-10-18T14:58:18","modified_gmt":"2021-10-18T12:58:18","slug":"el-volca-cumbre-vieja","status":"publish","type":"post","link":"https:\/\/agora.xtec.cat\/escolalavilapalamos\/escrivim-noticies-a-la-web\/el-volca-cumbre-vieja\/","title":{"rendered":"El volc\u00e0 Cumbre Vieja"},"content":{"rendered":"<p><img loading=\"lazy\" decoding=\"async\" class=\"alignright\" src=\"https:\/\/encrypted-tbn0.gstatic.com\/images?q=tbn:ANd9GcRnSw6vimPaqP9jJMwQhvsW38kSEXhddy1R7_0By98Utmwt0rswQP9taXb8w5fK1VKaVy0&amp;usqp=CAU\" alt=\"Erupci\u00f3n del volc\u00e1n de La Palma, Cumbre Vieja, en v\u00eddeo | Marca\" width=\"450\" height=\"253\" \/><\/p>\n<p>El diumenge 19 de setembre el volc\u00e0 Cumbre Vieja\u00a0 va erupcionar .<\/p>\n<p>No hi ha hagut cap ferit. Hi ha m\u00e9s de 5.000 evacuats. La lava ha fet una colada a 1.000\u00ba <span style=\"font-family: inherit; font-size: 1em;\">que ha arribat al mar. <\/span>Ha destru\u00eft cases i camps de conreu de pl\u00e0tans.<\/p>\n<p>Laia Garcia i Berta Ruiz.<\/p>\n<p><iframe loading=\"lazy\" src=\"\/\/www.youtube.com\/embed\/G9YRdC1F2vY\" width=\"560\" height=\"314\"><\/iframe><\/p>\n<p>&nbsp;<\/p>\n","protected":false},"excerpt":{"rendered":"<p>El diumenge 19 de setembre el volc\u00e0 Cumbre Vieja\u00a0 va erupcionar .<br \/>\nNo hi ha hagut cap ferit. Hi ha m\u00e9s de 5.000 evacuats. La lava ha fet una colada a 1.000\u00ba que ha arribat al mar. Ha destru\u00eft cases i camps de conreu de pl\u00e0tans.<br \/>\nLaia&hellip;  <a href=\"https:\/\/agora.xtec.cat\/escolalavilapalamos\/escrivim-noticies-a-la-web\/el-volca-cumbre-vieja\/\" title=\"Read El volc\u00e0 Cumbre Vieja\">Llegeix m\u00e9s\u00bb<\/a><\/p>\n","protected":false},"author":171,"featured_media":10114,"comment_status":"open","ping_status":"closed","sticky":false,"template":"","format":"standard","meta":{"_bbp_topic_count":0,"_bbp_reply_count":0,"_bbp_total_topic_count":0,"_bbp_total_reply_count":0,"_bbp_voice_count":0,"_bbp_anonymous_reply_count":0,"_bbp_topic_count_hidden":0,"_bbp_reply_count_hidden":0,"_bbp_forum_subforum_count":0,"footnotes":""},"categories":[139],"tags":[],"class_list":["post-10016","post","type-post","status-publish","format-standard","has-post-thumbnail","hentry","category-escrivim-noticies-a-la-web"],"post_mailing_queue_ids":[],"_links":{"self":[{"href":"https:\/\/agora.xtec.cat\/escolalavilapalamos\/wp-json\/wp\/v2\/posts\/10016","targetHints":{"allow":["GET"]}}],"collection":[{"href":"https:\/\/agora.xtec.cat\/escolalavilapalamos\/wp-json\/wp\/v2\/posts"}],"about":[{"href":"https:\/\/agora.xtec.cat\/escolalavilapalamos\/wp-json\/wp\/v2\/types\/post"}],"author":[{"embeddable":true,"href":"https:\/\/agora.xtec.cat\/escolalavilapalamos\/wp-json\/wp\/v2\/users\/171"}],"replies":[{"embeddable":true,"href":"https:\/\/agora.xtec.cat\/escolalavilapalamos\/wp-json\/wp\/v2\/comments?post=10016"}],"version-history":[{"count":3,"href":"https:\/\/agora.xtec.cat\/escolalavilapalamos\/wp-json\/wp\/v2\/posts\/10016\/revisions"}],"predecessor-version":[{"id":10115,"href":"https:\/\/agora.xtec.cat\/escolalavilapalamos\/wp-json\/wp\/v2\/posts\/10016\/revisions\/10115"}],"wp:featuredmedia":[{"embeddable":true,"href":"https:\/\/agora.xtec.cat\/escolalavilapalamos\/wp-json\/wp\/v2\/media\/10114"}],"wp:attachment":[{"href":"https:\/\/agora.xtec.cat\/escolalavilapalamos\/wp-json\/wp\/v2\/media?parent=10016"}],"wp:term":[{"taxonomy":"category","embeddable":true,"href":"https:\/\/agora.xtec.cat\/escolalavilapalamos\/wp-json\/wp\/v2\/categories?post=10016"},{"taxonomy":"post_tag","embeddable":true,"href":"https:\/\/agora.xtec.cat\/escolalavilapalamos\/wp-json\/wp\/v2\/tags?post=10016"}],"curies":[{"name":"wp","href":"https:\/\/api.w.org\/{rel}","templated":true}]}}