{"id":139,"count":28,"description":"<h3><span style=\"color: #3366ff;\">Escrivim not\u00edcies a la web\u00a0<\/span><\/h3>\r\n&nbsp;\r\n\r\n<a href=\"https:\/\/agora.xtec.cat\/escolalavilapalamos\/wp-content\/uploads\/usu897\/2021\/10\/baixa.jpeg\"><img class=\" wp-image-9957 alignright\" src=\"https:\/\/agora.xtec.cat\/escolalavilapalamos\/wp-content\/uploads\/usu897\/2021\/10\/baixa.jpeg\" alt=\"\" width=\"354\" height=\"218\" \/><\/a>Els nois i noies de 4t treballem l\u2019expressi\u00f3 escrita en catal\u00e0. Treballem molts tipus de textos. Aquesta setmana hem treballat la not\u00edcia. Hem mirat not\u00edcies dels diaris, web, televisi\u00f3, r\u00e0dio i xarxes socials.\r\n\r\nDins l\u2019espai de treball globalitzat hem fet el <strong>projecte dels volcans<\/strong> a ra\u00f3 de l\u2019 erupci\u00f3 del <strong>volc\u00e0 Cumbre Vieja<\/strong>. En parelles hem escrit una not\u00edcia sobre el volc\u00e0. Aquest \u00e9s el resultat de totes les not\u00edcies.","link":"https:\/\/agora.xtec.cat\/escolalavilapalamos\/categoria\/escrivim-noticies-a-la-web\/","name":"Escrivim not\u00edcies a la web","slug":"escrivim-noticies-a-la-web","taxonomy":"category","parent":0,"meta":[],"_links":{"self":[{"href":"https:\/\/agora.xtec.cat\/escolalavilapalamos\/wp-json\/wp\/v2\/categories\/139","targetHints":{"allow":["GET"]}}],"collection":[{"href":"https:\/\/agora.xtec.cat\/escolalavilapalamos\/wp-json\/wp\/v2\/categories"}],"about":[{"href":"https:\/\/agora.xtec.cat\/escolalavilapalamos\/wp-json\/wp\/v2\/taxonomies\/category"}],"wp:post_type":[{"href":"https:\/\/agora.xtec.cat\/escolalavilapalamos\/wp-json\/wp\/v2\/posts?categories=139"}],"curies":[{"name":"wp","href":"https:\/\/api.w.org\/{rel}","templated":true}]}}