{"id":131,"count":25,"description":"<h3><img class=\"alignright\" src=\"https:\/\/i.pinimg.com\/originals\/13\/ed\/b3\/13edb3ccfceecfb23a77f74418232244.gif\" width=\"265\" height=\"199\" \/><span style=\"color: #0000ff;\">SETMANA DE LA CI\u00c8NCIA 2020<\/span><\/h3>\r\nAquest any per la <strong>Setmana de la Ci\u00e8ncia<\/strong> els nois i noies de 5\u00e8 han fet articles de caire cient\u00edfic. Les tem\u00e0tiques han estat diverses: l'espai, les noves tecnologies, l'arqueologia, la biologia, etc. Aqu\u00ed teniu el resultat d'uns dies de treball en equip.\r\n\r\n&nbsp;\r\n\r\n&nbsp;","link":"https:\/\/agora.xtec.cat\/escolalavilapalamos\/categoria\/comunitat-de-grans\/setmana-de-la-ciencia\/","name":"Setmana de la Ci\u00e8ncia","slug":"setmana-de-la-ciencia","taxonomy":"category","parent":128,"meta":[],"_links":{"self":[{"href":"https:\/\/agora.xtec.cat\/escolalavilapalamos\/wp-json\/wp\/v2\/categories\/131","targetHints":{"allow":["GET"]}}],"collection":[{"href":"https:\/\/agora.xtec.cat\/escolalavilapalamos\/wp-json\/wp\/v2\/categories"}],"about":[{"href":"https:\/\/agora.xtec.cat\/escolalavilapalamos\/wp-json\/wp\/v2\/taxonomies\/category"}],"up":[{"embeddable":true,"href":"https:\/\/agora.xtec.cat\/escolalavilapalamos\/wp-json\/wp\/v2\/categories\/128"}],"wp:post_type":[{"href":"https:\/\/agora.xtec.cat\/escolalavilapalamos\/wp-json\/wp\/v2\/posts?categories=131"}],"curies":[{"name":"wp","href":"https:\/\/api.w.org\/{rel}","templated":true}]}}