{"id":3528,"date":"2024-02-25T18:58:18","date_gmt":"2024-02-25T17:58:18","guid":{"rendered":"https:\/\/agora.xtec.cat\/escolalatrama\/?p=3528"},"modified":"2024-02-25T19:37:25","modified_gmt":"2024-02-25T18:37:25","slug":"xerrada-infancia-i-educacio-sexual-neus-millan","status":"publish","type":"post","link":"https:\/\/agora.xtec.cat\/escolalatrama\/portada\/xerrada-infancia-i-educacio-sexual-neus-millan\/","title":{"rendered":"Xerrada: &#8220;Inf\u00e0ncia i educaci\u00f3 sexual&#8221; a c\u00e0rrec de Neus Mill\u00e1n"},"content":{"rendered":"<p><span style=\"color: #993300;\">El <b>dijous 15 de febrer<\/b> l&#8217;Escola i l&#8217;AFA van organitzar una xerrada per a totes les fam\u00edlies de La Trama:<b>\u00a0Inf\u00e0ncia i educaci\u00f3 sexual (etapa 3-12 anys),\u00a0<\/b>a c\u00e0rrec de<b>\u00a0<span class=\"il\">Neus<\/span>\u00a0<span class=\"il\">Mill\u00e1n<\/span>.\u00a0<\/b>Lligada amb les sessions de formaci\u00f3 sexual que pr\u00e8viament s&#8217;havia fet amb els alumnes de 6\u00e8 de l&#8217;escola.<\/span><\/p>\n<p><span style=\"color: #993300;\"><b>En aquesta xerrada <\/b>la Neus Mill\u00e1n ens va parlar de:<\/span><\/p>\n<ul style=\"list-style-type: disc;\">\n<li class=\"gmail_default\"><span style=\"color: #993300;\">Quan\u00a0 hem de comen\u00e7ar a parlar d&#8217;aquests temes als infants?<\/span><\/li>\n<li class=\"gmail_default\"><span style=\"color: #993300;\">Com ho hem de fer? Quina quantitat d&#8217;informaci\u00f3 els hi hem d&#8217;explicar?<\/span><\/li>\n<li class=\"gmail_default\"><span style=\"color: #993300;\">Qu\u00e8 passa amb els infants que no pregunten?<\/span><\/li>\n<li class=\"gmail_default\"><span style=\"color: #993300;\">Qu\u00e8 fem amb la informaci\u00f3 que els hi arriba i que no ens agrada?<\/span><\/li>\n<li class=\"gmail_default\"><span style=\"color: #993300;\">Qu\u00e8 fem als taller d&#8217;educaci\u00f3 afectivo-sexual a l&#8217;escola amb els alumnes de 6\u00e8?<\/span><\/li>\n<li class=\"gmail_default\"><span style=\"color: #993300;\">Torn obert de dubtes i preguntes.<\/span><\/li>\n<li class=\"gmail_default\"><span style=\"color: #993300;\">Recursos per tenir a casa.<\/span><\/li>\n<\/ul>\n<div><img loading=\"lazy\" decoding=\"async\" class=\"aligncenter size-full wp-image-3529\" src=\"https:\/\/agora.xtec.cat\/escolalatrama\/wp-content\/uploads\/usu518\/2024\/02\/Neus-Millan.jpg\" alt=\"\" width=\"452\" height=\"640\" srcset=\"https:\/\/agora.xtec.cat\/escolalatrama\/wp-content\/uploads\/usu518\/2024\/02\/Neus-Millan.jpg 452w, https:\/\/agora.xtec.cat\/escolalatrama\/wp-content\/uploads\/usu518\/2024\/02\/Neus-Millan-212x300.jpg 212w\" sizes=\"auto, (max-width: 452px) 100vw, 452px\" \/><\/div>\n","protected":false},"excerpt":{"rendered":"<p>El dijous 15 de febrer l&#8217;Escola i l&#8217;AFA van organitzar una xerrada per a totes les fam\u00edlies de La Trama:\u00a0Inf\u00e0ncia i educaci\u00f3 sexual (etapa 3-12 anys),\u00a0a c\u00e0rrec de\u00a0Neus\u00a0Mill\u00e1n.\u00a0Lligada amb les sessions de formaci\u00f3 sexual que pr\u00e8viament s&#8217;havia fet amb els alumnes de 6\u00e8 de l&#8217;escola.<br \/>\nEn&hellip;  <a href=\"https:\/\/agora.xtec.cat\/escolalatrama\/portada\/xerrada-infancia-i-educacio-sexual-neus-millan\/\" title=\"Read Xerrada: &#8220;Inf\u00e0ncia i educaci\u00f3 sexual&#8221; a c\u00e0rrec de Neus Mill\u00e1n\">Llegeix m\u00e9s\u00bb<\/a><\/p>\n","protected":false},"author":5,"featured_media":3531,"comment_status":"closed","ping_status":"closed","sticky":false,"template":"","format":"standard","meta":{"_bbp_topic_count":0,"_bbp_reply_count":0,"_bbp_total_topic_count":0,"_bbp_total_reply_count":0,"_bbp_voice_count":0,"_bbp_anonymous_reply_count":0,"_bbp_topic_count_hidden":0,"_bbp_reply_count_hidden":0,"_bbp_forum_subforum_count":0,"footnotes":""},"categories":[4],"tags":[],"class_list":["post-3528","post","type-post","status-publish","format-standard","has-post-thumbnail","hentry","category-portada"],"post_mailing_queue_ids":[],"_links":{"self":[{"href":"https:\/\/agora.xtec.cat\/escolalatrama\/wp-json\/wp\/v2\/posts\/3528","targetHints":{"allow":["GET"]}}],"collection":[{"href":"https:\/\/agora.xtec.cat\/escolalatrama\/wp-json\/wp\/v2\/posts"}],"about":[{"href":"https:\/\/agora.xtec.cat\/escolalatrama\/wp-json\/wp\/v2\/types\/post"}],"author":[{"embeddable":true,"href":"https:\/\/agora.xtec.cat\/escolalatrama\/wp-json\/wp\/v2\/users\/5"}],"replies":[{"embeddable":true,"href":"https:\/\/agora.xtec.cat\/escolalatrama\/wp-json\/wp\/v2\/comments?post=3528"}],"version-history":[{"count":5,"href":"https:\/\/agora.xtec.cat\/escolalatrama\/wp-json\/wp\/v2\/posts\/3528\/revisions"}],"predecessor-version":[{"id":3540,"href":"https:\/\/agora.xtec.cat\/escolalatrama\/wp-json\/wp\/v2\/posts\/3528\/revisions\/3540"}],"wp:featuredmedia":[{"embeddable":true,"href":"https:\/\/agora.xtec.cat\/escolalatrama\/wp-json\/wp\/v2\/media\/3531"}],"wp:attachment":[{"href":"https:\/\/agora.xtec.cat\/escolalatrama\/wp-json\/wp\/v2\/media?parent=3528"}],"wp:term":[{"taxonomy":"category","embeddable":true,"href":"https:\/\/agora.xtec.cat\/escolalatrama\/wp-json\/wp\/v2\/categories?post=3528"},{"taxonomy":"post_tag","embeddable":true,"href":"https:\/\/agora.xtec.cat\/escolalatrama\/wp-json\/wp\/v2\/tags?post=3528"}],"curies":[{"name":"wp","href":"https:\/\/api.w.org\/{rel}","templated":true}]}}