{"id":9048,"date":"2024-02-29T21:07:51","date_gmt":"2024-02-29T20:07:51","guid":{"rendered":"https:\/\/agora.xtec.cat\/escolalasequia\/?p=9048"},"modified":"2024-03-01T16:06:24","modified_gmt":"2024-03-01T15:06:24","slug":"visita-a-la-casa-de-les-abelles","status":"publish","type":"post","link":"https:\/\/agora.xtec.cat\/escolalasequia\/general\/visita-a-la-casa-de-les-abelles\/","title":{"rendered":"Visita a la Casa de les abelles"},"content":{"rendered":"<div class=\"adn ads\" data-message-id=\"#msg-f:1792167009605848748\" data-legacy-message-id=\"18df0e6661bb0eac\">\n<div class=\"gs\">\n<div class=\"\">\n<div id=\":kk\" class=\"ii gt\">\n<div id=\":kj\" class=\"a3s aiL \">\n<p dir=\"ltr\">Els grups de 2n hem anat a visitar &#8220;LA CASA DE LES ABELLES&#8221;\u00a0<span style=\"color: #000000;\">a Sant Pere de Torell\u00f3.<\/span><\/p>\n<p dir=\"ltr\"><span style=\"color: #000000;\">El\u00a0Ramon\u00a0i la C\u00e8lia, els apicultors, ens han ajudat a con\u00e8ixer l&#8217;apassionant m\u00f3n de les abelles. Ens hem vestit d&#8217;apicultors\/es per visitar l&#8217;arnar i poder veure de molt a prop les abelles i com treballen. Hem conegut la reina, les obreres, els abellots i, fins i tot, hem pogut veure&#8217;n algun naixement!<\/span><\/p>\n<div dir=\"ltr\">\n<p><span style=\"color: #000000;\">Tamb\u00e9 ens han ensenyat el proc\u00e9s d&#8217;extracci\u00f3 de la mel i, entre tots, hem fet girar la centrifugadora per poder endur-nos un pot de mel a casa. Mmmhh&#8230; bon\u00edssima! <\/span>Marxem a casa fascinats\/des amb la feinada que fan les abelles i conven\u00e7uts\/des que les hem de protegir!<\/p>\n<\/div>\n<div dir=\"ltr\"><\/div>\n<div dir=\"ltr\">Cliqueu a la imatge per veure&#8217;n m\u00e9s.<\/div>\n<div dir=\"ltr\"><\/div>\n<div dir=\"ltr\"><a href=\"https:\/\/drive.google.com\/drive\/folders\/1RxGpvLzv7rUzNjRj2Wq6lTNE3ka1Owds\"><img loading=\"lazy\" decoding=\"async\" class=\"\" src=\"https:\/\/agora.xtec.cat\/escolalasequia\/wp-content\/uploads\/usu1282\/2024\/02\/foto-la-casa-de-les-abelles-portada-bloc.jpg\" width=\"308\" height=\"231\" \/><\/a><\/div>\n<div class=\"yj6qo\"><\/div>\n<div class=\"adL\"><\/div>\n<\/div>\n<\/div>\n<div class=\"hi\"><\/div>\n<\/div>\n<\/div>\n<div class=\"ajx\"><\/div>\n<\/div>\n<div class=\"gA gt acV\">\n<div class=\"gB xu\">\n<div class=\"ip iq\">\n<div id=\":kl\"><\/div>\n<\/div>\n<\/div>\n<\/div>\n","protected":false},"excerpt":{"rendered":"<p>Els grups de 2n hem anat a visitar &#8220;LA CASA DE LES ABELLES&#8221;\u00a0a Sant Pere de Torell\u00f3. El\u00a0Ramon\u00a0i la C\u00e8lia, els apicultors, ens han ajudat a con\u00e8ixer l&#8217;apassionant m\u00f3n de les abelles. Ens hem vestit d&#8217;apicultors\/es per visitar l&#8217;arnar i poder veure de molt a prop les abelles i com treballen. Hem conegut la reina, [&hellip;]<\/p>\n","protected":false},"author":27,"featured_media":9053,"comment_status":"open","ping_status":"closed","sticky":false,"template":"","format":"standard","meta":{"_bbp_topic_count":0,"_bbp_reply_count":0,"_bbp_total_topic_count":0,"_bbp_total_reply_count":0,"_bbp_voice_count":0,"_bbp_anonymous_reply_count":0,"_bbp_topic_count_hidden":0,"_bbp_reply_count_hidden":0,"_bbp_forum_subforum_count":0,"site-sidebar-layout":"default","site-content-layout":"","ast-site-content-layout":"","site-content-style":"default","site-sidebar-style":"default","ast-global-header-display":"","ast-banner-title-visibility":"","ast-main-header-display":"","ast-hfb-above-header-display":"","ast-hfb-below-header-display":"","ast-hfb-mobile-header-display":"","site-post-title":"","ast-breadcrumbs-content":"","ast-featured-img":"","footer-sml-layout":"","theme-transparent-header-meta":"","adv-header-id-meta":"","stick-header-meta":"","header-above-stick-meta":"","header-main-stick-meta":"","header-below-stick-meta":"","astra-migrate-meta-layouts":"default","ast-page-background-enabled":"default","ast-page-background-meta":{"desktop":{"background-color":"var(--ast-global-color-4)","background-image":"","background-repeat":"repeat","background-position":"center center","background-size":"auto","background-attachment":"scroll","background-type":"","background-media":"","overlay-type":"","overlay-color":"","overlay-opacity":"","overlay-gradient":""},"tablet":{"background-color":"","background-image":"","background-repeat":"repeat","background-position":"center center","background-size":"auto","background-attachment":"scroll","background-type":"","background-media":"","overlay-type":"","overlay-color":"","overlay-opacity":"","overlay-gradient":""},"mobile":{"background-color":"","background-image":"","background-repeat":"repeat","background-position":"center center","background-size":"auto","background-attachment":"scroll","background-type":"","background-media":"","overlay-type":"","overlay-color":"","overlay-opacity":"","overlay-gradient":""}},"ast-content-background-meta":{"desktop":{"background-color":"var(--ast-global-color-5)","background-image":"","background-repeat":"repeat","background-position":"center center","background-size":"auto","background-attachment":"scroll","background-type":"","background-media":"","overlay-type":"","overlay-color":"","overlay-opacity":"","overlay-gradient":""},"tablet":{"background-color":"var(--ast-global-color-5)","background-image":"","background-repeat":"repeat","background-position":"center center","background-size":"auto","background-attachment":"scroll","background-type":"","background-media":"","overlay-type":"","overlay-color":"","overlay-opacity":"","overlay-gradient":""},"mobile":{"background-color":"var(--ast-global-color-5)","background-image":"","background-repeat":"repeat","background-position":"center center","background-size":"auto","background-attachment":"scroll","background-type":"","background-media":"","overlay-type":"","overlay-color":"","overlay-opacity":"","overlay-gradient":""}},"footnotes":""},"categories":[296,1,4,293],"tags":[99,16],"class_list":["post-9048","post","type-post","status-publish","format-standard","has-post-thumbnail","hentry","category-2n-curs-23-24","category-general","category-portada","category-pri-23-24","tag-coneixement-del-medi-natural","tag-sortides"],"post_mailing_queue_ids":[],"_links":{"self":[{"href":"https:\/\/agora.xtec.cat\/escolalasequia\/wp-json\/wp\/v2\/posts\/9048","targetHints":{"allow":["GET"]}}],"collection":[{"href":"https:\/\/agora.xtec.cat\/escolalasequia\/wp-json\/wp\/v2\/posts"}],"about":[{"href":"https:\/\/agora.xtec.cat\/escolalasequia\/wp-json\/wp\/v2\/types\/post"}],"author":[{"embeddable":true,"href":"https:\/\/agora.xtec.cat\/escolalasequia\/wp-json\/wp\/v2\/users\/27"}],"replies":[{"embeddable":true,"href":"https:\/\/agora.xtec.cat\/escolalasequia\/wp-json\/wp\/v2\/comments?post=9048"}],"version-history":[{"count":6,"href":"https:\/\/agora.xtec.cat\/escolalasequia\/wp-json\/wp\/v2\/posts\/9048\/revisions"}],"predecessor-version":[{"id":9067,"href":"https:\/\/agora.xtec.cat\/escolalasequia\/wp-json\/wp\/v2\/posts\/9048\/revisions\/9067"}],"wp:featuredmedia":[{"embeddable":true,"href":"https:\/\/agora.xtec.cat\/escolalasequia\/wp-json\/wp\/v2\/media\/9053"}],"wp:attachment":[{"href":"https:\/\/agora.xtec.cat\/escolalasequia\/wp-json\/wp\/v2\/media?parent=9048"}],"wp:term":[{"taxonomy":"category","embeddable":true,"href":"https:\/\/agora.xtec.cat\/escolalasequia\/wp-json\/wp\/v2\/categories?post=9048"},{"taxonomy":"post_tag","embeddable":true,"href":"https:\/\/agora.xtec.cat\/escolalasequia\/wp-json\/wp\/v2\/tags?post=9048"}],"curies":[{"name":"wp","href":"https:\/\/api.w.org\/{rel}","templated":true}]}}