{"id":6078,"date":"2021-05-18T14:43:27","date_gmt":"2021-05-18T12:43:27","guid":{"rendered":"http:\/\/agora.xtec.cat\/escolalasequia\/?p=6078"},"modified":"2021-12-29T12:27:09","modified_gmt":"2021-12-29T11:27:09","slug":"activitats-aquatiques-a-vilanova-i-la-geltru","status":"publish","type":"post","link":"https:\/\/agora.xtec.cat\/escolalasequia\/portada\/activitats-aquatiques-a-vilanova-i-la-geltru\/","title":{"rendered":"Activitats aqu\u00e0tiques a Vilanova i la Geltr\u00fa"},"content":{"rendered":"<p>El passat divendres 14 de maig, l&#8217;alumnat de sis\u00e8 de l&#8217;escola va despla\u00e7ar-se fins a Vilanova i la Geltr\u00fa, per realitzar una sortida que fa honor a l&#8217;eix tem\u00e0tic d&#8217;enguany: Activa&#8217;t!<\/p>\n<p>Tot respectant les mesures sanit\u00e0ries i de seguretat, l&#8217;alumnat va poder realitzar amb el seu grup estable de conviv\u00e8ncia, o grup bombolla, diferents activitats aqu\u00e0tiques a la fa\u00e7ana mar\u00edtima. Kayak, paddle surf o big sup, a m\u00e9s de gaudir del plaer de contemplar el mar, trepitjar la sorra i gaudir del sol.<\/p>\n<p>Aqu\u00ed us deixem un recull fotogr\u00e0fic de la sortida (per entrar cliqueu a la seg\u00fcent imatge):<\/p>\n<p><a href=\"https:\/\/photos.app.goo.gl\/Sv9ZpaiRRr1T5cgBA\"><img loading=\"lazy\" decoding=\"async\" class=\"aligncenter size-large\" src=\"https:\/\/lh3.googleusercontent.com\/SKGDsIUuvqAqnvNllQYuR_dDqeRRuTimxVplHG4C5BbaKI6ycrAZuZsij1qgIBPbaxWkAYVYwvSSA4XbRd557ZZxrhPQ_ITdsi8XwSNbRWwTzArV8NZXZXjo-ug7G4rJugKoWAZ1mIRkZZHqHw8iuf23xMA12lTZ47M-7kMk0er5-YNoMIUvJTiGL-gFSq4WPHN21oTa6jYFUcslrY2YS_idxGB7yCe5FlQOkw9-n8u4Rjlm40lWJUx2ewPx25vvfT3Y5apikmybMPPQ7nke-0vZY98GxQJmXVTzz2UzqO6hYUibLxjxCX6keyN34j_BFPcoKzfxVsCCCgmvTVi7y3bZNE-AqbmP24JTYbg4LZMKBTjcR54WiyoXWwLJ6wGvrHPZw7qIoV0TBh83kNWllkjNZa0HnMR4eLq8mNI4XHVl-xos4mAaXRDLXwzAAOoD6nE-818UqveYQ9WC-bB8AFIhlGWEt95ETXr4Fp1x6DTpw04dQhTbqMJX8VGul5K7G-bb5JG_A9ecfbsKOUdISkt7W1NfmqU13uU4ERTOLs8o4DiDXsm_fCmp1JdROhmdhgay0Rttp_Nxriirf1RsD_1SdyRFT-hwSr29zXb5dO7lpgvmGvzlTQF33xRA7p0Uaz_OpZoPvQv9TJ6aRXzob7XImSbI7EKGZHBFCW4lRmRVbETkdaJbn-AH_slf2wM4S-bgE3dbRyxoZ8uGRLqEZL40=w1403-h789-no?authuser=0\" width=\"1403\" height=\"789\" \/><\/a><\/p>\n<p>&nbsp;<\/p>\n<p>&nbsp;<\/p>\n","protected":false},"excerpt":{"rendered":"<p>El passat divendres 14 de maig, l&#8217;alumnat de sis\u00e8 de l&#8217;escola va despla\u00e7ar-se fins a Vilanova i la Geltr\u00fa, per realitzar una sortida que fa honor a l&#8217;eix tem\u00e0tic d&#8217;enguany: Activa&#8217;t! Tot respectant les mesures sanit\u00e0ries i de seguretat, l&#8217;alumnat va poder realitzar amb el seu grup estable de conviv\u00e8ncia, o grup bombolla, diferents activitats [&hellip;]<\/p>\n","protected":false},"author":31,"featured_media":0,"comment_status":"open","ping_status":"closed","sticky":false,"template":"","format":"standard","meta":{"_bbp_topic_count":0,"_bbp_reply_count":0,"_bbp_total_topic_count":0,"_bbp_total_reply_count":0,"_bbp_voice_count":0,"_bbp_anonymous_reply_count":0,"_bbp_topic_count_hidden":0,"_bbp_reply_count_hidden":0,"_bbp_forum_subforum_count":0,"site-sidebar-layout":"default","site-content-layout":"","ast-site-content-layout":"","site-content-style":"default","site-sidebar-style":"default","ast-global-header-display":"","ast-banner-title-visibility":"","ast-main-header-display":"","ast-hfb-above-header-display":"","ast-hfb-below-header-display":"","ast-hfb-mobile-header-display":"","site-post-title":"","ast-breadcrumbs-content":"","ast-featured-img":"","footer-sml-layout":"","theme-transparent-header-meta":"","adv-header-id-meta":"","stick-header-meta":"","header-above-stick-meta":"","header-main-stick-meta":"","header-below-stick-meta":"","astra-migrate-meta-layouts":"default","ast-page-background-enabled":"default","ast-page-background-meta":{"desktop":{"background-color":"var(--ast-global-color-4)","background-image":"","background-repeat":"repeat","background-position":"center center","background-size":"auto","background-attachment":"scroll","background-type":"","background-media":"","overlay-type":"","overlay-color":"","overlay-opacity":"","overlay-gradient":""},"tablet":{"background-color":"","background-image":"","background-repeat":"repeat","background-position":"center center","background-size":"auto","background-attachment":"scroll","background-type":"","background-media":"","overlay-type":"","overlay-color":"","overlay-opacity":"","overlay-gradient":""},"mobile":{"background-color":"","background-image":"","background-repeat":"repeat","background-position":"center center","background-size":"auto","background-attachment":"scroll","background-type":"","background-media":"","overlay-type":"","overlay-color":"","overlay-opacity":"","overlay-gradient":""}},"ast-content-background-meta":{"desktop":{"background-color":"var(--ast-global-color-5)","background-image":"","background-repeat":"repeat","background-position":"center center","background-size":"auto","background-attachment":"scroll","background-type":"","background-media":"","overlay-type":"","overlay-color":"","overlay-opacity":"","overlay-gradient":""},"tablet":{"background-color":"var(--ast-global-color-5)","background-image":"","background-repeat":"repeat","background-position":"center center","background-size":"auto","background-attachment":"scroll","background-type":"","background-media":"","overlay-type":"","overlay-color":"","overlay-opacity":"","overlay-gradient":""},"mobile":{"background-color":"var(--ast-global-color-5)","background-image":"","background-repeat":"repeat","background-position":"center center","background-size":"auto","background-attachment":"scroll","background-type":"","background-media":"","overlay-type":"","overlay-color":"","overlay-opacity":"","overlay-gradient":""}},"footnotes":""},"categories":[211,4],"tags":[80,16],"class_list":["post-6078","post","type-post","status-publish","format-standard","hentry","category-211","category-portada","tag-educacio-fisica","tag-sortides"],"post_mailing_queue_ids":[],"_links":{"self":[{"href":"https:\/\/agora.xtec.cat\/escolalasequia\/wp-json\/wp\/v2\/posts\/6078","targetHints":{"allow":["GET"]}}],"collection":[{"href":"https:\/\/agora.xtec.cat\/escolalasequia\/wp-json\/wp\/v2\/posts"}],"about":[{"href":"https:\/\/agora.xtec.cat\/escolalasequia\/wp-json\/wp\/v2\/types\/post"}],"author":[{"embeddable":true,"href":"https:\/\/agora.xtec.cat\/escolalasequia\/wp-json\/wp\/v2\/users\/31"}],"replies":[{"embeddable":true,"href":"https:\/\/agora.xtec.cat\/escolalasequia\/wp-json\/wp\/v2\/comments?post=6078"}],"version-history":[{"count":3,"href":"https:\/\/agora.xtec.cat\/escolalasequia\/wp-json\/wp\/v2\/posts\/6078\/revisions"}],"predecessor-version":[{"id":6751,"href":"https:\/\/agora.xtec.cat\/escolalasequia\/wp-json\/wp\/v2\/posts\/6078\/revisions\/6751"}],"wp:attachment":[{"href":"https:\/\/agora.xtec.cat\/escolalasequia\/wp-json\/wp\/v2\/media?parent=6078"}],"wp:term":[{"taxonomy":"category","embeddable":true,"href":"https:\/\/agora.xtec.cat\/escolalasequia\/wp-json\/wp\/v2\/categories?post=6078"},{"taxonomy":"post_tag","embeddable":true,"href":"https:\/\/agora.xtec.cat\/escolalasequia\/wp-json\/wp\/v2\/tags?post=6078"}],"curies":[{"name":"wp","href":"https:\/\/api.w.org\/{rel}","templated":true}]}}