{"id":2517,"date":"2019-03-21T14:12:17","date_gmt":"2019-03-21T13:12:17","guid":{"rendered":"http:\/\/agora.xtec.cat\/escolalasequia\/?p=2517"},"modified":"2019-03-21T14:12:17","modified_gmt":"2019-03-21T13:12:17","slug":"observem-larribada-de-la-primavera","status":"publish","type":"post","link":"https:\/\/agora.xtec.cat\/escolalasequia\/ep-18-19\/6e-18-19\/observem-larribada-de-la-primavera\/","title":{"rendered":"Observem l&#8217;arribada de la primavera"},"content":{"rendered":"<p>Coincidint amb l&#8217;equinocci de la primavera, i lligat a tot el treball realitzat sobre els moviments de rotaci\u00f3 i translaci\u00f3 de la Terra, l&#8217;alumnat de sis\u00e8 surt al pati per comprovar amb la nostra Terra Paral\u00b7lela quins canvis s&#8217;han donat des de la darrera observaci\u00f3 (que va ser pel solstici d&#8217;hivern).<\/p>\n<p>Hem observat la durada del dia i la nit, l&#8217;evoluci\u00f3 de les ombres i la incid\u00e8ncia dels rajos solars. Us deixem fotos de l&#8217;activitat:<\/p>\n<p style=\"text-align: center;\"><a href=\"https:\/\/photos.app.goo.gl\/yZ3fED6k14BFDGwz7\"><img loading=\"lazy\" decoding=\"async\" class=\"alignnone size-large\" src=\"https:\/\/lh3.googleusercontent.com\/WR6fygGoLbdWZ_rtyUNkFQZ5aSGSqVr7g0GZnJANhCLmHFB799G4t0rDuVgY_zzpki-GGDK32Gm707YtbYxe6C7chIfV1O6naBgNibn1IxndH6zgD6045_RgQO2AzoTSip394RWAV5jK9cZTYX5nWWSRqAcOcnFMbEbP491zidb8a6jqVpEtQ7UPPiIQ7eOWgTX-ZTCQm81jNX9k865zlmRcLCvWZiMVjiki3H7SqAWWOwuVUTRcUal9jEW7L5radH7bJUYI7nG-tRGqAJvqqdh8ACFGq-ugksILLjCutLyACZKN2MEC9AkRemobbeU9nUUzGloxXQkSsn8DqPwdiFDcTmO29O1Fjj9T43Buz2O29bWj2Wf7csTH4SVTc2Fl24vAyA_Gg9YYla5t506ESoSUwuL4r65-zE1p19YMJmcV4CDnPDuG9IADKqlAZ0bu4ez0SphEZRxGItWo3W-d_LwECjNMJ6EAbUvxWvx-jQ5Zk1N3BFKSmFe6qD0IqCAEZ6rJN9BfI40iMqTsbkONyfeJx6Aasec8vraphmGim_oLAiJ6KWY5mupTpnK0EpTEDrxM6ZnijT8un5hK1d9x8fLKieBSnYqDDfe4UtWBpuCI5QzBBaSN1av_mAbdnis0VddjcbVySwc7Z6VW9f06a1MTwFEUVVs=w408-h306-no\" width=\"408\" height=\"306\" \/><\/a><\/p>\n<p>&nbsp;<\/p>\n","protected":false},"excerpt":{"rendered":"<p>Coincidint amb l&#8217;equinocci de la primavera, i lligat a tot el treball realitzat sobre els moviments de rotaci\u00f3 i translaci\u00f3 de la Terra, l&#8217;alumnat de sis\u00e8 surt al pati per comprovar amb la nostra Terra Paral\u00b7lela quins canvis s&#8217;han donat des de la darrera observaci\u00f3 (que va ser pel solstici d&#8217;hivern). Hem observat la durada [&hellip;]<\/p>\n","protected":false},"author":31,"featured_media":0,"comment_status":"open","ping_status":"closed","sticky":false,"template":"","format":"standard","meta":{"_bbp_topic_count":0,"_bbp_reply_count":0,"_bbp_total_topic_count":0,"_bbp_total_reply_count":0,"_bbp_voice_count":0,"_bbp_anonymous_reply_count":0,"_bbp_topic_count_hidden":0,"_bbp_reply_count_hidden":0,"_bbp_forum_subforum_count":0,"site-sidebar-layout":"default","site-content-layout":"","ast-site-content-layout":"","site-content-style":"default","site-sidebar-style":"default","ast-global-header-display":"","ast-banner-title-visibility":"","ast-main-header-display":"","ast-hfb-above-header-display":"","ast-hfb-below-header-display":"","ast-hfb-mobile-header-display":"","site-post-title":"","ast-breadcrumbs-content":"","ast-featured-img":"","footer-sml-layout":"","theme-transparent-header-meta":"","adv-header-id-meta":"","stick-header-meta":"","header-above-stick-meta":"","header-main-stick-meta":"","header-below-stick-meta":"","astra-migrate-meta-layouts":"default","ast-page-background-enabled":"default","ast-page-background-meta":{"desktop":{"background-color":"var(--ast-global-color-4)","background-image":"","background-repeat":"repeat","background-position":"center center","background-size":"auto","background-attachment":"scroll","background-type":"","background-media":"","overlay-type":"","overlay-color":"","overlay-opacity":"","overlay-gradient":""},"tablet":{"background-color":"","background-image":"","background-repeat":"repeat","background-position":"center center","background-size":"auto","background-attachment":"scroll","background-type":"","background-media":"","overlay-type":"","overlay-color":"","overlay-opacity":"","overlay-gradient":""},"mobile":{"background-color":"","background-image":"","background-repeat":"repeat","background-position":"center center","background-size":"auto","background-attachment":"scroll","background-type":"","background-media":"","overlay-type":"","overlay-color":"","overlay-opacity":"","overlay-gradient":""}},"ast-content-background-meta":{"desktop":{"background-color":"var(--ast-global-color-5)","background-image":"","background-repeat":"repeat","background-position":"center center","background-size":"auto","background-attachment":"scroll","background-type":"","background-media":"","overlay-type":"","overlay-color":"","overlay-opacity":"","overlay-gradient":""},"tablet":{"background-color":"var(--ast-global-color-5)","background-image":"","background-repeat":"repeat","background-position":"center center","background-size":"auto","background-attachment":"scroll","background-type":"","background-media":"","overlay-type":"","overlay-color":"","overlay-opacity":"","overlay-gradient":""},"mobile":{"background-color":"var(--ast-global-color-5)","background-image":"","background-repeat":"repeat","background-position":"center center","background-size":"auto","background-attachment":"scroll","background-type":"","background-media":"","overlay-type":"","overlay-color":"","overlay-opacity":"","overlay-gradient":""}},"footnotes":""},"categories":[127],"tags":[99,149],"class_list":["post-2517","post","type-post","status-publish","format-standard","hentry","category-6e-18-19","tag-coneixement-del-medi-natural","tag-terra-parallela"],"post_mailing_queue_ids":[],"_links":{"self":[{"href":"https:\/\/agora.xtec.cat\/escolalasequia\/wp-json\/wp\/v2\/posts\/2517","targetHints":{"allow":["GET"]}}],"collection":[{"href":"https:\/\/agora.xtec.cat\/escolalasequia\/wp-json\/wp\/v2\/posts"}],"about":[{"href":"https:\/\/agora.xtec.cat\/escolalasequia\/wp-json\/wp\/v2\/types\/post"}],"author":[{"embeddable":true,"href":"https:\/\/agora.xtec.cat\/escolalasequia\/wp-json\/wp\/v2\/users\/31"}],"replies":[{"embeddable":true,"href":"https:\/\/agora.xtec.cat\/escolalasequia\/wp-json\/wp\/v2\/comments?post=2517"}],"version-history":[{"count":1,"href":"https:\/\/agora.xtec.cat\/escolalasequia\/wp-json\/wp\/v2\/posts\/2517\/revisions"}],"predecessor-version":[{"id":2518,"href":"https:\/\/agora.xtec.cat\/escolalasequia\/wp-json\/wp\/v2\/posts\/2517\/revisions\/2518"}],"wp:attachment":[{"href":"https:\/\/agora.xtec.cat\/escolalasequia\/wp-json\/wp\/v2\/media?parent=2517"}],"wp:term":[{"taxonomy":"category","embeddable":true,"href":"https:\/\/agora.xtec.cat\/escolalasequia\/wp-json\/wp\/v2\/categories?post=2517"},{"taxonomy":"post_tag","embeddable":true,"href":"https:\/\/agora.xtec.cat\/escolalasequia\/wp-json\/wp\/v2\/tags?post=2517"}],"curies":[{"name":"wp","href":"https:\/\/api.w.org\/{rel}","templated":true}]}}