{"id":1484,"date":"2018-05-30T21:46:15","date_gmt":"2018-05-30T19:46:15","guid":{"rendered":"http:\/\/agora.xtec.cat\/escolalasequia\/?p=1484"},"modified":"2018-06-17T21:37:28","modified_gmt":"2018-06-17T19:37:28","slug":"els-alumnes-de-5e-participen-del-programa-aula-taronja","status":"publish","type":"post","link":"https:\/\/agora.xtec.cat\/escolalasequia\/primaria-17-18\/5e\/els-alumnes-de-5e-participen-del-programa-aula-taronja\/","title":{"rendered":"Els alumnes de 5\u00e8 participen del programa Aula Taronja"},"content":{"rendered":"<p>El passat dimecres 30 de maig, la periodista manresana Pilar Go\u00f1i va visitar l&#8217;escola La S\u00e8quia. A llarg de dues hores, va fer una xerrada sobre mitjans de comunicaci\u00f3 i va respondre a totes les preguntes que li van formular els alumnes de cinqu\u00e8.<\/p>\n<p>Aquesta activitat, que va ser enregistrada per les c\u00e0meres de Canal Taronja, ha servit per editar dos programes de l\u2019espai Aula\u00a0Taronja.<\/p>\n<p>Us deixem l&#8217;enlla\u00e7 al primer dels dos programes:<\/p>\n<p>&nbsp;<\/p>\n<div class=\"ast-oembed-container \" style=\"height: 100%;\"><iframe loading=\"lazy\" title=\"Aula Taronja - 15\/6\/2018 - La periodista Pilar Go\u00f1i parla de comunicaci\u00f3 a l\u2019Escola La S\u00e8quia\" width=\"500\" height=\"281\" src=\"https:\/\/www.youtube.com\/embed\/qsO7ScFXhi8?feature=oembed\" frameborder=\"0\" allow=\"accelerometer; autoplay; clipboard-write; encrypted-media; gyroscope; picture-in-picture; web-share\" referrerpolicy=\"strict-origin-when-cross-origin\" allowfullscreen><\/iframe><\/div>\n<p>Tamb\u00e9 us deixem amb algunes imatges de l&#8217;activitat:<\/p>\n<p><a href=\"https:\/\/photos.app.goo.gl\/YOt0HttVTHf1qrwx2\"><img loading=\"lazy\" decoding=\"async\" class=\"alignnone size-large\" src=\"https:\/\/lh3.googleusercontent.com\/yCjQhnPzns7ZWzxQanHrv-73tNwE4aKQbk3uFajT_vvqHXcPK-RBm9s9k2ugdLUmJ4OZ0DMzqUfN7crJaqpHhfaIBECBsp1d8GLZgsXGwTgrRlluUs7k_lVFZHSR_3XsosP_uulbmxVQ2vFz_8vmfOCkBq0MRrqM2vOsapGO5ODNBauMlkQKFo11mRswth3vnsYwezXrAMHCKgUI-Z6RFFrz7gKn_RYeJEVxb3Foj4-FsBDCODJUEHhw5DlsfVIXM7KCMuQd5CUYKqGZb5W_55Rg4e0s0sarHEDlPlYwbJXVOn16Ssa32qNxO4hQeNHhyRzCfF-BSEA6lxIi5rRH-OX9f-KgZNFJdfC3aJQRBUSr7zLQg1T6SAL1hF7hJ24gr7nmoDr34DU_pxIM9NN3GxVCsSyWGj-BCVl05ulRSir1aqbJeUz3ELatrVGKX4k9dGii8aRZDvccmghYvx3tugU5vjaHlClbtH8Tue4Zpa9mLS1KXzmiv3jYq2rg6tB8ROuUDJn8lTWonTalKTCFLG-6chLMAFu6s29FwNeHGPjm8eAzUb6Y0UsZvLzJv29kzekS-bvKHXqlxsrkq1320JhuYVKk6ur3jmDhVTw=w1102-h826-no\" width=\"1102\" height=\"826\" \/><\/a><\/p>\n","protected":false},"excerpt":{"rendered":"<p>El passat dimecres 30 de maig, la periodista manresana Pilar Go\u00f1i va visitar l&#8217;escola La S\u00e8quia. A llarg de dues hores, va fer una xerrada sobre mitjans de comunicaci\u00f3 i va respondre a totes les preguntes que li van formular els alumnes de cinqu\u00e8. Aquesta activitat, que va ser enregistrada per les c\u00e0meres de Canal [&hellip;]<\/p>\n","protected":false},"author":31,"featured_media":0,"comment_status":"open","ping_status":"closed","sticky":false,"template":"","format":"standard","meta":{"_bbp_topic_count":0,"_bbp_reply_count":0,"_bbp_total_topic_count":0,"_bbp_total_reply_count":0,"_bbp_voice_count":0,"_bbp_anonymous_reply_count":0,"_bbp_topic_count_hidden":0,"_bbp_reply_count_hidden":0,"_bbp_forum_subforum_count":0,"site-sidebar-layout":"default","site-content-layout":"","ast-site-content-layout":"","site-content-style":"default","site-sidebar-style":"default","ast-global-header-display":"","ast-banner-title-visibility":"","ast-main-header-display":"","ast-hfb-above-header-display":"","ast-hfb-below-header-display":"","ast-hfb-mobile-header-display":"","site-post-title":"","ast-breadcrumbs-content":"","ast-featured-img":"","footer-sml-layout":"","theme-transparent-header-meta":"","adv-header-id-meta":"","stick-header-meta":"","header-above-stick-meta":"","header-main-stick-meta":"","header-below-stick-meta":"","astra-migrate-meta-layouts":"default","ast-page-background-enabled":"default","ast-page-background-meta":{"desktop":{"background-color":"var(--ast-global-color-4)","background-image":"","background-repeat":"repeat","background-position":"center center","background-size":"auto","background-attachment":"scroll","background-type":"","background-media":"","overlay-type":"","overlay-color":"","overlay-opacity":"","overlay-gradient":""},"tablet":{"background-color":"","background-image":"","background-repeat":"repeat","background-position":"center center","background-size":"auto","background-attachment":"scroll","background-type":"","background-media":"","overlay-type":"","overlay-color":"","overlay-opacity":"","overlay-gradient":""},"mobile":{"background-color":"","background-image":"","background-repeat":"repeat","background-position":"center center","background-size":"auto","background-attachment":"scroll","background-type":"","background-media":"","overlay-type":"","overlay-color":"","overlay-opacity":"","overlay-gradient":""}},"ast-content-background-meta":{"desktop":{"background-color":"var(--ast-global-color-5)","background-image":"","background-repeat":"repeat","background-position":"center center","background-size":"auto","background-attachment":"scroll","background-type":"","background-media":"","overlay-type":"","overlay-color":"","overlay-opacity":"","overlay-gradient":""},"tablet":{"background-color":"var(--ast-global-color-5)","background-image":"","background-repeat":"repeat","background-position":"center center","background-size":"auto","background-attachment":"scroll","background-type":"","background-media":"","overlay-type":"","overlay-color":"","overlay-opacity":"","overlay-gradient":""},"mobile":{"background-color":"var(--ast-global-color-5)","background-image":"","background-repeat":"repeat","background-position":"center center","background-size":"auto","background-attachment":"scroll","background-type":"","background-media":"","overlay-type":"","overlay-color":"","overlay-opacity":"","overlay-gradient":""}},"footnotes":""},"categories":[14],"tags":[89],"class_list":["post-1484","post","type-post","status-publish","format-standard","hentry","category-5e","tag-activitats-aula"],"post_mailing_queue_ids":[],"_links":{"self":[{"href":"https:\/\/agora.xtec.cat\/escolalasequia\/wp-json\/wp\/v2\/posts\/1484","targetHints":{"allow":["GET"]}}],"collection":[{"href":"https:\/\/agora.xtec.cat\/escolalasequia\/wp-json\/wp\/v2\/posts"}],"about":[{"href":"https:\/\/agora.xtec.cat\/escolalasequia\/wp-json\/wp\/v2\/types\/post"}],"author":[{"embeddable":true,"href":"https:\/\/agora.xtec.cat\/escolalasequia\/wp-json\/wp\/v2\/users\/31"}],"replies":[{"embeddable":true,"href":"https:\/\/agora.xtec.cat\/escolalasequia\/wp-json\/wp\/v2\/comments?post=1484"}],"version-history":[{"count":3,"href":"https:\/\/agora.xtec.cat\/escolalasequia\/wp-json\/wp\/v2\/posts\/1484\/revisions"}],"predecessor-version":[{"id":1551,"href":"https:\/\/agora.xtec.cat\/escolalasequia\/wp-json\/wp\/v2\/posts\/1484\/revisions\/1551"}],"wp:attachment":[{"href":"https:\/\/agora.xtec.cat\/escolalasequia\/wp-json\/wp\/v2\/media?parent=1484"}],"wp:term":[{"taxonomy":"category","embeddable":true,"href":"https:\/\/agora.xtec.cat\/escolalasequia\/wp-json\/wp\/v2\/categories?post=1484"},{"taxonomy":"post_tag","embeddable":true,"href":"https:\/\/agora.xtec.cat\/escolalasequia\/wp-json\/wp\/v2\/tags?post=1484"}],"curies":[{"name":"wp","href":"https:\/\/api.w.org\/{rel}","templated":true}]}}