{"id":1294,"date":"2018-04-23T12:59:55","date_gmt":"2018-04-23T10:59:55","guid":{"rendered":"http:\/\/agora.xtec.cat\/escolalasequia\/?p=1294"},"modified":"2018-05-16T13:16:36","modified_gmt":"2018-05-16T11:16:36","slug":"proclamacio-hereuo-i-pubillona-2018","status":"publish","type":"post","link":"https:\/\/agora.xtec.cat\/escolalasequia\/portada\/proclamacio-hereuo-i-pubillona-2018\/","title":{"rendered":"PROCLAMACI\u00d3 HEREU\u00d3 I PUBILLONA 2018"},"content":{"rendered":"<p>Com ja \u00e9s tradici\u00f3 des de fa sis anys, avui, Diada de Sant Jordi, s&#8217;ha proclamat l&#8217;<strong>Hereu\u00f3<\/strong> i<strong> Pubillona<\/strong> de La S\u00e8quia 2018.<\/p>\n<p>Han tingut\u00a0a b\u00e9 d&#8217;acompanyar-nos la Pubilla i l&#8217;Hereu de la Ciutat d&#8217;enguany, aix\u00ed com en Josep Purt\u00ed (del Foment del Pubillatge de Manresa) i en David Garriga, Hereu de Manresa 2012, que \u00e9s el nostre padr\u00ed i la persona que ens va introduir a celebrar aquesta tradici\u00f3.<\/p>\n<p><a href=\"http:\/\/agora.xtec.cat\/escolalasequia\/wp-content\/uploads\/usu1282\/2018\/04\/IMG_6974.jpg\"><img loading=\"lazy\" decoding=\"async\" class=\"alignnone size-large wp-image-1295\" src=\"http:\/\/agora.xtec.cat\/escolalasequia\/wp-content\/uploads\/usu1282\/2018\/04\/IMG_6974-1024x768.jpg\" alt=\"\" width=\"1024\" height=\"768\" srcset=\"https:\/\/agora.xtec.cat\/escolalasequia\/wp-content\/uploads\/usu1282\/2018\/04\/IMG_6974-1024x768.jpg 1024w, https:\/\/agora.xtec.cat\/escolalasequia\/wp-content\/uploads\/usu1282\/2018\/04\/IMG_6974-300x225.jpg 300w, https:\/\/agora.xtec.cat\/escolalasequia\/wp-content\/uploads\/usu1282\/2018\/04\/IMG_6974-768x576.jpg 768w, https:\/\/agora.xtec.cat\/escolalasequia\/wp-content\/uploads\/usu1282\/2018\/04\/IMG_6974-200x150.jpg 200w\" sizes=\"auto, (max-width: 1024px) 100vw, 1024px\" \/><\/a><\/p>\n<p>A partir d&#8217;avui tindran l&#8217;honor de representar-nos la <strong>Martina Catll\u00e0 Clotet<\/strong> i en <strong>Joan Santaeul\u00e0lia Art\u00e1zcoz<\/strong>, que fins a final de curs estaran acompanyats per la Marina Gubianas P\u00e9rez i en Marcel Palacios Carneiro, que ho s\u00f3n del 2017.<\/p>\n","protected":false},"excerpt":{"rendered":"<p>Com ja \u00e9s tradici\u00f3 des de fa sis anys, avui, Diada de Sant Jordi, s&#8217;ha proclamat l&#8217;Hereu\u00f3 i Pubillona de La S\u00e8quia 2018. Han tingut\u00a0a b\u00e9 d&#8217;acompanyar-nos la Pubilla i l&#8217;Hereu de la Ciutat d&#8217;enguany, aix\u00ed com en Josep Purt\u00ed (del Foment del Pubillatge de Manresa) i en David Garriga, Hereu de Manresa 2012, que [&hellip;]<\/p>\n","protected":false},"author":31,"featured_media":1295,"comment_status":"open","ping_status":"closed","sticky":false,"template":"","format":"standard","meta":{"_bbp_topic_count":0,"_bbp_reply_count":0,"_bbp_total_topic_count":0,"_bbp_total_reply_count":0,"_bbp_voice_count":0,"_bbp_anonymous_reply_count":0,"_bbp_topic_count_hidden":0,"_bbp_reply_count_hidden":0,"_bbp_forum_subforum_count":0,"site-sidebar-layout":"default","site-content-layout":"","ast-site-content-layout":"","site-content-style":"default","site-sidebar-style":"default","ast-global-header-display":"","ast-banner-title-visibility":"","ast-main-header-display":"","ast-hfb-above-header-display":"","ast-hfb-below-header-display":"","ast-hfb-mobile-header-display":"","site-post-title":"","ast-breadcrumbs-content":"","ast-featured-img":"","footer-sml-layout":"","theme-transparent-header-meta":"","adv-header-id-meta":"","stick-header-meta":"","header-above-stick-meta":"","header-main-stick-meta":"","header-below-stick-meta":"","astra-migrate-meta-layouts":"default","ast-page-background-enabled":"default","ast-page-background-meta":{"desktop":{"background-color":"var(--ast-global-color-4)","background-image":"","background-repeat":"repeat","background-position":"center center","background-size":"auto","background-attachment":"scroll","background-type":"","background-media":"","overlay-type":"","overlay-color":"","overlay-opacity":"","overlay-gradient":""},"tablet":{"background-color":"","background-image":"","background-repeat":"repeat","background-position":"center center","background-size":"auto","background-attachment":"scroll","background-type":"","background-media":"","overlay-type":"","overlay-color":"","overlay-opacity":"","overlay-gradient":""},"mobile":{"background-color":"","background-image":"","background-repeat":"repeat","background-position":"center center","background-size":"auto","background-attachment":"scroll","background-type":"","background-media":"","overlay-type":"","overlay-color":"","overlay-opacity":"","overlay-gradient":""}},"ast-content-background-meta":{"desktop":{"background-color":"var(--ast-global-color-5)","background-image":"","background-repeat":"repeat","background-position":"center center","background-size":"auto","background-attachment":"scroll","background-type":"","background-media":"","overlay-type":"","overlay-color":"","overlay-opacity":"","overlay-gradient":""},"tablet":{"background-color":"var(--ast-global-color-5)","background-image":"","background-repeat":"repeat","background-position":"center center","background-size":"auto","background-attachment":"scroll","background-type":"","background-media":"","overlay-type":"","overlay-color":"","overlay-opacity":"","overlay-gradient":""},"mobile":{"background-color":"var(--ast-global-color-5)","background-image":"","background-repeat":"repeat","background-position":"center center","background-size":"auto","background-attachment":"scroll","background-type":"","background-media":"","overlay-type":"","overlay-color":"","overlay-opacity":"","overlay-gradient":""}},"footnotes":""},"categories":[14,15,4],"tags":[106,105],"class_list":["post-1294","post","type-post","status-publish","format-standard","has-post-thumbnail","hentry","category-5e","category-6e","category-portada","tag-hereuo-i-pubillona","tag-sant-jordi"],"post_mailing_queue_ids":[],"_links":{"self":[{"href":"https:\/\/agora.xtec.cat\/escolalasequia\/wp-json\/wp\/v2\/posts\/1294","targetHints":{"allow":["GET"]}}],"collection":[{"href":"https:\/\/agora.xtec.cat\/escolalasequia\/wp-json\/wp\/v2\/posts"}],"about":[{"href":"https:\/\/agora.xtec.cat\/escolalasequia\/wp-json\/wp\/v2\/types\/post"}],"author":[{"embeddable":true,"href":"https:\/\/agora.xtec.cat\/escolalasequia\/wp-json\/wp\/v2\/users\/31"}],"replies":[{"embeddable":true,"href":"https:\/\/agora.xtec.cat\/escolalasequia\/wp-json\/wp\/v2\/comments?post=1294"}],"version-history":[{"count":2,"href":"https:\/\/agora.xtec.cat\/escolalasequia\/wp-json\/wp\/v2\/posts\/1294\/revisions"}],"predecessor-version":[{"id":1383,"href":"https:\/\/agora.xtec.cat\/escolalasequia\/wp-json\/wp\/v2\/posts\/1294\/revisions\/1383"}],"wp:featuredmedia":[{"embeddable":true,"href":"https:\/\/agora.xtec.cat\/escolalasequia\/wp-json\/wp\/v2\/media\/1295"}],"wp:attachment":[{"href":"https:\/\/agora.xtec.cat\/escolalasequia\/wp-json\/wp\/v2\/media?parent=1294"}],"wp:term":[{"taxonomy":"category","embeddable":true,"href":"https:\/\/agora.xtec.cat\/escolalasequia\/wp-json\/wp\/v2\/categories?post=1294"},{"taxonomy":"post_tag","embeddable":true,"href":"https:\/\/agora.xtec.cat\/escolalasequia\/wp-json\/wp\/v2\/tags?post=1294"}],"curies":[{"name":"wp","href":"https:\/\/api.w.org\/{rel}","templated":true}]}}