{"id":11007,"date":"2026-04-25T22:06:44","date_gmt":"2026-04-25T20:06:44","guid":{"rendered":"https:\/\/agora.xtec.cat\/escolalasequia\/?p=11007"},"modified":"2026-04-25T22:06:44","modified_gmt":"2026-04-25T20:06:44","slug":"ens-visita-lescriptora-cinta-arasa","status":"publish","type":"post","link":"https:\/\/agora.xtec.cat\/escolalasequia\/general\/ens-visita-lescriptora-cinta-arasa\/","title":{"rendered":"Ens visita l&#8217;escriptora Cinta Arasa"},"content":{"rendered":"<p style=\"text-align: left;\">Aquest divendres 24 d&#8217;abril hem gaudit d&#8217;una visita molt especial, l&#8217;escriptora Cinta Arasa! \u00c9s l&#8217;autora del llibre &#8220;El dia que les onades em van entrar a la panxa&#8221;, un conte preci\u00f3s, amb il\u2022lustracions de Joan Tutu, que explica la hist\u00f2ria de l&#8217;Aran, una nena que viu un estiu fant\u00e0stic i experimenta emocions noves que mai no havia sentit&#8230;Amb aquesta lectura hem pogut parlar de les nostres pr\u00f2pies experi\u00e8ncies i emocions.<\/p>\n<p>La Cinta ens ha explicat de manera molt amena els seus inicis com a escriptora, quins h\u00e0bits segueix com a escriptora a l&#8217;hora d&#8217;escriure hist\u00f2ries, etc. Responent a totes les preguntes que els nens i nenes de primer havien preparat pr\u00e8viament amb molt d&#8217;inter\u00e8s. Finalment, boli en m\u00e0, la Cinta Arasa ha dedicat i signat, tots i cada un dels llibres dels alumnes.<\/p>\n<p>Moltes gr\u00e0cies Cinta Arasa!<\/p>\n<p>Cliqueu el llibre per veure les fotos de la visita:<\/p>\n<p><em><a href=\"https:\/\/drive.google.com\/drive\/folders\/1NyQ8At5XP22nGBBsa1B11zH_iHMJH93v\"><img loading=\"lazy\" decoding=\"async\" class=\"alignnone size-full wp-image-11008\" src=\"https:\/\/agora.xtec.cat\/escolalasequia\/wp-content\/uploads\/usu1282\/2026\/04\/images.jpeg\" alt=\"\" width=\"290\" height=\"458\" srcset=\"https:\/\/agora.xtec.cat\/escolalasequia\/wp-content\/uploads\/usu1282\/2026\/04\/images.jpeg 290w, https:\/\/agora.xtec.cat\/escolalasequia\/wp-content\/uploads\/usu1282\/2026\/04\/images-190x300.jpeg 190w\" sizes=\"auto, (max-width: 290px) 100vw, 290px\" \/><\/a><\/em><\/p>\n<p>&nbsp;<\/p>\n","protected":false},"excerpt":{"rendered":"<p>Aquest divendres 24 d&#8217;abril hem gaudit d&#8217;una visita molt especial, l&#8217;escriptora Cinta Arasa! \u00c9s l&#8217;autora del llibre &#8220;El dia que les onades em van entrar a la panxa&#8221;, un conte preci\u00f3s, amb il\u2022lustracions de Joan Tutu, que explica la hist\u00f2ria de l&#8217;Aran, una nena que viu un estiu fant\u00e0stic i experimenta emocions noves que mai [&hellip;]<\/p>\n","protected":false},"author":66,"featured_media":11008,"comment_status":"open","ping_status":"open","sticky":false,"template":"","format":"standard","meta":{"_bbp_topic_count":0,"_bbp_reply_count":0,"_bbp_total_topic_count":0,"_bbp_total_reply_count":0,"_bbp_voice_count":0,"_bbp_anonymous_reply_count":0,"_bbp_topic_count_hidden":0,"_bbp_reply_count_hidden":0,"_bbp_forum_subforum_count":0,"site-sidebar-layout":"default","site-content-layout":"","ast-site-content-layout":"default","site-content-style":"default","site-sidebar-style":"default","ast-global-header-display":"","ast-banner-title-visibility":"","ast-main-header-display":"","ast-hfb-above-header-display":"","ast-hfb-below-header-display":"","ast-hfb-mobile-header-display":"","site-post-title":"","ast-breadcrumbs-content":"","ast-featured-img":"","footer-sml-layout":"","theme-transparent-header-meta":"default","adv-header-id-meta":"","stick-header-meta":"","header-above-stick-meta":"","header-main-stick-meta":"","header-below-stick-meta":"","astra-migrate-meta-layouts":"set","ast-page-background-enabled":"default","ast-page-background-meta":{"desktop":{"background-color":"var(--ast-global-color-4)","background-image":"","background-repeat":"repeat","background-position":"center center","background-size":"auto","background-attachment":"scroll","background-type":"","background-media":"","overlay-type":"","overlay-color":"","overlay-opacity":"","overlay-gradient":""},"tablet":{"background-color":"","background-image":"","background-repeat":"repeat","background-position":"center center","background-size":"auto","background-attachment":"scroll","background-type":"","background-media":"","overlay-type":"","overlay-color":"","overlay-opacity":"","overlay-gradient":""},"mobile":{"background-color":"","background-image":"","background-repeat":"repeat","background-position":"center center","background-size":"auto","background-attachment":"scroll","background-type":"","background-media":"","overlay-type":"","overlay-color":"","overlay-opacity":"","overlay-gradient":""}},"ast-content-background-meta":{"desktop":{"background-color":"var(--ast-global-color-5)","background-image":"","background-repeat":"repeat","background-position":"center center","background-size":"auto","background-attachment":"scroll","background-type":"","background-media":"","overlay-type":"","overlay-color":"","overlay-opacity":"","overlay-gradient":""},"tablet":{"background-color":"var(--ast-global-color-5)","background-image":"","background-repeat":"repeat","background-position":"center center","background-size":"auto","background-attachment":"scroll","background-type":"","background-media":"","overlay-type":"","overlay-color":"","overlay-opacity":"","overlay-gradient":""},"mobile":{"background-color":"var(--ast-global-color-5)","background-image":"","background-repeat":"repeat","background-position":"center center","background-size":"auto","background-attachment":"scroll","background-type":"","background-media":"","overlay-type":"","overlay-color":"","overlay-opacity":"","overlay-gradient":""}},"footnotes":""},"categories":[343,1,4,335],"tags":[],"class_list":["post-11007","post","type-post","status-publish","format-standard","has-post-thumbnail","hentry","category-1r-curs-25-26","category-general","category-portada","category-pri-25-26"],"post_mailing_queue_ids":[],"_links":{"self":[{"href":"https:\/\/agora.xtec.cat\/escolalasequia\/wp-json\/wp\/v2\/posts\/11007","targetHints":{"allow":["GET"]}}],"collection":[{"href":"https:\/\/agora.xtec.cat\/escolalasequia\/wp-json\/wp\/v2\/posts"}],"about":[{"href":"https:\/\/agora.xtec.cat\/escolalasequia\/wp-json\/wp\/v2\/types\/post"}],"author":[{"embeddable":true,"href":"https:\/\/agora.xtec.cat\/escolalasequia\/wp-json\/wp\/v2\/users\/66"}],"replies":[{"embeddable":true,"href":"https:\/\/agora.xtec.cat\/escolalasequia\/wp-json\/wp\/v2\/comments?post=11007"}],"version-history":[{"count":1,"href":"https:\/\/agora.xtec.cat\/escolalasequia\/wp-json\/wp\/v2\/posts\/11007\/revisions"}],"predecessor-version":[{"id":11009,"href":"https:\/\/agora.xtec.cat\/escolalasequia\/wp-json\/wp\/v2\/posts\/11007\/revisions\/11009"}],"wp:featuredmedia":[{"embeddable":true,"href":"https:\/\/agora.xtec.cat\/escolalasequia\/wp-json\/wp\/v2\/media\/11008"}],"wp:attachment":[{"href":"https:\/\/agora.xtec.cat\/escolalasequia\/wp-json\/wp\/v2\/media?parent=11007"}],"wp:term":[{"taxonomy":"category","embeddable":true,"href":"https:\/\/agora.xtec.cat\/escolalasequia\/wp-json\/wp\/v2\/categories?post=11007"},{"taxonomy":"post_tag","embeddable":true,"href":"https:\/\/agora.xtec.cat\/escolalasequia\/wp-json\/wp\/v2\/tags?post=11007"}],"curies":[{"name":"wp","href":"https:\/\/api.w.org\/{rel}","templated":true}]}}