{"id":26433,"date":"2026-09-02T13:23:49","date_gmt":"2026-09-02T11:23:49","guid":{"rendered":"https:\/\/agora.xtec.cat\/escolalaguardia\/?p=26433"},"modified":"2026-09-02T13:24:56","modified_gmt":"2026-09-02T11:24:56","slug":"comencem-informacio-i-dossier-dinici-de-curs","status":"publish","type":"post","link":"https:\/\/agora.xtec.cat\/escolalaguardia\/general\/comencem-informacio-i-dossier-dinici-de-curs\/","title":{"rendered":"Comencem! Informaci\u00f3 i dossier d&#8217;inici de curs"},"content":{"rendered":"<p data-path-to-node=\"0\">Bon dia, fam\u00edlies!<\/p>\n<p data-path-to-node=\"1\">Setembre ja \u00e9s aqu\u00ed i les portes de l&#8217;escola tornen a estar obertes de par en par. Despr\u00e9s de les vacances, l&#8217;edifici torna a omplir-se de riures, retrobaments, alguna xerrada d&#8217;\u00faltima hora al pati i, sobretot, de moltes ganes de comen\u00e7ar aquest nou curs 2026-2027.<\/p>\n<p data-path-to-node=\"2\">Sabem que les primeres setmanes solen anar acompanyades de dubtes. Per posar-ho tot una mica m\u00e9s f\u00e0cil i perqu\u00e8 pugueu organitzar-vos a casa amb temps, ja teniu disponible el dossier d&#8217;inici de curs.<\/p>\n<p data-path-to-node=\"2\"><a href=\"https:\/\/agora.xtec.cat\/escolalaguardia\/wp-content\/uploads\/usu1636\/2026\/09\/Dossier-inici-de-curs-2025-26-7.pdf\">Dossier inici de curs 2026-27<\/a><\/p>\n","protected":false},"excerpt":{"rendered":"<p>Per posar-ho tot una mica m\u00e9s f\u00e0cil i perqu\u00e8 pugueu organitzar-vos a casa amb temps, ja teniu disponible el dossier d&#8217;inici de curs&hellip;  <a href=\"https:\/\/agora.xtec.cat\/escolalaguardia\/general\/comencem-informacio-i-dossier-dinici-de-curs\/\" title=\"Read Comencem! Informaci\u00f3 i dossier d&#8217;inici de curs\">Llegeix m\u00e9s\u00bb<\/a><\/p>\n","protected":false},"author":39,"featured_media":26435,"comment_status":"closed","ping_status":"closed","sticky":false,"template":"","format":"standard","meta":{"_bbp_topic_count":0,"_bbp_reply_count":0,"_bbp_total_topic_count":0,"_bbp_total_reply_count":0,"_bbp_voice_count":0,"_bbp_anonymous_reply_count":0,"_bbp_topic_count_hidden":0,"_bbp_reply_count_hidden":0,"_bbp_forum_subforum_count":0,"footnotes":""},"categories":[10,11,12,13,14,15,1,2,3,8,9,4,5],"tags":[450,115],"class_list":["post-26433","post","type-post","status-publish","format-standard","has-post-thumbnail","hentry","category-1r","category-2n","category-3r","category-4t","category-5e","category-6e","category-general","category-infantil","category-p3","category-p4","category-p5","category-portada","category-primaria","tag-dossier","tag-escola"],"post_mailing_queue_ids":[],"_links":{"self":[{"href":"https:\/\/agora.xtec.cat\/escolalaguardia\/wp-json\/wp\/v2\/posts\/26433","targetHints":{"allow":["GET"]}}],"collection":[{"href":"https:\/\/agora.xtec.cat\/escolalaguardia\/wp-json\/wp\/v2\/posts"}],"about":[{"href":"https:\/\/agora.xtec.cat\/escolalaguardia\/wp-json\/wp\/v2\/types\/post"}],"author":[{"embeddable":true,"href":"https:\/\/agora.xtec.cat\/escolalaguardia\/wp-json\/wp\/v2\/users\/39"}],"replies":[{"embeddable":true,"href":"https:\/\/agora.xtec.cat\/escolalaguardia\/wp-json\/wp\/v2\/comments?post=26433"}],"version-history":[{"count":1,"href":"https:\/\/agora.xtec.cat\/escolalaguardia\/wp-json\/wp\/v2\/posts\/26433\/revisions"}],"predecessor-version":[{"id":26436,"href":"https:\/\/agora.xtec.cat\/escolalaguardia\/wp-json\/wp\/v2\/posts\/26433\/revisions\/26436"}],"wp:featuredmedia":[{"embeddable":true,"href":"https:\/\/agora.xtec.cat\/escolalaguardia\/wp-json\/wp\/v2\/media\/26435"}],"wp:attachment":[{"href":"https:\/\/agora.xtec.cat\/escolalaguardia\/wp-json\/wp\/v2\/media?parent=26433"}],"wp:term":[{"taxonomy":"category","embeddable":true,"href":"https:\/\/agora.xtec.cat\/escolalaguardia\/wp-json\/wp\/v2\/categories?post=26433"},{"taxonomy":"post_tag","embeddable":true,"href":"https:\/\/agora.xtec.cat\/escolalaguardia\/wp-json\/wp\/v2\/tags?post=26433"}],"curies":[{"name":"wp","href":"https:\/\/api.w.org\/{rel}","templated":true}]}}