{"id":7848,"date":"2021-10-19T12:34:34","date_gmt":"2021-10-19T10:34:34","guid":{"rendered":"https:\/\/agora.xtec.cat\/escolalafont\/?p=7848"},"modified":"2022-05-20T13:21:38","modified_gmt":"2022-05-20T11:21:38","slug":"excursio-fira-mediterrania-cicle-mitja","status":"publish","type":"post","link":"https:\/\/agora.xtec.cat\/escolalafont\/general\/excursio-fira-mediterrania-cicle-mitja\/","title":{"rendered":"Excursi\u00f3 Fira Mediterr\u00e0nia CICLE MITJ\u00c0"},"content":{"rendered":"<p>El dijous passat, tots els i les alumnes de 3r i 4t de prim\u00e0ria vam anar a veure una obra de teatre anomenada &#8220;Ganbara Doinuak&#8221; de la Fira Mediterr\u00e0nia de Manresa.<\/p>\n<p>La feien a l&#8217;espai Plana de l&#8217;Om i tractava sobre els records i viv\u00e8ncies del passat ambientat en una casa de camp. La interpretaci\u00f3 anava acompanyada de m\u00fasica en directe a partir de diferents instruments musicals.<\/p>\n<p>Aqu\u00ed us deixem les <a href=\"https:\/\/drive.google.com\/drive\/folders\/1gTGhvsEz-9jtaryUbpuTyMM3FwsqY6G9\">fotos<\/a>.<\/p>\n<p><a href=\"https:\/\/agora.xtec.cat\/escolalafont\/wp-content\/uploads\/usu300\/2021\/10\/IMG-20211014-WA0039.jpg\"><img loading=\"lazy\" decoding=\"async\" class=\"aligncenter wp-image-7849 size-medium\" src=\"https:\/\/agora.xtec.cat\/escolalafont\/wp-content\/uploads\/usu300\/2021\/10\/IMG-20211014-WA0039-300x225.jpg\" alt=\"\" width=\"300\" height=\"225\" srcset=\"https:\/\/agora.xtec.cat\/escolalafont\/wp-content\/uploads\/usu300\/2021\/10\/IMG-20211014-WA0039-300x225.jpg 300w, https:\/\/agora.xtec.cat\/escolalafont\/wp-content\/uploads\/usu300\/2021\/10\/IMG-20211014-WA0039-1024x768.jpg 1024w, https:\/\/agora.xtec.cat\/escolalafont\/wp-content\/uploads\/usu300\/2021\/10\/IMG-20211014-WA0039-768x576.jpg 768w, https:\/\/agora.xtec.cat\/escolalafont\/wp-content\/uploads\/usu300\/2021\/10\/IMG-20211014-WA0039-1536x1152.jpg 1536w, https:\/\/agora.xtec.cat\/escolalafont\/wp-content\/uploads\/usu300\/2021\/10\/IMG-20211014-WA0039-200x150.jpg 200w, https:\/\/agora.xtec.cat\/escolalafont\/wp-content\/uploads\/usu300\/2021\/10\/IMG-20211014-WA0039.jpg 1600w\" sizes=\"auto, (max-width: 300px) 100vw, 300px\" \/><\/a><\/p>\n","protected":false},"excerpt":{"rendered":"<p>El dijous passat, tots els i les alumnes de 3r i 4t de prim\u00e0ria vam anar a veure una obra de teatre anomenada &#8220;Ganbara Doinuak&#8221; de la Fira Mediterr\u00e0nia de Manresa. La feien a l&#8217;espai Plana de l&#8217;Om i tractava sobre els records i viv\u00e8ncies del passat ambientat en una casa de camp. La interpretaci\u00f3 [&hellip;]<\/p>\n","protected":false},"author":125,"featured_media":7849,"comment_status":"open","ping_status":"closed","sticky":false,"template":"","format":"standard","meta":{"_bbp_topic_count":0,"_bbp_reply_count":0,"_bbp_total_topic_count":0,"_bbp_total_reply_count":0,"_bbp_voice_count":0,"_bbp_anonymous_reply_count":0,"_bbp_topic_count_hidden":0,"_bbp_reply_count_hidden":0,"_bbp_forum_subforum_count":0,"site-sidebar-layout":"default","site-content-layout":"","ast-site-content-layout":"","site-content-style":"default","site-sidebar-style":"default","ast-global-header-display":"","ast-banner-title-visibility":"","ast-main-header-display":"","ast-hfb-above-header-display":"","ast-hfb-below-header-display":"","ast-hfb-mobile-header-display":"","site-post-title":"","ast-breadcrumbs-content":"","ast-featured-img":"","footer-sml-layout":"","theme-transparent-header-meta":"","adv-header-id-meta":"","stick-header-meta":"","header-above-stick-meta":"","header-main-stick-meta":"","header-below-stick-meta":"","astra-migrate-meta-layouts":"default","ast-page-background-enabled":"default","ast-page-background-meta":{"desktop":{"background-color":"var(--ast-global-color-4)","background-image":"","background-repeat":"repeat","background-position":"center center","background-size":"auto","background-attachment":"scroll","background-type":"","background-media":"","overlay-type":"","overlay-color":"","overlay-opacity":"","overlay-gradient":""},"tablet":{"background-color":"","background-image":"","background-repeat":"repeat","background-position":"center center","background-size":"auto","background-attachment":"scroll","background-type":"","background-media":"","overlay-type":"","overlay-color":"","overlay-opacity":"","overlay-gradient":""},"mobile":{"background-color":"","background-image":"","background-repeat":"repeat","background-position":"center center","background-size":"auto","background-attachment":"scroll","background-type":"","background-media":"","overlay-type":"","overlay-color":"","overlay-opacity":"","overlay-gradient":""}},"ast-content-background-meta":{"desktop":{"background-color":"var(--ast-global-color-5)","background-image":"","background-repeat":"repeat","background-position":"center center","background-size":"auto","background-attachment":"scroll","background-type":"","background-media":"","overlay-type":"","overlay-color":"","overlay-opacity":"","overlay-gradient":""},"tablet":{"background-color":"var(--ast-global-color-5)","background-image":"","background-repeat":"repeat","background-position":"center center","background-size":"auto","background-attachment":"scroll","background-type":"","background-media":"","overlay-type":"","overlay-color":"","overlay-opacity":"","overlay-gradient":""},"mobile":{"background-color":"var(--ast-global-color-5)","background-image":"","background-repeat":"repeat","background-position":"center center","background-size":"auto","background-attachment":"scroll","background-type":"","background-media":"","overlay-type":"","overlay-color":"","overlay-opacity":"","overlay-gradient":""}},"footnotes":""},"categories":[12,13,1,4,5],"tags":[],"class_list":["post-7848","post","type-post","status-publish","format-standard","has-post-thumbnail","hentry","category-3r","category-4t","category-general","category-portada","category-primaria"],"post_mailing_queue_ids":[],"_links":{"self":[{"href":"https:\/\/agora.xtec.cat\/escolalafont\/wp-json\/wp\/v2\/posts\/7848","targetHints":{"allow":["GET"]}}],"collection":[{"href":"https:\/\/agora.xtec.cat\/escolalafont\/wp-json\/wp\/v2\/posts"}],"about":[{"href":"https:\/\/agora.xtec.cat\/escolalafont\/wp-json\/wp\/v2\/types\/post"}],"author":[{"embeddable":true,"href":"https:\/\/agora.xtec.cat\/escolalafont\/wp-json\/wp\/v2\/users\/125"}],"replies":[{"embeddable":true,"href":"https:\/\/agora.xtec.cat\/escolalafont\/wp-json\/wp\/v2\/comments?post=7848"}],"version-history":[{"count":2,"href":"https:\/\/agora.xtec.cat\/escolalafont\/wp-json\/wp\/v2\/posts\/7848\/revisions"}],"predecessor-version":[{"id":8260,"href":"https:\/\/agora.xtec.cat\/escolalafont\/wp-json\/wp\/v2\/posts\/7848\/revisions\/8260"}],"wp:featuredmedia":[{"embeddable":true,"href":"https:\/\/agora.xtec.cat\/escolalafont\/wp-json\/wp\/v2\/media\/7849"}],"wp:attachment":[{"href":"https:\/\/agora.xtec.cat\/escolalafont\/wp-json\/wp\/v2\/media?parent=7848"}],"wp:term":[{"taxonomy":"category","embeddable":true,"href":"https:\/\/agora.xtec.cat\/escolalafont\/wp-json\/wp\/v2\/categories?post=7848"},{"taxonomy":"post_tag","embeddable":true,"href":"https:\/\/agora.xtec.cat\/escolalafont\/wp-json\/wp\/v2\/tags?post=7848"}],"curies":[{"name":"wp","href":"https:\/\/api.w.org\/{rel}","templated":true}]}}