{"id":7841,"date":"2021-10-15T13:33:14","date_gmt":"2021-10-15T11:33:14","guid":{"rendered":"https:\/\/agora.xtec.cat\/escolalafont\/?p=7841"},"modified":"2021-10-15T13:33:14","modified_gmt":"2021-10-15T11:33:14","slug":"som-la-classe-de-1rc-ens-diem-parlem","status":"publish","type":"post","link":"https:\/\/agora.xtec.cat\/escolalafont\/portada\/som-la-classe-de-1rc-ens-diem-parlem\/","title":{"rendered":"SOM LA CLASSE DE 1RC, ENS DIEM PARLEM!"},"content":{"rendered":"<p>Benvolgudes fam\u00edlies!<\/p>\n<p>Som la classe de <b>1rC<\/b> i ens anomenem <b>PARLEM<\/b>. El nostre tutor \u00e9s l\u2019Oriol.<\/p>\n<p>&nbsp;<\/p>\n<p>Aquest curs de primer de prim\u00e0ria fem educaci\u00f3 f\u00edsica, pl\u00e0stica, angl\u00e8s i anem a la piscina, entre moltes d\u2019altres coses! D\u2019aqu\u00ed ben poc, de fet, ja tenim la primera excursi\u00f3, el dia 14 d\u2019octubre, a l&#8217;espectacle <b><i>Sopa de pedres<\/i><\/b>.<\/p>\n<p><a href=\"https:\/\/agora.xtec.cat\/escolalafont\/wp-content\/uploads\/usu300\/2021\/10\/IMG_20210920_093149_opt.jpg\"><img loading=\"lazy\" decoding=\"async\" class=\"alignnone size-full wp-image-7842\" src=\"https:\/\/agora.xtec.cat\/escolalafont\/wp-content\/uploads\/usu300\/2021\/10\/IMG_20210920_093149_opt.jpg\" alt=\"\" width=\"400\" height=\"300\" srcset=\"https:\/\/agora.xtec.cat\/escolalafont\/wp-content\/uploads\/usu300\/2021\/10\/IMG_20210920_093149_opt.jpg 400w, https:\/\/agora.xtec.cat\/escolalafont\/wp-content\/uploads\/usu300\/2021\/10\/IMG_20210920_093149_opt-300x225.jpg 300w, https:\/\/agora.xtec.cat\/escolalafont\/wp-content\/uploads\/usu300\/2021\/10\/IMG_20210920_093149_opt-200x150.jpg 200w\" sizes=\"auto, (max-width: 400px) 100vw, 400px\" \/><\/a><\/p>\n","protected":false},"excerpt":{"rendered":"<p>Benvolgudes fam\u00edlies! Som la classe de 1rC i ens anomenem PARLEM. El nostre tutor \u00e9s l\u2019Oriol. &nbsp; Aquest curs de primer de prim\u00e0ria fem educaci\u00f3 f\u00edsica, pl\u00e0stica, angl\u00e8s i anem a la piscina, entre moltes d\u2019altres coses! D\u2019aqu\u00ed ben poc, de fet, ja tenim la primera excursi\u00f3, el dia 14 d\u2019octubre, a l&#8217;espectacle Sopa de [&hellip;]<\/p>\n","protected":false},"author":154,"featured_media":4814,"comment_status":"closed","ping_status":"closed","sticky":false,"template":"","format":"standard","meta":{"_bbp_topic_count":0,"_bbp_reply_count":0,"_bbp_total_topic_count":0,"_bbp_total_reply_count":0,"_bbp_voice_count":0,"_bbp_anonymous_reply_count":0,"_bbp_topic_count_hidden":0,"_bbp_reply_count_hidden":0,"_bbp_forum_subforum_count":0,"site-sidebar-layout":"default","site-content-layout":"","ast-site-content-layout":"","site-content-style":"default","site-sidebar-style":"default","ast-global-header-display":"","ast-banner-title-visibility":"","ast-main-header-display":"","ast-hfb-above-header-display":"","ast-hfb-below-header-display":"","ast-hfb-mobile-header-display":"","site-post-title":"","ast-breadcrumbs-content":"","ast-featured-img":"","footer-sml-layout":"","theme-transparent-header-meta":"","adv-header-id-meta":"","stick-header-meta":"","header-above-stick-meta":"","header-main-stick-meta":"","header-below-stick-meta":"","astra-migrate-meta-layouts":"default","ast-page-background-enabled":"default","ast-page-background-meta":{"desktop":{"background-color":"var(--ast-global-color-4)","background-image":"","background-repeat":"repeat","background-position":"center center","background-size":"auto","background-attachment":"scroll","background-type":"","background-media":"","overlay-type":"","overlay-color":"","overlay-opacity":"","overlay-gradient":""},"tablet":{"background-color":"","background-image":"","background-repeat":"repeat","background-position":"center center","background-size":"auto","background-attachment":"scroll","background-type":"","background-media":"","overlay-type":"","overlay-color":"","overlay-opacity":"","overlay-gradient":""},"mobile":{"background-color":"","background-image":"","background-repeat":"repeat","background-position":"center center","background-size":"auto","background-attachment":"scroll","background-type":"","background-media":"","overlay-type":"","overlay-color":"","overlay-opacity":"","overlay-gradient":""}},"ast-content-background-meta":{"desktop":{"background-color":"var(--ast-global-color-5)","background-image":"","background-repeat":"repeat","background-position":"center center","background-size":"auto","background-attachment":"scroll","background-type":"","background-media":"","overlay-type":"","overlay-color":"","overlay-opacity":"","overlay-gradient":""},"tablet":{"background-color":"var(--ast-global-color-5)","background-image":"","background-repeat":"repeat","background-position":"center center","background-size":"auto","background-attachment":"scroll","background-type":"","background-media":"","overlay-type":"","overlay-color":"","overlay-opacity":"","overlay-gradient":""},"mobile":{"background-color":"var(--ast-global-color-5)","background-image":"","background-repeat":"repeat","background-position":"center center","background-size":"auto","background-attachment":"scroll","background-type":"","background-media":"","overlay-type":"","overlay-color":"","overlay-opacity":"","overlay-gradient":""}},"footnotes":""},"categories":[10,4],"tags":[],"class_list":["post-7841","post","type-post","status-publish","format-standard","has-post-thumbnail","hentry","category-1r","category-portada"],"post_mailing_queue_ids":[],"_links":{"self":[{"href":"https:\/\/agora.xtec.cat\/escolalafont\/wp-json\/wp\/v2\/posts\/7841","targetHints":{"allow":["GET"]}}],"collection":[{"href":"https:\/\/agora.xtec.cat\/escolalafont\/wp-json\/wp\/v2\/posts"}],"about":[{"href":"https:\/\/agora.xtec.cat\/escolalafont\/wp-json\/wp\/v2\/types\/post"}],"author":[{"embeddable":true,"href":"https:\/\/agora.xtec.cat\/escolalafont\/wp-json\/wp\/v2\/users\/154"}],"replies":[{"embeddable":true,"href":"https:\/\/agora.xtec.cat\/escolalafont\/wp-json\/wp\/v2\/comments?post=7841"}],"version-history":[{"count":1,"href":"https:\/\/agora.xtec.cat\/escolalafont\/wp-json\/wp\/v2\/posts\/7841\/revisions"}],"predecessor-version":[{"id":7843,"href":"https:\/\/agora.xtec.cat\/escolalafont\/wp-json\/wp\/v2\/posts\/7841\/revisions\/7843"}],"wp:featuredmedia":[{"embeddable":true,"href":"https:\/\/agora.xtec.cat\/escolalafont\/wp-json\/wp\/v2\/media\/4814"}],"wp:attachment":[{"href":"https:\/\/agora.xtec.cat\/escolalafont\/wp-json\/wp\/v2\/media?parent=7841"}],"wp:term":[{"taxonomy":"category","embeddable":true,"href":"https:\/\/agora.xtec.cat\/escolalafont\/wp-json\/wp\/v2\/categories?post=7841"},{"taxonomy":"post_tag","embeddable":true,"href":"https:\/\/agora.xtec.cat\/escolalafont\/wp-json\/wp\/v2\/tags?post=7841"}],"curies":[{"name":"wp","href":"https:\/\/api.w.org\/{rel}","templated":true}]}}