{"id":4812,"date":"2019-02-20T10:21:25","date_gmt":"2019-02-20T09:21:25","guid":{"rendered":"http:\/\/agora.xtec.cat\/escolalafont\/?p=4812"},"modified":"2019-03-13T10:42:51","modified_gmt":"2019-03-13T09:42:51","slug":"cantata-50-milions-de-segons-a-6e","status":"publish","type":"post","link":"https:\/\/agora.xtec.cat\/escolalafont\/primaria\/cantata-50-milions-de-segons-a-6e\/","title":{"rendered":"Cantata &#8220;50 milions de segons&#8221; a 6\u00e8"},"content":{"rendered":"<p>Bon dia,<\/p>\n<p>aqu\u00ed us anir\u00e9 deixant les can\u00e7ons de la cantata &#8220;50 milions de segons&#8221; per si les voleu anar assajant, aix\u00ed com treballar les parts no musicals per fer de protagonistes.<\/p>\n<p><a href=\"https:\/\/agora.xtec.cat\/escolalafont\/wp-content\/uploads\/usu300\/2019\/02\/01.-Introducci\u00f3..mp3\">01. Introducci\u00f3.<\/a><\/p>\n<p><a href=\"https:\/\/agora.xtec.cat\/escolalafont\/wp-content\/uploads\/usu300\/2019\/02\/02.-L_escola..mp3\">02. L&#8217;escola.<\/a><\/p>\n<p><a href=\"https:\/\/agora.xtec.cat\/escolalafont\/wp-content\/uploads\/usu300\/2019\/02\/03.-Presentaci\u00f3..mp3\">03. Presentaci\u00f3.<\/a><\/p>\n<p><a href=\"https:\/\/agora.xtec.cat\/escolalafont\/wp-content\/uploads\/usu300\/2019\/02\/04.-50-milions-de-segons..mp3\">04. 50 milions de segons.<\/a><\/p>\n<p><a href=\"https:\/\/agora.xtec.cat\/escolalafont\/wp-content\/uploads\/usu300\/2019\/02\/05.-Anar-se_n-al-llit..mp3\">05. Anar-se&#8217;n al llit.<\/a><\/p>\n<p><a href=\"https:\/\/agora.xtec.cat\/escolalafont\/wp-content\/uploads\/usu300\/2019\/02\/06.-Lleva_t..mp3\">06. Lleva&#8217;t.<\/a><\/p>\n<p><a href=\"https:\/\/agora.xtec.cat\/escolalafont\/wp-content\/uploads\/usu300\/2019\/02\/07.-Les-extraescolars..mp3\">07. Les extraescolars.<\/a><\/p>\n<p><a href=\"https:\/\/agora.xtec.cat\/escolalafont\/wp-content\/uploads\/usu300\/2019\/02\/08.-Estem-cansats.mp3\">08. Estem cansats!<\/a><\/p>\n<p><a href=\"https:\/\/agora.xtec.cat\/escolalafont\/wp-content\/uploads\/usu300\/2019\/02\/09.-L_hora-del-pati..mp3\">09. L&#8217;hora del pati.<\/a><\/p>\n<p><a href=\"https:\/\/agora.xtec.cat\/escolalafont\/wp-content\/uploads\/usu300\/2019\/02\/10.-Mortadel\u00b7la-del-meu-cor..mp3\">10. Mortadel\u00b7la del meu cor.<\/a><\/p>\n<p><a href=\"https:\/\/agora.xtec.cat\/escolalafont\/wp-content\/uploads\/usu300\/2019\/02\/11.-Els-oficis..mp3\">11. Els oficis.<\/a><\/p>\n<p><a href=\"https:\/\/agora.xtec.cat\/escolalafont\/wp-content\/uploads\/usu300\/2019\/02\/12.-Quan-sigui-gran..mp3\">12. Quan sigui gran.<\/a><\/p>\n<p><a href=\"https:\/\/agora.xtec.cat\/escolalafont\/wp-content\/uploads\/usu300\/2019\/02\/13.-Qui-t_agrada_.mp3\">13. Qui t&#8217;agrada?<\/a><\/p>\n<p><a href=\"https:\/\/agora.xtec.cat\/escolalafont\/wp-content\/uploads\/usu300\/2019\/02\/14.-Em-t\u00e9-mania..mp3\">14. Em t\u00e9 mania.<\/a><\/p>\n<p><a href=\"https:\/\/agora.xtec.cat\/escolalafont\/wp-content\/uploads\/usu300\/2019\/02\/15.-Animals-de-companyia..mp3\">15. Animals de companyia.<\/a><\/p>\n<p><a href=\"https:\/\/agora.xtec.cat\/escolalafont\/wp-content\/uploads\/usu300\/2019\/02\/16.-Polls.mp3\">16. Polls!<\/a><\/p>\n<p><a href=\"https:\/\/agora.xtec.cat\/escolalafont\/wp-content\/uploads\/usu300\/2019\/02\/17.-Paraules-noves..mp3\">17. Paraules noves.<\/a><\/p>\n<p><a href=\"https:\/\/agora.xtec.cat\/escolalafont\/wp-content\/uploads\/usu300\/2019\/02\/18.-El-mag-de-les-mil-paraules..mp3\">18. El mag de les mil paraules.<\/a><\/p>\n<p><a href=\"https:\/\/agora.xtec.cat\/escolalafont\/wp-content\/uploads\/usu300\/2019\/02\/19.-Bullying..mp3\">19. Bullying.<\/a><\/p>\n<p><a href=\"https:\/\/agora.xtec.cat\/escolalafont\/wp-content\/uploads\/usu300\/2019\/02\/20.-Parla..mp3\">20. Parla.<\/a><\/p>\n<p><a href=\"https:\/\/agora.xtec.cat\/escolalafont\/wp-content\/uploads\/usu300\/2019\/02\/21.-Els-mestres..mp3\">21. Els mestres.<\/a><\/p>\n<p><a href=\"https:\/\/agora.xtec.cat\/escolalafont\/wp-content\/uploads\/usu300\/2019\/02\/22.-Els-eterns-repetidors..mp3\">22. Els eterns repetidors.<\/a><\/p>\n<p><a href=\"https:\/\/agora.xtec.cat\/escolalafont\/wp-content\/uploads\/usu300\/2019\/02\/23.-Els-records..mp3\">23. Els records.<\/a><\/p>\n<p><a href=\"https:\/\/agora.xtec.cat\/escolalafont\/wp-content\/uploads\/usu300\/2019\/02\/24.-Finale..mp3\">24. Finale.<\/a><\/p>\n","protected":false},"excerpt":{"rendered":"<p>Bon dia, aqu\u00ed us anir\u00e9 deixant les can\u00e7ons de la cantata &#8220;50 milions de segons&#8221; per si les voleu anar assajant, aix\u00ed com treballar les parts no musicals per fer de protagonistes. 01. Introducci\u00f3. 02. L&#8217;escola. 03. Presentaci\u00f3. 04. 50 milions de segons. 05. Anar-se&#8217;n al llit. 06. Lleva&#8217;t. 07. Les extraescolars. 08. Estem cansats! [&hellip;]<\/p>\n","protected":false},"author":1,"featured_media":0,"comment_status":"open","ping_status":"closed","sticky":false,"template":"","format":"standard","meta":{"_bbp_topic_count":0,"_bbp_reply_count":0,"_bbp_total_topic_count":0,"_bbp_total_reply_count":0,"_bbp_voice_count":0,"_bbp_anonymous_reply_count":0,"_bbp_topic_count_hidden":0,"_bbp_reply_count_hidden":0,"_bbp_forum_subforum_count":0,"site-sidebar-layout":"default","site-content-layout":"","ast-site-content-layout":"","site-content-style":"default","site-sidebar-style":"default","ast-global-header-display":"","ast-banner-title-visibility":"","ast-main-header-display":"","ast-hfb-above-header-display":"","ast-hfb-below-header-display":"","ast-hfb-mobile-header-display":"","site-post-title":"","ast-breadcrumbs-content":"","ast-featured-img":"","footer-sml-layout":"","theme-transparent-header-meta":"","adv-header-id-meta":"","stick-header-meta":"","header-above-stick-meta":"","header-main-stick-meta":"","header-below-stick-meta":"","astra-migrate-meta-layouts":"default","ast-page-background-enabled":"default","ast-page-background-meta":{"desktop":{"background-color":"var(--ast-global-color-4)","background-image":"","background-repeat":"repeat","background-position":"center center","background-size":"auto","background-attachment":"scroll","background-type":"","background-media":"","overlay-type":"","overlay-color":"","overlay-opacity":"","overlay-gradient":""},"tablet":{"background-color":"","background-image":"","background-repeat":"repeat","background-position":"center center","background-size":"auto","background-attachment":"scroll","background-type":"","background-media":"","overlay-type":"","overlay-color":"","overlay-opacity":"","overlay-gradient":""},"mobile":{"background-color":"","background-image":"","background-repeat":"repeat","background-position":"center center","background-size":"auto","background-attachment":"scroll","background-type":"","background-media":"","overlay-type":"","overlay-color":"","overlay-opacity":"","overlay-gradient":""}},"ast-content-background-meta":{"desktop":{"background-color":"var(--ast-global-color-5)","background-image":"","background-repeat":"repeat","background-position":"center center","background-size":"auto","background-attachment":"scroll","background-type":"","background-media":"","overlay-type":"","overlay-color":"","overlay-opacity":"","overlay-gradient":""},"tablet":{"background-color":"var(--ast-global-color-5)","background-image":"","background-repeat":"repeat","background-position":"center center","background-size":"auto","background-attachment":"scroll","background-type":"","background-media":"","overlay-type":"","overlay-color":"","overlay-opacity":"","overlay-gradient":""},"mobile":{"background-color":"var(--ast-global-color-5)","background-image":"","background-repeat":"repeat","background-position":"center center","background-size":"auto","background-attachment":"scroll","background-type":"","background-media":"","overlay-type":"","overlay-color":"","overlay-opacity":"","overlay-gradient":""}},"footnotes":""},"categories":[15,5],"tags":[163,113,31],"class_list":["post-4812","post","type-post","status-publish","format-standard","hentry","category-6e","category-primaria","tag-163","tag-6e","tag-cantania"],"post_mailing_queue_ids":[],"_links":{"self":[{"href":"https:\/\/agora.xtec.cat\/escolalafont\/wp-json\/wp\/v2\/posts\/4812","targetHints":{"allow":["GET"]}}],"collection":[{"href":"https:\/\/agora.xtec.cat\/escolalafont\/wp-json\/wp\/v2\/posts"}],"about":[{"href":"https:\/\/agora.xtec.cat\/escolalafont\/wp-json\/wp\/v2\/types\/post"}],"author":[{"embeddable":true,"href":"https:\/\/agora.xtec.cat\/escolalafont\/wp-json\/wp\/v2\/users\/1"}],"replies":[{"embeddable":true,"href":"https:\/\/agora.xtec.cat\/escolalafont\/wp-json\/wp\/v2\/comments?post=4812"}],"version-history":[{"count":3,"href":"https:\/\/agora.xtec.cat\/escolalafont\/wp-json\/wp\/v2\/posts\/4812\/revisions"}],"predecessor-version":[{"id":4930,"href":"https:\/\/agora.xtec.cat\/escolalafont\/wp-json\/wp\/v2\/posts\/4812\/revisions\/4930"}],"wp:attachment":[{"href":"https:\/\/agora.xtec.cat\/escolalafont\/wp-json\/wp\/v2\/media?parent=4812"}],"wp:term":[{"taxonomy":"category","embeddable":true,"href":"https:\/\/agora.xtec.cat\/escolalafont\/wp-json\/wp\/v2\/categories?post=4812"},{"taxonomy":"post_tag","embeddable":true,"href":"https:\/\/agora.xtec.cat\/escolalafont\/wp-json\/wp\/v2\/tags?post=4812"}],"curies":[{"name":"wp","href":"https:\/\/api.w.org\/{rel}","templated":true}]}}