{"id":2876,"date":"2017-09-26T14:41:00","date_gmt":"2017-09-26T12:41:00","guid":{"rendered":"http:\/\/agora.xtec.cat\/escolalafont\/?p=2876"},"modified":"2017-10-20T19:12:08","modified_gmt":"2017-10-20T17:12:08","slug":"fase-comarcal-cros-escolar-17-18-escola-la-font","status":"publish","type":"post","link":"https:\/\/agora.xtec.cat\/escolalafont\/general\/fase-comarcal-cros-escolar-17-18-escola-la-font\/","title":{"rendered":"FASE COMARCAL CROS ESCOLAR 17-18, ESCOLA LA FONT"},"content":{"rendered":"<p align=\"justify\">Com cada any ens agradaria que particip\u00e9ssiu a la fase comarcal del CROS escolar que s&#8217;organitza des del Consell Esportiu del Bages. L&#8217;escola aquest any assumeix el cost de les inscripcions i el xip (en cas de no tenir el de l&#8217;any passat). A continuaci\u00f3 us mostrem la informaci\u00f3 m\u00e9s rellevant.<\/p>\n<p align=\"justify\">1. Inscripcions:<\/p>\n<p align=\"justify\">Abans del divendres 29 de setembre s&#8217;han de fer arribar les dades als mestres d&#8217;educaci\u00f3 f\u00edsica.<\/p>\n<p align=\"justify\">Hi haur\u00e0 dues modalitats d\u2019inscripci\u00f3:<\/p>\n<p align=\"justify\">1.1.- Aquells\/es esportistes que tinguin previsi\u00f3 de participar en m\u00e9s d\u2019un cros de la fase comarcal o en un cros disputat en un municipi diferent al municipi on estigui escolaritzat.<\/p>\n<p align=\"justify\">Es realitzar\u00e0 una inscripci\u00f3 pr\u00e8via a l\u2019inici de la fase comarca (data l\u00edmit 02\/10\/2017) on constin la previsi\u00f3 dels crosos als que es vol participar i la confirmaci\u00f3 de la participaci\u00f3 a cadascuna de les proves a la seu del Consell Esportiu del Bages fins a les 12 hores del dimarts anterior a la realitzaci\u00f3 de la prova.<\/p>\n<p align=\"justify\">Per les noves lliurar\u00e0 un bra\u00e7alet-xip que servir\u00e0 per al desenvolupament de totes les proves de la Fase comarcal de Cros a partir del curs 17-18 i posteriors.<\/p>\n<p align=\"justify\">Aquesta inscripci\u00f3 tamb\u00e9 d\u00f3na opci\u00f3 a participar en totes les activitats d\u2019esports individuals organitzades pel Consell Esportiu del Bages durant el curs 2017-18.<\/p>\n<p align=\"justify\">Al finalitzar la fase comarcal de cros tots aquells\/es esportistes que ho desitgin se\u2019l podran quedar per cursos posteriors (on el preu de la inscripci\u00f3 ja no portar\u00e0 incorporat el preu del xip) o podran retornar el xip i li seran abonats 2\u20ac (sempre i quan es trobi en bon estat).<\/p>\n<p align=\"justify\">1.2.- Aquells\/es esportistes que nom\u00e9s vulguin participar en el cros del municipi on estan escolaritzats. Realitzaran la inscripci\u00f3 fins a les 12:00 hores del dimecres anterior a la realitzaci\u00f3 de la prova.<\/p>\n<p align=\"justify\">Hauran de recollir el xip provisional abans de les 10:00 del mat\u00ed el dia de la prova. La inscripci\u00f3 a la prova del seu municipi \u00e9s gratu\u00efta per\u00f2 s\u2019hauran d\u2019abonar 5\u20ac en concepte de dip\u00f2sit que seran retornats en el moment de retornar el xip.<\/p>\n<p align=\"justify\">1.3.- \u201cCursa en Fam\u00edlia\u201d: Aquesta prova, no competitiva, que consta de 1.000 metres ser\u00e0 desenvolupada en parelles formades per membres d\u2019una mateixa fam\u00edlia (un nen\/a de categoria prebenjam\u00ed a cadet m\u00e9s un membre adult de la seva fam\u00edlia). Aquest binomi pot anar variant en quant a la persona adulta, ja que al no ser competitiva el que computar\u00e0 ser\u00e0 la participaci\u00f3 de la fam\u00edlia pel reconeixement al final de la fase comarcal. La inscripci\u00f3 s\u2019haur\u00e0 de fer in situ al lloc de la prova setmanal abans de l\u2019inici de la jornada (de 09:30 a 10:00 hores) i estar\u00e0 limitada a un m\u00e0xim de 100 parelles per prova.<\/p>\n<p>2. Acc\u00e9s i indument\u00e0ria:<\/p>\n<p>Durant el decurs de la competici\u00f3 \u00e9s prohibit d\u2019escalfar-se al circuit i davant de les l\u00ednies de sortida i d\u2019arribada, la qual cosa pot significar la desqualificaci\u00f3 de l\u2019atleta.<\/p>\n<p>\u00c9s obligatori que els participants portin el xip assignat a cadascuna de les curses on estiguin inscrits; en cas de p\u00e8rdua definitiva el preu d\u2019un nou xip \u00e9s de 5 \u20ac.<\/p>\n<p>Dates i lloc de celebraci\u00f3 de la fase comarcal de cros:<\/p>\n<table>\n<tbody>\n<tr>\n<td>8\/10<\/td>\n<td>22\/10<\/td>\n<td>29\/10<\/td>\n<td>12\/11<\/td>\n<td>19\/11<\/td>\n<td>26\/11<\/td>\n<\/tr>\n<tr>\n<td>Sant Vicen\u00e7 Castellet<\/td>\n<td>S\u00faria<\/td>\n<td>Castellnou de Bages<\/td>\n<td>Moi\u00e0<\/td>\n<td>Sallent<\/td>\n<td>Manresa<\/td>\n<\/tr>\n<tr>\n<td>3\/12<\/td>\n<td>17\/12<\/td>\n<td>14\/1<\/td>\n<td>21\/1<\/td>\n<td>28\/1<\/td>\n<td>4\/2<\/td>\n<\/tr>\n<tr>\n<td>Sant Joan Vilatorrada<\/td>\n<td>Navarcles<\/td>\n<td>Sant Fruit\u00f3s de Bages<\/td>\n<td>Monistrol de Calders<\/td>\n<td>Cardona<\/td>\n<td>Santpedor<\/td>\n<\/tr>\n<\/tbody>\n<\/table>\n<p>EDUCACI\u00d3 INFANTIL:<\/p>\n<p>MINI: nascuts\/des en els anys 2012, 2013 i 2014.<\/p>\n<p>EDUCACI\u00d3 PRIM\u00c0RIA:<\/p>\n<p>Cicle Inicial: PRE-BENJAM\u00cd: nascuts\/des en els anys 2010 i 2011.<\/p>\n<p>Cicle Mitj\u00e0: BENJAM\u00cd: nascuts\/des en els anys 2008 i 2009.<\/p>\n<p>Cicle Superior: ALEV\u00cd: nascuts\/des en els anys 2006 i 2007.<\/p>\n","protected":false},"excerpt":{"rendered":"<p>Com cada any ens agradaria que particip\u00e9ssiu a la fase comarcal del CROS escolar que s&#8217;organitza des del Consell Esportiu del Bages. L&#8217;escola aquest any assumeix el cost de les inscripcions i el xip (en cas de no tenir el de l&#8217;any passat). A continuaci\u00f3 us mostrem la informaci\u00f3 m\u00e9s rellevant. 1. Inscripcions: Abans del [&hellip;]<\/p>\n","protected":false},"author":1,"featured_media":0,"comment_status":"open","ping_status":"closed","sticky":false,"template":"","format":"standard","meta":{"_bbp_topic_count":0,"_bbp_reply_count":0,"_bbp_total_topic_count":0,"_bbp_total_reply_count":0,"_bbp_voice_count":0,"_bbp_anonymous_reply_count":0,"_bbp_topic_count_hidden":0,"_bbp_reply_count_hidden":0,"_bbp_forum_subforum_count":0,"site-sidebar-layout":"default","site-content-layout":"","ast-site-content-layout":"","site-content-style":"default","site-sidebar-style":"default","ast-global-header-display":"","ast-banner-title-visibility":"","ast-main-header-display":"","ast-hfb-above-header-display":"","ast-hfb-below-header-display":"","ast-hfb-mobile-header-display":"","site-post-title":"","ast-breadcrumbs-content":"","ast-featured-img":"","footer-sml-layout":"","theme-transparent-header-meta":"","adv-header-id-meta":"","stick-header-meta":"","header-above-stick-meta":"","header-main-stick-meta":"","header-below-stick-meta":"","astra-migrate-meta-layouts":"default","ast-page-background-enabled":"default","ast-page-background-meta":{"desktop":{"background-color":"var(--ast-global-color-4)","background-image":"","background-repeat":"repeat","background-position":"center center","background-size":"auto","background-attachment":"scroll","background-type":"","background-media":"","overlay-type":"","overlay-color":"","overlay-opacity":"","overlay-gradient":""},"tablet":{"background-color":"","background-image":"","background-repeat":"repeat","background-position":"center center","background-size":"auto","background-attachment":"scroll","background-type":"","background-media":"","overlay-type":"","overlay-color":"","overlay-opacity":"","overlay-gradient":""},"mobile":{"background-color":"","background-image":"","background-repeat":"repeat","background-position":"center center","background-size":"auto","background-attachment":"scroll","background-type":"","background-media":"","overlay-type":"","overlay-color":"","overlay-opacity":"","overlay-gradient":""}},"ast-content-background-meta":{"desktop":{"background-color":"var(--ast-global-color-5)","background-image":"","background-repeat":"repeat","background-position":"center center","background-size":"auto","background-attachment":"scroll","background-type":"","background-media":"","overlay-type":"","overlay-color":"","overlay-opacity":"","overlay-gradient":""},"tablet":{"background-color":"var(--ast-global-color-5)","background-image":"","background-repeat":"repeat","background-position":"center center","background-size":"auto","background-attachment":"scroll","background-type":"","background-media":"","overlay-type":"","overlay-color":"","overlay-opacity":"","overlay-gradient":""},"mobile":{"background-color":"var(--ast-global-color-5)","background-image":"","background-repeat":"repeat","background-position":"center center","background-size":"auto","background-attachment":"scroll","background-type":"","background-media":"","overlay-type":"","overlay-color":"","overlay-opacity":"","overlay-gradient":""}},"footnotes":""},"categories":[1,4],"tags":[],"class_list":["post-2876","post","type-post","status-publish","format-standard","hentry","category-general","category-portada"],"post_mailing_queue_ids":[],"_links":{"self":[{"href":"https:\/\/agora.xtec.cat\/escolalafont\/wp-json\/wp\/v2\/posts\/2876","targetHints":{"allow":["GET"]}}],"collection":[{"href":"https:\/\/agora.xtec.cat\/escolalafont\/wp-json\/wp\/v2\/posts"}],"about":[{"href":"https:\/\/agora.xtec.cat\/escolalafont\/wp-json\/wp\/v2\/types\/post"}],"author":[{"embeddable":true,"href":"https:\/\/agora.xtec.cat\/escolalafont\/wp-json\/wp\/v2\/users\/1"}],"replies":[{"embeddable":true,"href":"https:\/\/agora.xtec.cat\/escolalafont\/wp-json\/wp\/v2\/comments?post=2876"}],"version-history":[{"count":3,"href":"https:\/\/agora.xtec.cat\/escolalafont\/wp-json\/wp\/v2\/posts\/2876\/revisions"}],"predecessor-version":[{"id":3064,"href":"https:\/\/agora.xtec.cat\/escolalafont\/wp-json\/wp\/v2\/posts\/2876\/revisions\/3064"}],"wp:attachment":[{"href":"https:\/\/agora.xtec.cat\/escolalafont\/wp-json\/wp\/v2\/media?parent=2876"}],"wp:term":[{"taxonomy":"category","embeddable":true,"href":"https:\/\/agora.xtec.cat\/escolalafont\/wp-json\/wp\/v2\/categories?post=2876"},{"taxonomy":"post_tag","embeddable":true,"href":"https:\/\/agora.xtec.cat\/escolalafont\/wp-json\/wp\/v2\/tags?post=2876"}],"curies":[{"name":"wp","href":"https:\/\/api.w.org\/{rel}","templated":true}]}}