{"id":2685,"date":"2017-05-25T11:51:09","date_gmt":"2017-05-25T09:51:09","guid":{"rendered":"http:\/\/agora.xtec.cat\/escolalafont\/?p=2685"},"modified":"2017-05-25T14:42:54","modified_gmt":"2017-05-25T12:42:54","slug":"1r-sortida-al-centre-dapropament-a-la-natura-can-a-navas","status":"publish","type":"post","link":"https:\/\/agora.xtec.cat\/escolalafont\/general\/1r-sortida-al-centre-dapropament-a-la-natura-can-a-navas\/","title":{"rendered":"1r Sortida al Centre d&#8217;Apropament a la Natura (CAN, a Nav\u00e0s)"},"content":{"rendered":"<p style=\"text-align: left;\">El dimecres 24 de maig, els i les alumnes de primer vam anar d&#8217;excursi\u00f3 al Centre d&#8217;Apropament a la Natura, situat a Nav\u00e0s.<\/p>\n<p style=\"text-align: left;\">All\u00e0 vam gaudir d&#8217;un dia envoltats de natura, a la &#8220;casa dels animals&#8221;. V\u00e0rem observar aus rapinyaires, tocar i observar animals ex\u00f2tics, salvatges i de granja.<\/p>\n<p style=\"text-align: left;\">Ens ho vam passar genial, com podreu comprovar a les fotografies del seg\u00fcent enlla\u00e7: <a href=\"https:\/\/goo.gl\/photos\/QTg7Qtes9jfN12666\">fotos de la sortida<\/a><\/p>\n<p style=\"text-align: left;\"><a href=\"https:\/\/goo.gl\/photos\/QTg7Qtes9jfN12666\"><img loading=\"lazy\" decoding=\"async\" class=\"aligncenter size-medium wp-image-2687\" src=\"http:\/\/agora.xtec.cat\/escolalafont\/wp-content\/uploads\/usu300\/2017\/05\/2017-05-25-PHOTO-00001520-300x180.jpg\" alt=\"2017-05-25-PHOTO-00001520\" width=\"300\" height=\"180\" srcset=\"https:\/\/agora.xtec.cat\/escolalafont\/wp-content\/uploads\/usu300\/2017\/05\/2017-05-25-PHOTO-00001520-300x180.jpg 300w, https:\/\/agora.xtec.cat\/escolalafont\/wp-content\/uploads\/usu300\/2017\/05\/2017-05-25-PHOTO-00001520-768x461.jpg 768w, https:\/\/agora.xtec.cat\/escolalafont\/wp-content\/uploads\/usu300\/2017\/05\/2017-05-25-PHOTO-00001520-1024x614.jpg 1024w, https:\/\/agora.xtec.cat\/escolalafont\/wp-content\/uploads\/usu300\/2017\/05\/2017-05-25-PHOTO-00001520.jpg 1600w\" sizes=\"auto, (max-width: 300px) 100vw, 300px\" \/><\/a><\/p>\n<p style=\"text-align: left;\">\n","protected":false},"excerpt":{"rendered":"<p>El dimecres 24 de maig, els i les alumnes de primer vam anar d&#8217;excursi\u00f3 al Centre d&#8217;Apropament a la Natura, situat a Nav\u00e0s. All\u00e0 vam gaudir d&#8217;un dia envoltats de natura, a la &#8220;casa dels animals&#8221;. V\u00e0rem observar aus rapinyaires, tocar i observar animals ex\u00f2tics, salvatges i de granja. Ens ho vam passar genial, com [&hellip;]<\/p>\n","protected":false},"author":1,"featured_media":0,"comment_status":"open","ping_status":"open","sticky":false,"template":"","format":"standard","meta":{"_bbp_topic_count":0,"_bbp_reply_count":0,"_bbp_total_topic_count":0,"_bbp_total_reply_count":0,"_bbp_voice_count":0,"_bbp_anonymous_reply_count":0,"_bbp_topic_count_hidden":0,"_bbp_reply_count_hidden":0,"_bbp_forum_subforum_count":0,"site-sidebar-layout":"default","site-content-layout":"","ast-site-content-layout":"","site-content-style":"default","site-sidebar-style":"default","ast-global-header-display":"","ast-banner-title-visibility":"","ast-main-header-display":"","ast-hfb-above-header-display":"","ast-hfb-below-header-display":"","ast-hfb-mobile-header-display":"","site-post-title":"","ast-breadcrumbs-content":"","ast-featured-img":"","footer-sml-layout":"","theme-transparent-header-meta":"","adv-header-id-meta":"","stick-header-meta":"","header-above-stick-meta":"","header-main-stick-meta":"","header-below-stick-meta":"","astra-migrate-meta-layouts":"default","ast-page-background-enabled":"default","ast-page-background-meta":{"desktop":{"background-color":"var(--ast-global-color-4)","background-image":"","background-repeat":"repeat","background-position":"center center","background-size":"auto","background-attachment":"scroll","background-type":"","background-media":"","overlay-type":"","overlay-color":"","overlay-opacity":"","overlay-gradient":""},"tablet":{"background-color":"","background-image":"","background-repeat":"repeat","background-position":"center center","background-size":"auto","background-attachment":"scroll","background-type":"","background-media":"","overlay-type":"","overlay-color":"","overlay-opacity":"","overlay-gradient":""},"mobile":{"background-color":"","background-image":"","background-repeat":"repeat","background-position":"center center","background-size":"auto","background-attachment":"scroll","background-type":"","background-media":"","overlay-type":"","overlay-color":"","overlay-opacity":"","overlay-gradient":""}},"ast-content-background-meta":{"desktop":{"background-color":"var(--ast-global-color-5)","background-image":"","background-repeat":"repeat","background-position":"center center","background-size":"auto","background-attachment":"scroll","background-type":"","background-media":"","overlay-type":"","overlay-color":"","overlay-opacity":"","overlay-gradient":""},"tablet":{"background-color":"var(--ast-global-color-5)","background-image":"","background-repeat":"repeat","background-position":"center center","background-size":"auto","background-attachment":"scroll","background-type":"","background-media":"","overlay-type":"","overlay-color":"","overlay-opacity":"","overlay-gradient":""},"mobile":{"background-color":"var(--ast-global-color-5)","background-image":"","background-repeat":"repeat","background-position":"center center","background-size":"auto","background-attachment":"scroll","background-type":"","background-media":"","overlay-type":"","overlay-color":"","overlay-opacity":"","overlay-gradient":""}},"footnotes":""},"categories":[10,1,4],"tags":[111,78,16],"class_list":["post-2685","post","type-post","status-publish","format-standard","hentry","category-1r","category-general","category-portada","tag-1r","tag-cicle-inicial","tag-sortides"],"post_mailing_queue_ids":[],"_links":{"self":[{"href":"https:\/\/agora.xtec.cat\/escolalafont\/wp-json\/wp\/v2\/posts\/2685","targetHints":{"allow":["GET"]}}],"collection":[{"href":"https:\/\/agora.xtec.cat\/escolalafont\/wp-json\/wp\/v2\/posts"}],"about":[{"href":"https:\/\/agora.xtec.cat\/escolalafont\/wp-json\/wp\/v2\/types\/post"}],"author":[{"embeddable":true,"href":"https:\/\/agora.xtec.cat\/escolalafont\/wp-json\/wp\/v2\/users\/1"}],"replies":[{"embeddable":true,"href":"https:\/\/agora.xtec.cat\/escolalafont\/wp-json\/wp\/v2\/comments?post=2685"}],"version-history":[{"count":2,"href":"https:\/\/agora.xtec.cat\/escolalafont\/wp-json\/wp\/v2\/posts\/2685\/revisions"}],"predecessor-version":[{"id":2688,"href":"https:\/\/agora.xtec.cat\/escolalafont\/wp-json\/wp\/v2\/posts\/2685\/revisions\/2688"}],"wp:attachment":[{"href":"https:\/\/agora.xtec.cat\/escolalafont\/wp-json\/wp\/v2\/media?parent=2685"}],"wp:term":[{"taxonomy":"category","embeddable":true,"href":"https:\/\/agora.xtec.cat\/escolalafont\/wp-json\/wp\/v2\/categories?post=2685"},{"taxonomy":"post_tag","embeddable":true,"href":"https:\/\/agora.xtec.cat\/escolalafont\/wp-json\/wp\/v2\/tags?post=2685"}],"curies":[{"name":"wp","href":"https:\/\/api.w.org\/{rel}","templated":true}]}}