{"id":2359,"date":"2018-11-26T22:30:18","date_gmt":"2018-11-26T21:30:18","guid":{"rendered":"http:\/\/agora.xtec.cat\/escolalaclosa\/?p=2359"},"modified":"2018-11-28T13:07:57","modified_gmt":"2018-11-28T12:07:57","slug":"vota-els-teus-representants-al-consell-escolar","status":"publish","type":"post","link":"https:\/\/agora.xtec.cat\/escolalaclosa\/general\/vota-els-teus-representants-al-consell-escolar\/","title":{"rendered":"Vota els teus representants al Consell escolar !"},"content":{"rendered":"<h4><a href=\"https:\/\/agora.xtec.cat\/escolalaclosa\/wp-content\/uploads\/usu692\/2018\/11\/votacio-consell.jpg\"><img loading=\"lazy\" decoding=\"async\" class=\"alignnone size-full wp-image-2360\" src=\"https:\/\/agora.xtec.cat\/escolalaclosa\/wp-content\/uploads\/usu692\/2018\/11\/votacio-consell.jpg\" alt=\"\" width=\"906\" height=\"463\" srcset=\"https:\/\/agora.xtec.cat\/escolalaclosa\/wp-content\/uploads\/usu692\/2018\/11\/votacio-consell.jpg 906w, https:\/\/agora.xtec.cat\/escolalaclosa\/wp-content\/uploads\/usu692\/2018\/11\/votacio-consell-300x153.jpg 300w, https:\/\/agora.xtec.cat\/escolalaclosa\/wp-content\/uploads\/usu692\/2018\/11\/votacio-consell-768x392.jpg 768w\" sizes=\"auto, (max-width: 906px) 100vw, 906px\" \/><\/a><\/h4>\n<h4>Recordeu: dimecres 28\/11\/2018 des de les 15.30 a les 17.30 a la sala de professors de l&#8217; escola, eleccions al Consell escolar per escollir representants de pares i mares<\/h4>\n<ul>\n<li>Cada elector (pare i mare o representants legals dels alumnes) podr\u00e0 votar un nombre m\u00e0xim de <strong>2<\/strong> pares\/mares com a representants al Consell Escolar del centre.<\/li>\n<li>El nombre de representants que renoven en la present convocat\u00f2ria s\u00f3n <strong>2<\/strong> pares\/mares.<\/li>\n<\/ul>\n<div class=\"FW_sPregunta FW_sImpacte\">\n<h4 id=\"FW_bloc_951ef9be-5613-11e4-9770-000c29cdf219_8\" class=\"FW_ancora\">Per qu\u00e8 \u00e9s important que les fam\u00edlies participeu en el consell escolar?<\/h4>\n<div class=\"FW_sArticleFoto\">\n<div class=\"FW_sEditPro\">\n<p>Els professionals dels centres i les fam\u00edlies compartim un objectiu:\u00a0l&#8217;\u00e8xit social i personal dels fills. Les decisions que es prenen al consell escolar s\u00f3n claus\u00a0per al funcionament i la millora del centre i, per tant, tamb\u00e9 per a l&#8217;\u00e8xit educatiu de tots els alumnes. \u00c9s per aquest motiu que la participaci\u00f3 i implicaci\u00f3 dels pares en les eleccions al consell escolar \u00e9s tan important.<\/p>\n<p>Quan les fam\u00edlies participeu en les eleccions, doneu suport al vostre candidat i delegueu en la seva veu i representaci\u00f3. Aix\u00ed feu arribar les seves opinions i aportacions. \u00c9s important que participeu en les eleccions al consell escolar perqu\u00e8:<\/p>\n<ul>\n<li>Sou els responsables de la formaci\u00f3 dels vostres fills i \u00e9s important tenir uns bons representants al consell escolar que us informin i facin arribar la vostra veu.<\/li>\n<li>Les fam\u00edlies i els docents compartim un mateix objectiu. Per aix\u00f2 hem de ser capa\u00e7os de decidir, entre tots, a qu\u00e8 ens comprometem per aconseguir-ho.<\/li>\n<li>Les fam\u00edlies teniu el dret de participar de manera democr\u00e0tica en l\u2019organitzaci\u00f3 del centre. Aquesta \u00e9s una manera de valorar l&#8217;escola i tamb\u00e9 contribu\u00efu que el vostre fill la valori.<\/li>\n<li>L&#8217;\u00e8xit educatiu del vostre fill tamb\u00e9 dep\u00e8n del funcionament i el clima de centre. Implicar-vos en el seguiment i l&#8217;avaluaci\u00f3 d&#8217;aquest funcionament incideix en el desenvolupament i creixement personal dels vostres fills.<\/li>\n<li>\u00c9s important tenir una escola oberta a l&#8217;entorn, que col\u00b7labori amb els altres centres i les diferents entitats i que entre tots pugueu fer del vostre municipi, barri o poble un entorn m\u00e9s educatiu i cohesionat. El consell escolar decideix quines han de ser aquestes relacions.<\/li>\n<\/ul>\n<\/div>\n<\/div>\n<\/div>\n<div class=\"FW_sTitolFons\"><\/div>\n<div class=\"FW_sPregunta FW_sImpacte\"><\/div>\n<p><a href=\"http:\/\/familiaiescola.gencat.cat\/ca\/escolaritat\/participacio-compromis\/participacio-coresponsabilitzacio\/participacio-funcionament-centre\/consell-escolar\/\">http:\/\/familiaiescola.gencat.cat\/ca\/escolaritat\/participacio-compromis\/participacio-coresponsabilitzacio\/participacio-funcionament-centre\/consell-escolar\/<\/a><\/p>\n<p>&nbsp;<\/p>\n","protected":false},"excerpt":{"rendered":"<p><a href=\"https:\/\/agora.xtec.cat\/escolalaclosa\/wp-content\/uploads\/usu692\/2018\/11\/votacio-consell.jpg\"><\/a><br \/>\nRecordeu: dimecres 28\/11\/2018 des de les 15.30 a les 17.30 a la sala de professors de l&#8217; escola, eleccions al Consell escolar per escollir representants de pares i mares<\/p>\n<ul>\n<li>Cada elector (pare i mare o representants legals dels alumnes) podr\u00e0 votar un nombre m\u00e0xim de&hellip;  <a href=\"https:\/\/agora.xtec.cat\/escolalaclosa\/general\/vota-els-teus-representants-al-consell-escolar\/\" title=\"Read Vota els teus representants al Consell escolar !\">Llegeix m\u00e9s\u00bb<\/a><br \/>\n","protected":false},"author":1,"featured_media":2360,"comment_status":"open","ping_status":"closed","sticky":false,"template":"","format":"standard","meta":{"_bbp_topic_count":0,"_bbp_reply_count":0,"_bbp_total_topic_count":0,"_bbp_total_reply_count":0,"_bbp_voice_count":0,"_bbp_anonymous_reply_count":0,"_bbp_topic_count_hidden":0,"_bbp_reply_count_hidden":0,"_bbp_forum_subforum_count":0,"footnotes":""},"categories":[1,4],"tags":[],"class_list":["post-2359","post","type-post","status-publish","format-standard","has-post-thumbnail","hentry","category-general","category-portada"],"post_mailing_queue_ids":[],"_links":{"self":[{"href":"https:\/\/agora.xtec.cat\/escolalaclosa\/wp-json\/wp\/v2\/posts\/2359","targetHints":{"allow":["GET"]}}],"collection":[{"href":"https:\/\/agora.xtec.cat\/escolalaclosa\/wp-json\/wp\/v2\/posts"}],"about":[{"href":"https:\/\/agora.xtec.cat\/escolalaclosa\/wp-json\/wp\/v2\/types\/post"}],"author":[{"embeddable":true,"href":"https:\/\/agora.xtec.cat\/escolalaclosa\/wp-json\/wp\/v2\/users\/1"}],"replies":[{"embeddable":true,"href":"https:\/\/agora.xtec.cat\/escolalaclosa\/wp-json\/wp\/v2\/comments?post=2359"}],"version-history":[{"count":3,"href":"https:\/\/agora.xtec.cat\/escolalaclosa\/wp-json\/wp\/v2\/posts\/2359\/revisions"}],"predecessor-version":[{"id":2380,"href":"https:\/\/agora.xtec.cat\/escolalaclosa\/wp-json\/wp\/v2\/posts\/2359\/revisions\/2380"}],"wp:featuredmedia":[{"embeddable":true,"href":"https:\/\/agora.xtec.cat\/escolalaclosa\/wp-json\/wp\/v2\/media\/2360"}],"wp:attachment":[{"href":"https:\/\/agora.xtec.cat\/escolalaclosa\/wp-json\/wp\/v2\/media?parent=2359"}],"wp:term":[{"taxonomy":"category","embeddable":true,"href":"https:\/\/agora.xtec.cat\/escolalaclosa\/wp-json\/wp\/v2\/categories?post=2359"},{"taxonomy":"post_tag","embeddable":true,"href":"https:\/\/agora.xtec.cat\/escolalaclosa\/wp-json\/wp\/v2\/tags?post=2359"}],"curies":[{"name":"wp","href":"https:\/\/api.w.org\/{rel}","templated":true}]}}