{"id":3000,"date":"2024-06-20T22:08:21","date_gmt":"2024-06-20T20:08:21","guid":{"rendered":"https:\/\/agora.xtec.cat\/escolalabobila\/?p=3000"},"modified":"2024-06-20T22:19:47","modified_gmt":"2024-06-20T20:19:47","slug":"una-estona-amb-lanna-mama-de-la-chloe","status":"publish","type":"post","link":"https:\/\/agora.xtec.cat\/escolalabobila\/general\/una-estona-amb-lanna-mama-de-la-chloe\/","title":{"rendered":"UNA ESTONA AMB L&#8217;ANNA, MAMA DE LA CHLOE!"},"content":{"rendered":"<p style=\"text-align: justify;\">El dilluns ens va visitar a la classe dels Nanos l\u2019Anna, la mama de la Chloe Racero. L&#8217;Anna ens van explicar un conte molt bonic i especial <em>&#8220;De quin color \u00e9s un pet\u00f3?&#8221;<\/em> que ens va agradar molt\u00edssim.<\/p>\n<p style=\"text-align: justify;\">A la protagonista, la MiniMoni, li encanta pintar mil coses de colors: marietes vermelles, cels blaus, pl\u00e0tans grocs\u2026 per\u00f2 mai no ha pintat un pet\u00f3. De quin color deu ser? Amb l&#8217;ajuda de l&#8217;Anna van descobrir de quin color poden ser els petons.<\/p>\n<p style=\"text-align: justify;\">Despr\u00e9s de la lectura del conte, els hi va repartir un pet\u00f3 i cadasc\u00fa el va poder pintar del color que m\u00e9s li agradava.<\/p>\n<p style=\"text-align: justify;\">Anna, moltes gr\u00e0cies per la teva visita i per l\u2019estona que vam passar tots junts!<\/p>\n<p><iframe loading=\"lazy\" title=\"Video Player\" id=\"vp1WGiMk\" width=\"500\" height=\"281\" frameborder=\"0\" src=\"https:\/\/s3.amazonaws.com\/embed.animoto.com\/play.html?w=swf\/production\/vp1&#038;e=1719989341&#038;f=WGiMkWYbAsE4m4HfFcjm0Q&#038;d=0&#038;m=p&#038;r=360p+720p&#038;i=m&#038;asset_domain=s3-p.animoto.com&#038;animoto_domain=animoto.com&#038;options=\" allowfullscreen><\/iframe><\/p>\n<p>&nbsp;<\/p>\n<p>&nbsp;<\/p>\n","protected":false},"excerpt":{"rendered":"<p>El dilluns ens va visitar a la classe dels Nanos l\u2019Anna, la mama de la Chloe Racero. L&#8217;Anna ens van explicar un conte molt bonic i especial &#8220;De quin color \u00e9s un pet\u00f3?&#8221; que ens va agradar molt\u00edssim.<br \/>\nA la protagonista, la MiniMoni, li encanta pintar&hellip;  <a href=\"https:\/\/agora.xtec.cat\/escolalabobila\/general\/una-estona-amb-lanna-mama-de-la-chloe\/\" title=\"Read UNA ESTONA AMB L&#8217;ANNA, MAMA DE LA CHLOE!\">Llegeix m\u00e9s\u00bb<\/a><\/p>\n","protected":false},"author":9,"featured_media":3001,"comment_status":"open","ping_status":"closed","sticky":false,"template":"","format":"standard","meta":{"_bbp_topic_count":0,"_bbp_reply_count":0,"_bbp_total_topic_count":0,"_bbp_total_reply_count":0,"_bbp_voice_count":0,"_bbp_anonymous_reply_count":0,"_bbp_topic_count_hidden":0,"_bbp_reply_count_hidden":0,"_bbp_forum_subforum_count":0,"footnotes":""},"categories":[1,3,2,4],"tags":[],"class_list":["post-3000","post","type-post","status-publish","format-standard","has-post-thumbnail","hentry","category-general","category-i3","category-infantil","category-portada"],"post_mailing_queue_ids":[],"_links":{"self":[{"href":"https:\/\/agora.xtec.cat\/escolalabobila\/wp-json\/wp\/v2\/posts\/3000","targetHints":{"allow":["GET"]}}],"collection":[{"href":"https:\/\/agora.xtec.cat\/escolalabobila\/wp-json\/wp\/v2\/posts"}],"about":[{"href":"https:\/\/agora.xtec.cat\/escolalabobila\/wp-json\/wp\/v2\/types\/post"}],"author":[{"embeddable":true,"href":"https:\/\/agora.xtec.cat\/escolalabobila\/wp-json\/wp\/v2\/users\/9"}],"replies":[{"embeddable":true,"href":"https:\/\/agora.xtec.cat\/escolalabobila\/wp-json\/wp\/v2\/comments?post=3000"}],"version-history":[{"count":5,"href":"https:\/\/agora.xtec.cat\/escolalabobila\/wp-json\/wp\/v2\/posts\/3000\/revisions"}],"predecessor-version":[{"id":3022,"href":"https:\/\/agora.xtec.cat\/escolalabobila\/wp-json\/wp\/v2\/posts\/3000\/revisions\/3022"}],"wp:featuredmedia":[{"embeddable":true,"href":"https:\/\/agora.xtec.cat\/escolalabobila\/wp-json\/wp\/v2\/media\/3001"}],"wp:attachment":[{"href":"https:\/\/agora.xtec.cat\/escolalabobila\/wp-json\/wp\/v2\/media?parent=3000"}],"wp:term":[{"taxonomy":"category","embeddable":true,"href":"https:\/\/agora.xtec.cat\/escolalabobila\/wp-json\/wp\/v2\/categories?post=3000"},{"taxonomy":"post_tag","embeddable":true,"href":"https:\/\/agora.xtec.cat\/escolalabobila\/wp-json\/wp\/v2\/tags?post=3000"}],"curies":[{"name":"wp","href":"https:\/\/api.w.org\/{rel}","templated":true}]}}