{"id":9976,"date":"2019-03-12T07:47:15","date_gmt":"2019-03-12T06:47:15","guid":{"rendered":"http:\/\/agora.xtec.cat\/escolajverdaguer\/?p=9976"},"modified":"2024-02-27T10:53:53","modified_gmt":"2024-02-27T09:53:53","slug":"reconeixement-com-a-centre-innovador","status":"publish","type":"post","link":"https:\/\/agora.xtec.cat\/escolajverdaguer\/portada\/reconeixement-com-a-centre-innovador\/","title":{"rendered":"Reconeixement com a centre &#8220;innovador&#8221;"},"content":{"rendered":"<h2 style=\"text-align: center;\"><strong>L&#8217;Escola Jacint Verdaguer <\/strong><\/h2>\n<h2 style=\"text-align: center;\"><strong>\u00a0reconeguda com a &#8220;Centre Innovador&#8221;<\/strong><\/h2>\n<h3 style=\"text-align: center;\">La nostra escola ha estat certificada com a <b>&#8220;centre innovador&#8221;<\/b> i que contribueix a la millora del sistema.<\/h3>\n<h5 style=\"text-align: center;\"><span style=\"color: #0000ff;\"><a href=\"https:\/\/innovacio.xtec.gencat.cat\/projecte\/1001|08015961|0\" target=\"_blank\" rel=\"noopener\">&#8220;Digitalitzem el curr\u00edculum mitjan\u00e7ant el treball per projectes&#8221; <span style=\"color: #0000ff;\">(enlla\u00e7)<\/span><\/a><br \/>\n<\/span><\/h5>\n<p><a href=\"https:\/\/agora.xtec.cat\/escolajverdaguer\/wp-content\/uploads\/usu585\/2019\/03\/Captura-de-pantalla-2019-03-12-a-les-8.02.19.png\"><img loading=\"lazy\" decoding=\"async\" class=\"alignnone size-full wp-image-9992\" src=\"https:\/\/agora.xtec.cat\/escolajverdaguer\/wp-content\/uploads\/usu585\/2019\/03\/Captura-de-pantalla-2019-03-12-a-les-8.02.19.png\" alt=\"\" width=\"1070\" height=\"216\" srcset=\"https:\/\/agora.xtec.cat\/escolajverdaguer\/wp-content\/uploads\/usu585\/2019\/03\/Captura-de-pantalla-2019-03-12-a-les-8.02.19.png 1070w, https:\/\/agora.xtec.cat\/escolajverdaguer\/wp-content\/uploads\/usu585\/2019\/03\/Captura-de-pantalla-2019-03-12-a-les-8.02.19-300x61.png 300w, https:\/\/agora.xtec.cat\/escolajverdaguer\/wp-content\/uploads\/usu585\/2019\/03\/Captura-de-pantalla-2019-03-12-a-les-8.02.19-768x155.png 768w, https:\/\/agora.xtec.cat\/escolajverdaguer\/wp-content\/uploads\/usu585\/2019\/03\/Captura-de-pantalla-2019-03-12-a-les-8.02.19-1024x207.png 1024w\" sizes=\"auto, (max-width: 1070px) 100vw, 1070px\" \/><\/a><\/p>\n<p><!--more--><\/p>\n<div>El departament \u00e9s coneixedor que en els \u00faltims cinc anys a Catalunya s\u2019han dut a terme moltes experi\u00e8ncies al territori i s\u2019ha treballat intensament per assolir la millora de la qualitat dels serveis oferts a l\u2019alumnat i a les seves fam\u00edlies.<\/div>\n<div><\/div>\n<div><\/div>\n<div>Hi ha centres com el nostre que <b>hem canviat les metodologies d\u2019aula,<\/b> l\u2019<b>organitzaci\u00f3 escolar<\/b> i que estem generant <b>noves oportunitats d\u2019aprenentatges<\/b>.<\/div>\n<div><\/div>\n<div><\/div>\n<div>El Departament d&#8217;Ensenyament va decidir obrir una convocat\u00f2ria per tal de recon\u00e8ixer i per tant certificar els projectes d&#8217;innovaci\u00f3 pedag\u00f2gica dels centres.<\/div>\n<div><\/div>\n<div><\/div>\n<div>La nostra escola ha estat certificada com a <b>&#8220;centre innovador&#8221;<\/b> i que contribueix a la millora del sistema.<\/div>\n<div><\/div>\n<div><\/div>\n<div>Estem molt contents per aquest reconeixement per part de l&#8217;Administraci\u00f3 ja que posa en valor el gran treball que est\u00e0 realitzant la nostra escola curs a curs.<\/div>\n<div><\/div>\n<div><\/div>\n<div style=\"text-align: center;\"><b>Gr\u00e0cies a tota la comunitat educativa del Jacint Verdaguer:<br \/>\n<\/b><\/div>\n<div style=\"text-align: center;\"><b>mestres, fam\u00edlies i alumnes.<\/b><\/div>\n<p>&#8212;<\/p>\n<div class=\"gmail_signature\" dir=\"ltr\" data-smartmail=\"gmail_signature\">\n<div dir=\"ltr\">\n<div>\n<div>Francesc Morilla G\u00f3mez<\/div>\n<div>Director<\/div>\n<div dir=\"ltr\">\n<p>&nbsp;<\/p>\n<div>\n<p>&nbsp;<\/p>\n<div><\/div>\n<\/div>\n<\/div>\n<\/div>\n<\/div>\n<\/div>\n","protected":false},"excerpt":{"rendered":"<p>L&#8217;Escola Jacint Verdaguer \u00a0reconeguda com a &#8220;Centre Innovador&#8221; La nostra escola ha estat certificada com a &#8220;centre innovador&#8221; i que contribueix a la millora del sistema. &#8220;Digitalitzem el curr\u00edculum mitjan\u00e7ant el treball per projectes&#8221; (enlla\u00e7)<\/p>\n","protected":false},"author":1,"featured_media":0,"comment_status":"closed","ping_status":"closed","sticky":false,"template":"","format":"standard","meta":{"_bbp_topic_count":0,"_bbp_reply_count":0,"_bbp_total_topic_count":0,"_bbp_total_reply_count":0,"_bbp_voice_count":0,"_bbp_anonymous_reply_count":0,"_bbp_topic_count_hidden":0,"_bbp_reply_count_hidden":0,"_bbp_forum_subforum_count":0,"site-sidebar-layout":"default","site-content-layout":"","ast-site-content-layout":"","site-content-style":"default","site-sidebar-style":"default","ast-global-header-display":"","ast-banner-title-visibility":"","ast-main-header-display":"","ast-hfb-above-header-display":"","ast-hfb-below-header-display":"","ast-hfb-mobile-header-display":"","site-post-title":"","ast-breadcrumbs-content":"","ast-featured-img":"","footer-sml-layout":"","theme-transparent-header-meta":"","adv-header-id-meta":"","stick-header-meta":"","header-above-stick-meta":"","header-main-stick-meta":"","header-below-stick-meta":"","astra-migrate-meta-layouts":"default","ast-page-background-enabled":"default","ast-page-background-meta":{"desktop":{"background-color":"var(--ast-global-color-4)","background-image":"","background-repeat":"repeat","background-position":"center center","background-size":"auto","background-attachment":"scroll","background-type":"","background-media":"","overlay-type":"","overlay-color":"","overlay-opacity":"","overlay-gradient":""},"tablet":{"background-color":"","background-image":"","background-repeat":"repeat","background-position":"center center","background-size":"auto","background-attachment":"scroll","background-type":"","background-media":"","overlay-type":"","overlay-color":"","overlay-opacity":"","overlay-gradient":""},"mobile":{"background-color":"","background-image":"","background-repeat":"repeat","background-position":"center center","background-size":"auto","background-attachment":"scroll","background-type":"","background-media":"","overlay-type":"","overlay-color":"","overlay-opacity":"","overlay-gradient":""}},"ast-content-background-meta":{"desktop":{"background-color":"var(--ast-global-color-5)","background-image":"","background-repeat":"repeat","background-position":"center center","background-size":"auto","background-attachment":"scroll","background-type":"","background-media":"","overlay-type":"","overlay-color":"","overlay-opacity":"","overlay-gradient":""},"tablet":{"background-color":"var(--ast-global-color-5)","background-image":"","background-repeat":"repeat","background-position":"center center","background-size":"auto","background-attachment":"scroll","background-type":"","background-media":"","overlay-type":"","overlay-color":"","overlay-opacity":"","overlay-gradient":""},"mobile":{"background-color":"var(--ast-global-color-5)","background-image":"","background-repeat":"repeat","background-position":"center center","background-size":"auto","background-attachment":"scroll","background-type":"","background-media":"","overlay-type":"","overlay-color":"","overlay-opacity":"","overlay-gradient":""}},"footnotes":""},"categories":[4],"tags":[],"class_list":["post-9976","post","type-post","status-publish","format-standard","hentry","category-portada"],"post_mailing_queue_ids":[],"_links":{"self":[{"href":"https:\/\/agora.xtec.cat\/escolajverdaguer\/wp-json\/wp\/v2\/posts\/9976","targetHints":{"allow":["GET"]}}],"collection":[{"href":"https:\/\/agora.xtec.cat\/escolajverdaguer\/wp-json\/wp\/v2\/posts"}],"about":[{"href":"https:\/\/agora.xtec.cat\/escolajverdaguer\/wp-json\/wp\/v2\/types\/post"}],"author":[{"embeddable":true,"href":"https:\/\/agora.xtec.cat\/escolajverdaguer\/wp-json\/wp\/v2\/users\/1"}],"replies":[{"embeddable":true,"href":"https:\/\/agora.xtec.cat\/escolajverdaguer\/wp-json\/wp\/v2\/comments?post=9976"}],"version-history":[{"count":5,"href":"https:\/\/agora.xtec.cat\/escolajverdaguer\/wp-json\/wp\/v2\/posts\/9976\/revisions"}],"predecessor-version":[{"id":12298,"href":"https:\/\/agora.xtec.cat\/escolajverdaguer\/wp-json\/wp\/v2\/posts\/9976\/revisions\/12298"}],"wp:attachment":[{"href":"https:\/\/agora.xtec.cat\/escolajverdaguer\/wp-json\/wp\/v2\/media?parent=9976"}],"wp:term":[{"taxonomy":"category","embeddable":true,"href":"https:\/\/agora.xtec.cat\/escolajverdaguer\/wp-json\/wp\/v2\/categories?post=9976"},{"taxonomy":"post_tag","embeddable":true,"href":"https:\/\/agora.xtec.cat\/escolajverdaguer\/wp-json\/wp\/v2\/tags?post=9976"}],"curies":[{"name":"wp","href":"https:\/\/api.w.org\/{rel}","templated":true}]}}