{"id":9833,"date":"2018-12-04T16:19:44","date_gmt":"2018-12-04T15:19:44","guid":{"rendered":"http:\/\/agora.xtec.cat\/escolajverdaguer\/?p=9833"},"modified":"2018-12-04T16:19:44","modified_gmt":"2018-12-04T15:19:44","slug":"resultats-de-les-eleccions-al-consell-escolar","status":"publish","type":"post","link":"https:\/\/agora.xtec.cat\/escolajverdaguer\/afa\/resultats-de-les-eleccions-al-consell-escolar\/","title":{"rendered":"Resultats de les Eleccions al Consell Escolar"},"content":{"rendered":"<div>Bona tarda,<\/div>\n<div>en el desenvolupament de la jornada electoral els pares i les mares dels nostres alumnes han votat als seus candidats electes pel Consell Escolar.<\/div>\n<div>En total s&#8217;ha registrat una participaci\u00f3 del 25,81% del total del cens.<\/div>\n<div>Aquest <span class=\"il\">resultat<\/span> \u00e9s un <b>\u00e8xit de participaci\u00f3 per a la nostra comunitat<\/b> ja que cada dia hi ha m\u00e9s fam\u00edlies implicades en la vida i la din\u00e0mica del centre. <b>Felicitacions a tots els participants!<\/b><\/div>\n<div><\/div>\n<div>En acabar les votacions s&#8217;ha realitzat l&#8217;escrutini dels vots amb els seg\u00fcents <span class=\"il\">resultats<\/span>:<\/div>\n<div>\n<ol>\n<li>Soledad Mart\u00ednez: 75 vots;<\/li>\n<li>Javier Manzaneda: 37 vots;<\/li>\n<li>Eli Alc\u00e1zar: 36 vots;<\/li>\n<li>Sonia Rodr\u00edguez: 18 vots.<\/li>\n<\/ol>\n<\/div>\n<div>Queden escollits com a nous membres del Consell Escolar:<\/div>\n<div>\n<ul>\n<li>Soledad Mart\u00ednez i Javier Manzaneda.<\/li>\n<\/ul>\n<\/div>\n<div><\/div>\n<div>En la propera reuni\u00f3 de Consell Escolar es constituir\u00e0 el nou Consell i es realitzar\u00e0 la presa de possessi\u00f3 dels membres renovats de cadascun dels sectors.<\/div>\n<div><\/div>\n<div>Nom\u00e9s em resta agrair-li a tots els candidats la seva estimada participaci\u00f3 i voluntat electoral.<\/div>\n<div><\/div>\n<div>Moltes gr\u00e0cies<\/div>\n","protected":false},"excerpt":{"rendered":"<p>Bona tarda, en el desenvolupament de la jornada electoral els pares i les mares dels nostres alumnes han votat als seus candidats electes pel Consell Escolar. En total s&#8217;ha registrat una participaci\u00f3 del 25,81% del total del cens. Aquest resultat \u00e9s un \u00e8xit de participaci\u00f3 per a la nostra comunitat ja que cada dia hi [&hellip;]<\/p>\n","protected":false},"author":1,"featured_media":0,"comment_status":"closed","ping_status":"closed","sticky":false,"template":"","format":"standard","meta":{"_bbp_topic_count":0,"_bbp_reply_count":0,"_bbp_total_topic_count":0,"_bbp_total_reply_count":0,"_bbp_voice_count":0,"_bbp_anonymous_reply_count":0,"_bbp_topic_count_hidden":0,"_bbp_reply_count_hidden":0,"_bbp_forum_subforum_count":0,"site-sidebar-layout":"default","site-content-layout":"","ast-site-content-layout":"","site-content-style":"default","site-sidebar-style":"default","ast-global-header-display":"","ast-banner-title-visibility":"","ast-main-header-display":"","ast-hfb-above-header-display":"","ast-hfb-below-header-display":"","ast-hfb-mobile-header-display":"","site-post-title":"","ast-breadcrumbs-content":"","ast-featured-img":"","footer-sml-layout":"","theme-transparent-header-meta":"","adv-header-id-meta":"","stick-header-meta":"","header-above-stick-meta":"","header-main-stick-meta":"","header-below-stick-meta":"","astra-migrate-meta-layouts":"default","ast-page-background-enabled":"default","ast-page-background-meta":{"desktop":{"background-color":"var(--ast-global-color-4)","background-image":"","background-repeat":"repeat","background-position":"center center","background-size":"auto","background-attachment":"scroll","background-type":"","background-media":"","overlay-type":"","overlay-color":"","overlay-opacity":"","overlay-gradient":""},"tablet":{"background-color":"","background-image":"","background-repeat":"repeat","background-position":"center center","background-size":"auto","background-attachment":"scroll","background-type":"","background-media":"","overlay-type":"","overlay-color":"","overlay-opacity":"","overlay-gradient":""},"mobile":{"background-color":"","background-image":"","background-repeat":"repeat","background-position":"center center","background-size":"auto","background-attachment":"scroll","background-type":"","background-media":"","overlay-type":"","overlay-color":"","overlay-opacity":"","overlay-gradient":""}},"ast-content-background-meta":{"desktop":{"background-color":"var(--ast-global-color-5)","background-image":"","background-repeat":"repeat","background-position":"center center","background-size":"auto","background-attachment":"scroll","background-type":"","background-media":"","overlay-type":"","overlay-color":"","overlay-opacity":"","overlay-gradient":""},"tablet":{"background-color":"var(--ast-global-color-5)","background-image":"","background-repeat":"repeat","background-position":"center center","background-size":"auto","background-attachment":"scroll","background-type":"","background-media":"","overlay-type":"","overlay-color":"","overlay-opacity":"","overlay-gradient":""},"mobile":{"background-color":"var(--ast-global-color-5)","background-image":"","background-repeat":"repeat","background-position":"center center","background-size":"auto","background-attachment":"scroll","background-type":"","background-media":"","overlay-type":"","overlay-color":"","overlay-opacity":"","overlay-gradient":""}},"footnotes":""},"categories":[7],"tags":[],"class_list":["post-9833","post","type-post","status-publish","format-standard","hentry","category-afa"],"post_mailing_queue_ids":[],"_links":{"self":[{"href":"https:\/\/agora.xtec.cat\/escolajverdaguer\/wp-json\/wp\/v2\/posts\/9833","targetHints":{"allow":["GET"]}}],"collection":[{"href":"https:\/\/agora.xtec.cat\/escolajverdaguer\/wp-json\/wp\/v2\/posts"}],"about":[{"href":"https:\/\/agora.xtec.cat\/escolajverdaguer\/wp-json\/wp\/v2\/types\/post"}],"author":[{"embeddable":true,"href":"https:\/\/agora.xtec.cat\/escolajverdaguer\/wp-json\/wp\/v2\/users\/1"}],"replies":[{"embeddable":true,"href":"https:\/\/agora.xtec.cat\/escolajverdaguer\/wp-json\/wp\/v2\/comments?post=9833"}],"version-history":[{"count":1,"href":"https:\/\/agora.xtec.cat\/escolajverdaguer\/wp-json\/wp\/v2\/posts\/9833\/revisions"}],"predecessor-version":[{"id":9834,"href":"https:\/\/agora.xtec.cat\/escolajverdaguer\/wp-json\/wp\/v2\/posts\/9833\/revisions\/9834"}],"wp:attachment":[{"href":"https:\/\/agora.xtec.cat\/escolajverdaguer\/wp-json\/wp\/v2\/media?parent=9833"}],"wp:term":[{"taxonomy":"category","embeddable":true,"href":"https:\/\/agora.xtec.cat\/escolajverdaguer\/wp-json\/wp\/v2\/categories?post=9833"},{"taxonomy":"post_tag","embeddable":true,"href":"https:\/\/agora.xtec.cat\/escolajverdaguer\/wp-json\/wp\/v2\/tags?post=9833"}],"curies":[{"name":"wp","href":"https:\/\/api.w.org\/{rel}","templated":true}]}}