{"id":9777,"date":"2018-11-04T14:32:39","date_gmt":"2018-11-04T13:32:39","guid":{"rendered":"http:\/\/agora.xtec.cat\/escolajverdaguer\/?p=9777"},"modified":"2018-11-04T14:32:39","modified_gmt":"2018-11-04T13:32:39","slug":"eleccions-al-consell-escolar-2","status":"publish","type":"post","link":"https:\/\/agora.xtec.cat\/escolajverdaguer\/portada\/eleccions-al-consell-escolar-2\/","title":{"rendered":"Eleccions al Consell Escolar"},"content":{"rendered":"<p><a href=\"https:\/\/youtu.be\/zkJNmb4InKg\" target=\"_blank\" rel=\"noopener\"><img loading=\"lazy\" decoding=\"async\" class=\"wp-image-9778 aligncenter\" src=\"https:\/\/agora.xtec.cat\/escolajverdaguer\/wp-content\/uploads\/usu585\/2018\/11\/Captura-de-pantalla-2018-11-04-a-las-14.02.42.png\" alt=\"\" width=\"482\" height=\"273\" srcset=\"https:\/\/agora.xtec.cat\/escolajverdaguer\/wp-content\/uploads\/usu585\/2018\/11\/Captura-de-pantalla-2018-11-04-a-las-14.02.42.png 604w, https:\/\/agora.xtec.cat\/escolajverdaguer\/wp-content\/uploads\/usu585\/2018\/11\/Captura-de-pantalla-2018-11-04-a-las-14.02.42-300x170.png 300w\" sizes=\"auto, (max-width: 482px) 100vw, 482px\" \/><\/a><!--more--><\/p>\n<p>A partir del 5 de novembre comen\u00e7a el proc\u00e9s de renovaci\u00f3 del consell escolar del nostre centre. I el 50% dels membres s\u2019ha de renovar.<\/p>\n<p>\u00c9s per aix\u00f2 que us demanem que hi participeu!!!!!!<\/p>\n<p style=\"text-align: center;\"><strong>Es renoven dos candidats del Consell Escolar.<\/strong><\/p>\n<p>A continuaci\u00f3 us indico les dates a tenir en compte en tot el proc\u00e9s d&#8217;elecci\u00f3:<\/p>\n<p><strong>El 05 de novembre de 2018. <\/strong>Publicarem al tauler d\u2019anuncis del nostre vest\u00edbul les dades dels\u00a0cens electoral del sector pares i mares de l\u2019alumnat.<\/p>\n<p><strong>Del 06 al 09 de novembre de 2018. <\/strong>A partir de la data de publicaci\u00f3 dels cens, s\u2019obre el termini de\u00a0<strong>presentaci\u00f3 de reclamacions<\/strong>\u00a0en relaci\u00f3 amb les dades del cens electoral publicat.<\/p>\n<p><strong>Del 06 al 16 de novembre de 2018.\u00a0<\/strong><strong>Presentaci\u00f3 de candidatures. <\/strong>\u00daltim dia per a la presentaci\u00f3 de candidatures dels diferents sectors.<a href=\"https:\/\/agora.xtec.cat\/escolajverdaguer\/wp-content\/uploads\/usu585\/2018\/11\/Presentacio_candidatura.pdf\" target=\"_blank\" rel=\"noopener\"><img loading=\"lazy\" decoding=\"async\" class=\"alignnone  wp-image-9439\" src=\"https:\/\/agora.xtec.cat\/escolajverdaguer\/wp-content\/uploads\/usu585\/2018\/02\/Pdf-icon.png\" alt=\"\" width=\"39\" height=\"39\" srcset=\"https:\/\/agora.xtec.cat\/escolajverdaguer\/wp-content\/uploads\/usu585\/2018\/02\/Pdf-icon.png 256w, https:\/\/agora.xtec.cat\/escolajverdaguer\/wp-content\/uploads\/usu585\/2018\/02\/Pdf-icon-150x150.png 150w\" sizes=\"auto, (max-width: 39px) 100vw, 39px\" \/> Presentaci\u00f3 de candidatura.<\/a><\/p>\n<p><strong>El 20 de novembre de 2018,\u00a0<\/strong><strong>Publicaci\u00f3 de les candidatures<\/strong><\/p>\n<p>Avui \u00e9s l\u2019\u00faltim dia per publicar les candidatures dels diferents sectors.<\/p>\n<p><strong>29 de novembre de 2018.\u00a0<\/strong><strong>Votacions<\/strong><\/p>\n<p>horari a concretar.<\/p>\n<div class=\"FW_BorderContTop\">\n<div class=\"FW_BorderContLeft\">\n<div class=\"FW_BorderContRight\">\n<div class=\"FW_BorderContBottom\">\n<div class=\"FW_sPadding4\">\n<ul class=\"FW_sLlistaComu\">\n<li class=\"FW_sInlineImagNoti FW_sInlineRelArticle\"><a class=\"FW_titBullet FW_sLinkNegreta\" title=\"Aquest enlla\u00e7 s'obre en una nova pestanya: Per saber-ne m\u00e9s\" href=\"http:\/\/ensenyament.gencat.cat\/ca\/arees-actuacio\/centres-serveis-educatius\/centres\/consells-escolars-centres\/\" target=\"_blank\" rel=\"noopener\">Per saber-ne m\u00e9s<\/a> <a class=\"FW_sNoUnderline\" title=\"Aquest enlla\u00e7 s'obre en una nova pestanya: Per saber-ne m\u00e9s\" href=\"http:\/\/ensenyament.gencat.cat\/ca\/arees-actuacio\/centres-serveis-educatius\/centres\/consells-escolars-centres\/\" target=\"_blank\" rel=\"noopener\"><span class=\"FW_sPopup\">\u00a0<\/span><\/a><\/li>\n<li class=\"FW_sInlineImagNoti FW_sInlineRelArticle\"><a class=\"FW_titBullet FW_sLinkNegreta\" title=\"M\u00e9s informaci\u00f3 sobre el \" href=\"http:\/\/familiaiescola.gencat.cat\/ca\/escolaritat\/participacio-compromis\/participacio-coresponsabilitzacio\/participacio-funcionament-centre\/consell-escolar\/\">M\u00e9s informaci\u00f3 sobre el &#8220;Consell escolar&#8221;<\/a><\/li>\n<li class=\"FW_sInlineImagNoti FW_sInlineRelArticle\"><a class=\"FW_titBullet FW_sLinkNegreta\" title=\"Consell escolar. Eleccions - Funcions del consell escolar als centres p\u00fablics\" href=\"http:\/\/familiaiescola.gencat.cat\/web\/.content\/home\/recomanacions\/eleccions_als_consells_escolars\/consell-escolar-funcions.pdf\">Consell escolar. Eleccions &#8211; Funcions del consell escolar als centres p\u00fablics<\/a> <a class=\"FW_sNoUnderline FW_sPdf\" title=\"Consell escolar. Eleccions - Funcions del consell escolar als centres p\u00fablics\" href=\"http:\/\/familiaiescola.gencat.cat\/web\/.content\/home\/recomanacions\/eleccions_als_consells_escolars\/consell-escolar-funcions.pdf\">\u00a0<\/a><span class=\"FW_sDocList\">[PDF, 320,44 KB ]<\/span><\/li>\n<li class=\"FW_sInlineImagNoti FW_sInlineRelArticle\"><a class=\"FW_titBullet FW_sLinkNegreta\" title=\"Consell escolar. Eleccions - Calendari 2018\" href=\"http:\/\/familiaiescola.gencat.cat\/web\/.content\/home\/recomanacions\/eleccions_als_consells_escolars\/consell-escolar-calendari.pdf\">Consell escolar. Eleccions &#8211; Calendari 2018<\/a> <a class=\"FW_sNoUnderline FW_sPdf\" title=\"Consell escolar. Eleccions - Calendari 2018\" href=\"http:\/\/familiaiescola.gencat.cat\/web\/.content\/home\/recomanacions\/eleccions_als_consells_escolars\/consell-escolar-calendari.pdf\">\u00a0<\/a><span class=\"FW_sDocList\">[PDF, 249,84 KB ]<\/span><\/li>\n<li class=\"FW_sInlineImagNoti FW_sInlineRelArticle\"><a class=\"FW_titBullet FW_sLinkNegreta\" title=\"Orientacions per als representants dels pares i mares en el consell escolar\" href=\"http:\/\/familiaiescola.gencat.cat\/web\/.content\/home\/recomanacions\/eleccions_als_consells_escolars\/orientacions-pares-mares-ce.pdf\">Orientacions per als representants dels pares i mares en el consell escolar<\/a> <a class=\"FW_sNoUnderline FW_sPdf\" title=\"Orientacions per als representants dels pares i mares en el consell escolar\" href=\"http:\/\/familiaiescola.gencat.cat\/web\/.content\/home\/recomanacions\/eleccions_als_consells_escolars\/orientacions-pares-mares-ce.pdf\">\u00a0<\/a><span class=\"FW_sDocList\">[PDF, 5,9 MB ]<\/span><\/li>\n<li class=\"FW_sInlineImagNoti FW_sInlineRelArticle\"><a class=\"FW_titBullet FW_sLinkNegreta\" title=\"Aquest enlla\u00e7 s'obre en una nova pestanya: Decret 102\/2010, de 3 d'agost\" href=\"http:\/\/portaljuridic.gencat.cat\/ca\/pjur_ocults\/pjur_resultats_fitxa\/?action=fitxa&amp;documentId=545262&amp;language=ca_ES&amp;textWords=DECRET%2520102%2F2010%2C%2520de%25203%2520d%27agost%2C%2520d%27autonomia%2520dels%2520centres%2520educatius&amp;mode=single#fragment-1397942\" target=\"_blank\" rel=\"noopener\">Decret 102\/2010, de 3 d&#8217;agost<\/a> <a class=\"FW_sNoUnderline\" title=\"Aquest enlla\u00e7 s'obre en una nova pestanya: Decret 102\/2010, de 3 d'agost\" href=\"http:\/\/portaljuridic.gencat.cat\/ca\/pjur_ocults\/pjur_resultats_fitxa\/?action=fitxa&amp;documentId=545262&amp;language=ca_ES&amp;textWords=DECRET%2520102%2F2010%2C%2520de%25203%2520d%27agost%2C%2520d%27autonomia%2520dels%2520centres%2520educatius&amp;mode=single#fragment-1397942\" target=\"_blank\" rel=\"noopener\"><span class=\"FW_sPopup\">\u00a0<\/span><\/a>\n<div>\n<p>(Article 17 i 28)<\/p>\n<\/div>\n<\/li>\n<\/ul>\n<\/div>\n<\/div>\n<\/div>\n<\/div>\n<\/div>\n","protected":false},"excerpt":{"rendered":"","protected":false},"author":1,"featured_media":9778,"comment_status":"closed","ping_status":"closed","sticky":false,"template":"","format":"standard","meta":{"_bbp_topic_count":0,"_bbp_reply_count":0,"_bbp_total_topic_count":0,"_bbp_total_reply_count":0,"_bbp_voice_count":0,"_bbp_anonymous_reply_count":0,"_bbp_topic_count_hidden":0,"_bbp_reply_count_hidden":0,"_bbp_forum_subforum_count":0,"site-sidebar-layout":"default","site-content-layout":"","ast-site-content-layout":"","site-content-style":"default","site-sidebar-style":"default","ast-global-header-display":"","ast-banner-title-visibility":"","ast-main-header-display":"","ast-hfb-above-header-display":"","ast-hfb-below-header-display":"","ast-hfb-mobile-header-display":"","site-post-title":"","ast-breadcrumbs-content":"","ast-featured-img":"","footer-sml-layout":"","theme-transparent-header-meta":"","adv-header-id-meta":"","stick-header-meta":"","header-above-stick-meta":"","header-main-stick-meta":"","header-below-stick-meta":"","astra-migrate-meta-layouts":"default","ast-page-background-enabled":"default","ast-page-background-meta":{"desktop":{"background-color":"var(--ast-global-color-4)","background-image":"","background-repeat":"repeat","background-position":"center center","background-size":"auto","background-attachment":"scroll","background-type":"","background-media":"","overlay-type":"","overlay-color":"","overlay-opacity":"","overlay-gradient":""},"tablet":{"background-color":"","background-image":"","background-repeat":"repeat","background-position":"center center","background-size":"auto","background-attachment":"scroll","background-type":"","background-media":"","overlay-type":"","overlay-color":"","overlay-opacity":"","overlay-gradient":""},"mobile":{"background-color":"","background-image":"","background-repeat":"repeat","background-position":"center center","background-size":"auto","background-attachment":"scroll","background-type":"","background-media":"","overlay-type":"","overlay-color":"","overlay-opacity":"","overlay-gradient":""}},"ast-content-background-meta":{"desktop":{"background-color":"var(--ast-global-color-5)","background-image":"","background-repeat":"repeat","background-position":"center center","background-size":"auto","background-attachment":"scroll","background-type":"","background-media":"","overlay-type":"","overlay-color":"","overlay-opacity":"","overlay-gradient":""},"tablet":{"background-color":"var(--ast-global-color-5)","background-image":"","background-repeat":"repeat","background-position":"center center","background-size":"auto","background-attachment":"scroll","background-type":"","background-media":"","overlay-type":"","overlay-color":"","overlay-opacity":"","overlay-gradient":""},"mobile":{"background-color":"var(--ast-global-color-5)","background-image":"","background-repeat":"repeat","background-position":"center center","background-size":"auto","background-attachment":"scroll","background-type":"","background-media":"","overlay-type":"","overlay-color":"","overlay-opacity":"","overlay-gradient":""}},"footnotes":""},"categories":[7,4],"tags":[],"class_list":["post-9777","post","type-post","status-publish","format-standard","has-post-thumbnail","hentry","category-afa","category-portada"],"post_mailing_queue_ids":[],"_links":{"self":[{"href":"https:\/\/agora.xtec.cat\/escolajverdaguer\/wp-json\/wp\/v2\/posts\/9777","targetHints":{"allow":["GET"]}}],"collection":[{"href":"https:\/\/agora.xtec.cat\/escolajverdaguer\/wp-json\/wp\/v2\/posts"}],"about":[{"href":"https:\/\/agora.xtec.cat\/escolajverdaguer\/wp-json\/wp\/v2\/types\/post"}],"author":[{"embeddable":true,"href":"https:\/\/agora.xtec.cat\/escolajverdaguer\/wp-json\/wp\/v2\/users\/1"}],"replies":[{"embeddable":true,"href":"https:\/\/agora.xtec.cat\/escolajverdaguer\/wp-json\/wp\/v2\/comments?post=9777"}],"version-history":[{"count":3,"href":"https:\/\/agora.xtec.cat\/escolajverdaguer\/wp-json\/wp\/v2\/posts\/9777\/revisions"}],"predecessor-version":[{"id":9784,"href":"https:\/\/agora.xtec.cat\/escolajverdaguer\/wp-json\/wp\/v2\/posts\/9777\/revisions\/9784"}],"wp:featuredmedia":[{"embeddable":true,"href":"https:\/\/agora.xtec.cat\/escolajverdaguer\/wp-json\/wp\/v2\/media\/9778"}],"wp:attachment":[{"href":"https:\/\/agora.xtec.cat\/escolajverdaguer\/wp-json\/wp\/v2\/media?parent=9777"}],"wp:term":[{"taxonomy":"category","embeddable":true,"href":"https:\/\/agora.xtec.cat\/escolajverdaguer\/wp-json\/wp\/v2\/categories?post=9777"},{"taxonomy":"post_tag","embeddable":true,"href":"https:\/\/agora.xtec.cat\/escolajverdaguer\/wp-json\/wp\/v2\/tags?post=9777"}],"curies":[{"name":"wp","href":"https:\/\/api.w.org\/{rel}","templated":true}]}}