{"id":9597,"date":"2018-05-17T16:31:48","date_gmt":"2018-05-17T14:31:48","guid":{"rendered":"http:\/\/agora.xtec.cat\/escolajverdaguer\/?p=9597"},"modified":"2018-05-17T19:28:41","modified_gmt":"2018-05-17T17:28:41","slug":"recuperem-una-sardana-de-castelldefels","status":"publish","type":"post","link":"https:\/\/agora.xtec.cat\/escolajverdaguer\/portada\/recuperem-una-sardana-de-castelldefels\/","title":{"rendered":"Recuperem una sardana de Castelldefels"},"content":{"rendered":"<p><span style=\"font-weight: 400;\">Fa uns dies la classe de 6\u00e8 va acabar d\u2019escriure el llibre de persones famoses de Castelldefels que des del CRP ens van animar a fer. <\/span><\/p>\n<p><span style=\"font-weight: 400;\">Els organitzadors ens han proposat que el proper 19 de juny, a la presentaci\u00f3 del llibre, on totes les escoles que hi hagin participat hi seran presents, cantem una can\u00e7\u00f3 i nosaltres vam voler recuperar una de les sardanes de Castelldefels per cantar-la aquell dia.<\/span><\/p>\n<p><span style=\"font-weight: 400;\">La Martina, la professora de la nostra aula, ja que \u00a0participa en l\u2019Agrupaci\u00f3 de Castelldefels, ja mencionada en altres blogs, li van demanar que grav\u00e9ssim nosaltres la can\u00e7\u00f3 els primers i anar-la passant d\u2019escola en escola per que se l\u2019aprenguessin i aix\u00ed poder-la cantar tots junts aquell dia, i doncs aix\u00ed es va fer.<\/span><\/p>\n<p><span style=\"font-weight: 400;\">La nostra professora de m\u00fasica, anomenada Ester, ens va ajudar, i com que ella en sabia tant de m\u00fasica, ens va passar la lletra i a m\u00e9s a m\u00e9s en va gravar un \u00e0udio, com a mostra per a nosaltres, per saber el ritme de la can\u00e7\u00f3 i la pronunciaci\u00f3 de les paraules.<\/span><\/p>\n<p><span style=\"font-weight: 400;\">Aquests dies, ella, ens va estar donant un cop de m\u00e0 amb la can\u00e7\u00f3.<\/span><\/p>\n<p><span style=\"font-weight: 400;\">A classe de m\u00fasica, una vegada que la can\u00e7\u00f3 es va sortir b\u00e9, van dir que ja est\u00e0vem preparats per gravar-la i doncs aix\u00ed va resultar.<\/span><\/p>\n<p><span style=\"font-weight: 400;\">La can\u00e7\u00f3 ja est\u00e0 gravada, i sincerament ens va quedar super b\u00e9.<\/span><\/p>\n<p><span style=\"font-weight: 400;\"><a href=\"http:\/\/agora.xtec.cat\/escolajverdaguer\/wp-content\/uploads\/usu585\/2018\/05\/castelldefels.jpg\"><img loading=\"lazy\" decoding=\"async\" class=\"alignnone size-full wp-image-9598\" src=\"http:\/\/agora.xtec.cat\/escolajverdaguer\/wp-content\/uploads\/usu585\/2018\/05\/castelldefels.jpg\" alt=\"\" width=\"567\" height=\"378\" srcset=\"https:\/\/agora.xtec.cat\/escolajverdaguer\/wp-content\/uploads\/usu585\/2018\/05\/castelldefels.jpg 567w, https:\/\/agora.xtec.cat\/escolajverdaguer\/wp-content\/uploads\/usu585\/2018\/05\/castelldefels-300x200.jpg 300w\" sizes=\"auto, (max-width: 567px) 100vw, 567px\" \/><\/a><\/span><\/p>\n<p>Autora: Andrea L\u00f3pez<\/p>\n","protected":false},"excerpt":{"rendered":"<p>Els alumnes de 6\u00e8 recuperem una sardana de Castelldefels<\/p>\n","protected":false},"author":15,"featured_media":9598,"comment_status":"closed","ping_status":"closed","sticky":false,"template":"","format":"standard","meta":{"_bbp_topic_count":0,"_bbp_reply_count":0,"_bbp_total_topic_count":0,"_bbp_total_reply_count":0,"_bbp_voice_count":0,"_bbp_anonymous_reply_count":0,"_bbp_topic_count_hidden":0,"_bbp_reply_count_hidden":0,"_bbp_forum_subforum_count":0,"site-sidebar-layout":"default","site-content-layout":"","ast-site-content-layout":"","site-content-style":"default","site-sidebar-style":"default","ast-global-header-display":"","ast-banner-title-visibility":"","ast-main-header-display":"","ast-hfb-above-header-display":"","ast-hfb-below-header-display":"","ast-hfb-mobile-header-display":"","site-post-title":"","ast-breadcrumbs-content":"","ast-featured-img":"","footer-sml-layout":"","theme-transparent-header-meta":"","adv-header-id-meta":"","stick-header-meta":"","header-above-stick-meta":"","header-main-stick-meta":"","header-below-stick-meta":"","astra-migrate-meta-layouts":"default","ast-page-background-enabled":"default","ast-page-background-meta":{"desktop":{"background-color":"var(--ast-global-color-4)","background-image":"","background-repeat":"repeat","background-position":"center center","background-size":"auto","background-attachment":"scroll","background-type":"","background-media":"","overlay-type":"","overlay-color":"","overlay-opacity":"","overlay-gradient":""},"tablet":{"background-color":"","background-image":"","background-repeat":"repeat","background-position":"center center","background-size":"auto","background-attachment":"scroll","background-type":"","background-media":"","overlay-type":"","overlay-color":"","overlay-opacity":"","overlay-gradient":""},"mobile":{"background-color":"","background-image":"","background-repeat":"repeat","background-position":"center center","background-size":"auto","background-attachment":"scroll","background-type":"","background-media":"","overlay-type":"","overlay-color":"","overlay-opacity":"","overlay-gradient":""}},"ast-content-background-meta":{"desktop":{"background-color":"var(--ast-global-color-5)","background-image":"","background-repeat":"repeat","background-position":"center center","background-size":"auto","background-attachment":"scroll","background-type":"","background-media":"","overlay-type":"","overlay-color":"","overlay-opacity":"","overlay-gradient":""},"tablet":{"background-color":"var(--ast-global-color-5)","background-image":"","background-repeat":"repeat","background-position":"center center","background-size":"auto","background-attachment":"scroll","background-type":"","background-media":"","overlay-type":"","overlay-color":"","overlay-opacity":"","overlay-gradient":""},"mobile":{"background-color":"var(--ast-global-color-5)","background-image":"","background-repeat":"repeat","background-position":"center center","background-size":"auto","background-attachment":"scroll","background-type":"","background-media":"","overlay-type":"","overlay-color":"","overlay-opacity":"","overlay-gradient":""}},"footnotes":""},"categories":[15,38,4],"tags":[],"class_list":["post-9597","post","type-post","status-publish","format-standard","has-post-thumbnail","hentry","category-6e","category-musica","category-portada"],"post_mailing_queue_ids":[],"_links":{"self":[{"href":"https:\/\/agora.xtec.cat\/escolajverdaguer\/wp-json\/wp\/v2\/posts\/9597","targetHints":{"allow":["GET"]}}],"collection":[{"href":"https:\/\/agora.xtec.cat\/escolajverdaguer\/wp-json\/wp\/v2\/posts"}],"about":[{"href":"https:\/\/agora.xtec.cat\/escolajverdaguer\/wp-json\/wp\/v2\/types\/post"}],"author":[{"embeddable":true,"href":"https:\/\/agora.xtec.cat\/escolajverdaguer\/wp-json\/wp\/v2\/users\/15"}],"replies":[{"embeddable":true,"href":"https:\/\/agora.xtec.cat\/escolajverdaguer\/wp-json\/wp\/v2\/comments?post=9597"}],"version-history":[{"count":1,"href":"https:\/\/agora.xtec.cat\/escolajverdaguer\/wp-json\/wp\/v2\/posts\/9597\/revisions"}],"predecessor-version":[{"id":9599,"href":"https:\/\/agora.xtec.cat\/escolajverdaguer\/wp-json\/wp\/v2\/posts\/9597\/revisions\/9599"}],"wp:featuredmedia":[{"embeddable":true,"href":"https:\/\/agora.xtec.cat\/escolajverdaguer\/wp-json\/wp\/v2\/media\/9598"}],"wp:attachment":[{"href":"https:\/\/agora.xtec.cat\/escolajverdaguer\/wp-json\/wp\/v2\/media?parent=9597"}],"wp:term":[{"taxonomy":"category","embeddable":true,"href":"https:\/\/agora.xtec.cat\/escolajverdaguer\/wp-json\/wp\/v2\/categories?post=9597"},{"taxonomy":"post_tag","embeddable":true,"href":"https:\/\/agora.xtec.cat\/escolajverdaguer\/wp-json\/wp\/v2\/tags?post=9597"}],"curies":[{"name":"wp","href":"https:\/\/api.w.org\/{rel}","templated":true}]}}