{"id":9418,"date":"2018-02-19T12:18:17","date_gmt":"2018-02-19T11:18:17","guid":{"rendered":"http:\/\/agora.xtec.cat\/escolajverdaguer\/?p=9418"},"modified":"2018-02-19T12:18:17","modified_gmt":"2018-02-19T11:18:17","slug":"els-drons-a-la-nostre-escola","status":"publish","type":"post","link":"https:\/\/agora.xtec.cat\/escolajverdaguer\/primaria\/6e\/els-drons-a-la-nostre-escola\/","title":{"rendered":"Els drons a la nostre escola."},"content":{"rendered":"<p><span style=\"font-weight: 400;\">El dia 29 de gener, les classes 5\u00e8 i 6\u00e8 van fer una activitat amb drons. Aquesta activitat va tenir lloc al gimn\u00e0s de la nostra escola, Jacint Verdaguer. Aquesta activitat va tractar de recrear una situaci\u00f3 en la qu\u00e8 s\u2019havia de salvar una nena amb l\u2019\u00fas del dron.<\/span><\/p>\n<p><span style=\"font-weight: 400;\">Els periodistes TV3 van venir per fer un reportatge sobre aquesta activitat, tamb\u00e9 va venir la regidora d\u2019educaci\u00f3 de Castelldefels juntament amb altres pol\u00edtics.<\/span><\/p>\n<p><span style=\"font-weight: 400;\">I Qu\u00e8 \u00e9s un drone? Us estareu preguntant. Els drons s\u00f3n uns robots que poden volar, s\u00f3n petits aparells que tenen la capacitat de volar. Facilita les feines que resulten dif\u00edcils per a les persones. <\/span><\/p>\n<p><span style=\"font-weight: 400;\">El benefici d\u2019aquesta activitat va ser que els nens i nenes van aprendre a conduir els dron.<\/span><\/p>\n<p>Autora. Mar\u00eda<a href=\"http:\/\/agora.xtec.cat\/escolajverdaguer\/wp-content\/uploads\/usu585\/2018\/02\/IMG_8612.jpg\"><img loading=\"lazy\" decoding=\"async\" class=\"alignnone size-large wp-image-9419\" src=\"http:\/\/agora.xtec.cat\/escolajverdaguer\/wp-content\/uploads\/usu585\/2018\/02\/IMG_8612-1024x576.jpg\" alt=\"\" width=\"1024\" height=\"576\" srcset=\"https:\/\/agora.xtec.cat\/escolajverdaguer\/wp-content\/uploads\/usu585\/2018\/02\/IMG_8612-1024x576.jpg 1024w, https:\/\/agora.xtec.cat\/escolajverdaguer\/wp-content\/uploads\/usu585\/2018\/02\/IMG_8612-300x169.jpg 300w, https:\/\/agora.xtec.cat\/escolajverdaguer\/wp-content\/uploads\/usu585\/2018\/02\/IMG_8612-768x432.jpg 768w, https:\/\/agora.xtec.cat\/escolajverdaguer\/wp-content\/uploads\/usu585\/2018\/02\/IMG_8612.jpg 1862w\" sizes=\"auto, (max-width: 1024px) 100vw, 1024px\" \/><\/a><\/p>\n","protected":false},"excerpt":{"rendered":"<p>El cicle superior va fer una activitat sobre els drons el 29 de gener en al gimn\u00e0s per simular una situaci\u00f3 d&#8217;un desastre natural.<\/p>\n","protected":false},"author":15,"featured_media":9419,"comment_status":"closed","ping_status":"closed","sticky":false,"template":"","format":"standard","meta":{"_bbp_topic_count":0,"_bbp_reply_count":0,"_bbp_total_topic_count":0,"_bbp_total_reply_count":0,"_bbp_voice_count":0,"_bbp_anonymous_reply_count":0,"_bbp_topic_count_hidden":0,"_bbp_reply_count_hidden":0,"_bbp_forum_subforum_count":0,"site-sidebar-layout":"default","site-content-layout":"","ast-site-content-layout":"","site-content-style":"default","site-sidebar-style":"default","ast-global-header-display":"","ast-banner-title-visibility":"","ast-main-header-display":"","ast-hfb-above-header-display":"","ast-hfb-below-header-display":"","ast-hfb-mobile-header-display":"","site-post-title":"","ast-breadcrumbs-content":"","ast-featured-img":"","footer-sml-layout":"","theme-transparent-header-meta":"","adv-header-id-meta":"","stick-header-meta":"","header-above-stick-meta":"","header-main-stick-meta":"","header-below-stick-meta":"","astra-migrate-meta-layouts":"default","ast-page-background-enabled":"default","ast-page-background-meta":{"desktop":{"background-color":"var(--ast-global-color-4)","background-image":"","background-repeat":"repeat","background-position":"center center","background-size":"auto","background-attachment":"scroll","background-type":"","background-media":"","overlay-type":"","overlay-color":"","overlay-opacity":"","overlay-gradient":""},"tablet":{"background-color":"","background-image":"","background-repeat":"repeat","background-position":"center center","background-size":"auto","background-attachment":"scroll","background-type":"","background-media":"","overlay-type":"","overlay-color":"","overlay-opacity":"","overlay-gradient":""},"mobile":{"background-color":"","background-image":"","background-repeat":"repeat","background-position":"center center","background-size":"auto","background-attachment":"scroll","background-type":"","background-media":"","overlay-type":"","overlay-color":"","overlay-opacity":"","overlay-gradient":""}},"ast-content-background-meta":{"desktop":{"background-color":"var(--ast-global-color-5)","background-image":"","background-repeat":"repeat","background-position":"center center","background-size":"auto","background-attachment":"scroll","background-type":"","background-media":"","overlay-type":"","overlay-color":"","overlay-opacity":"","overlay-gradient":""},"tablet":{"background-color":"var(--ast-global-color-5)","background-image":"","background-repeat":"repeat","background-position":"center center","background-size":"auto","background-attachment":"scroll","background-type":"","background-media":"","overlay-type":"","overlay-color":"","overlay-opacity":"","overlay-gradient":""},"mobile":{"background-color":"var(--ast-global-color-5)","background-image":"","background-repeat":"repeat","background-position":"center center","background-size":"auto","background-attachment":"scroll","background-type":"","background-media":"","overlay-type":"","overlay-color":"","overlay-opacity":"","overlay-gradient":""}},"footnotes":""},"categories":[15],"tags":[],"class_list":["post-9418","post","type-post","status-publish","format-standard","has-post-thumbnail","hentry","category-6e"],"post_mailing_queue_ids":[],"_links":{"self":[{"href":"https:\/\/agora.xtec.cat\/escolajverdaguer\/wp-json\/wp\/v2\/posts\/9418","targetHints":{"allow":["GET"]}}],"collection":[{"href":"https:\/\/agora.xtec.cat\/escolajverdaguer\/wp-json\/wp\/v2\/posts"}],"about":[{"href":"https:\/\/agora.xtec.cat\/escolajverdaguer\/wp-json\/wp\/v2\/types\/post"}],"author":[{"embeddable":true,"href":"https:\/\/agora.xtec.cat\/escolajverdaguer\/wp-json\/wp\/v2\/users\/15"}],"replies":[{"embeddable":true,"href":"https:\/\/agora.xtec.cat\/escolajverdaguer\/wp-json\/wp\/v2\/comments?post=9418"}],"version-history":[{"count":1,"href":"https:\/\/agora.xtec.cat\/escolajverdaguer\/wp-json\/wp\/v2\/posts\/9418\/revisions"}],"predecessor-version":[{"id":9420,"href":"https:\/\/agora.xtec.cat\/escolajverdaguer\/wp-json\/wp\/v2\/posts\/9418\/revisions\/9420"}],"wp:featuredmedia":[{"embeddable":true,"href":"https:\/\/agora.xtec.cat\/escolajverdaguer\/wp-json\/wp\/v2\/media\/9419"}],"wp:attachment":[{"href":"https:\/\/agora.xtec.cat\/escolajverdaguer\/wp-json\/wp\/v2\/media?parent=9418"}],"wp:term":[{"taxonomy":"category","embeddable":true,"href":"https:\/\/agora.xtec.cat\/escolajverdaguer\/wp-json\/wp\/v2\/categories?post=9418"},{"taxonomy":"post_tag","embeddable":true,"href":"https:\/\/agora.xtec.cat\/escolajverdaguer\/wp-json\/wp\/v2\/tags?post=9418"}],"curies":[{"name":"wp","href":"https:\/\/api.w.org\/{rel}","templated":true}]}}