{"id":9342,"date":"2018-01-25T15:25:41","date_gmt":"2018-01-25T14:25:41","guid":{"rendered":"http:\/\/agora.xtec.cat\/escolajverdaguer\/?p=9342"},"modified":"2018-01-25T15:27:08","modified_gmt":"2018-01-25T14:27:08","slug":"i-salo-manga-a-castelldefels","status":"publish","type":"post","link":"https:\/\/agora.xtec.cat\/escolajverdaguer\/primaria\/6e\/i-salo-manga-a-castelldefels\/","title":{"rendered":"I  SAL\u00d3 MANGA A CASTELLDEFELS"},"content":{"rendered":"<p><span style=\"font-weight: 400;\">A l\u2019escola Jacint Verdaguer aprenem a trav\u00e9s dels projectes, cada trimestre els alumnes \u00a0de l\u2019escola pensem que ens agradaria estudiar i despr\u00e9s el presentem a la classe. Tot seguit, escrivim tots els projectes que han sortit a la pissarra i votem quin \u00e9s el que m\u00e9s ens agrada. Ha estat aix\u00ed com ha sorgit aquest primer trimestre al cicle superior, el projecte sobre el \u201c<strong>manga<\/strong>&#8220;<\/span><\/p>\n<p><span style=\"font-weight: 400;\">Sab\u00edem que a Barcelona, cada any es celebra durant ns 5 dies, un Sal\u00f3 Manga i vam pensar que seria una bona idea fer-ne un aqu\u00ed, a Castelldefels. Aix\u00ed que, el dia 17 de novembre del 2017 els nens i nenes de 6\u00e8 vam anar a las sala de reunions de la biblioteca \u201cRamon \u00a0Fernandez Jurado\u201d per parlar i negociar sobre el Sal\u00f3 Manga que vol\u00edem preparar. La biblioteca ens va oferir la Sala Margarida Xirgu, per poder realitzar totes les activitats que ten\u00edem previstes durant el Sal\u00f3 Manga, per\u00f2 encara necessit\u00e0vem m\u00e9s col\u00b7laboradors per portar-lo a terme.<\/span><\/p>\n<p><span style=\"font-weight: 400;\">Vam decidir, a la classe, fer grups per enviar diferents correus electr\u00f2nics a entitats de Castelldefels, per si podien col\u00b7laborar en l\u2019organitzaci\u00f3 del nostre Sal\u00f3 Manga. Va ser aix\u00ed com vam aconseguir diferents tipus d\u2019ajudes per realitzar els diferents tallers del Sal\u00f3.<\/span><\/p>\n<p><span style=\"font-weight: 400;\">Despr\u00e9s de moltes reunions i d\u2019arribar a acords, els dies 12 i 13 de desembre del 2017, \u00e9s va realitzar a la Sala Margarida Xirgu \u00a0el I Sal\u00f3 Manga de Castelldefels. Ens van visitar moltes escoles de la nostra ciutat i els nens i nenes van poder gaudir dels diferents tallers com el de\u00a0cuina, origami, dibuix manga, maquillatge, concurs de dibuix i photocall.<a href=\"http:\/\/agora.xtec.cat\/escolajverdaguer\/wp-content\/uploads\/usu585\/2018\/01\/IMG_7405-1.jpg\"><img loading=\"lazy\" decoding=\"async\" class=\"alignnone size-large wp-image-9343\" src=\"http:\/\/agora.xtec.cat\/escolajverdaguer\/wp-content\/uploads\/usu585\/2018\/01\/IMG_7405-1-1024x768.jpg\" alt=\"\" width=\"1024\" height=\"768\" srcset=\"https:\/\/agora.xtec.cat\/escolajverdaguer\/wp-content\/uploads\/usu585\/2018\/01\/IMG_7405-1-1024x768.jpg 1024w, https:\/\/agora.xtec.cat\/escolajverdaguer\/wp-content\/uploads\/usu585\/2018\/01\/IMG_7405-1-300x225.jpg 300w, https:\/\/agora.xtec.cat\/escolajverdaguer\/wp-content\/uploads\/usu585\/2018\/01\/IMG_7405-1-768x576.jpg 768w, https:\/\/agora.xtec.cat\/escolajverdaguer\/wp-content\/uploads\/usu585\/2018\/01\/IMG_7405-1-200x150.jpg 200w, https:\/\/agora.xtec.cat\/escolajverdaguer\/wp-content\/uploads\/usu585\/2018\/01\/IMG_7405-1.jpg 2016w\" sizes=\"auto, (max-width: 1024px) 100vw, 1024px\" \/><\/a> <a href=\"http:\/\/agora.xtec.cat\/escolajverdaguer\/wp-content\/uploads\/usu585\/2018\/01\/IMG_7385-1.jpg\"><img loading=\"lazy\" decoding=\"async\" class=\"alignnone size-large wp-image-9344\" src=\"http:\/\/agora.xtec.cat\/escolajverdaguer\/wp-content\/uploads\/usu585\/2018\/01\/IMG_7385-1-1024x768.jpg\" alt=\"\" width=\"1024\" height=\"768\" srcset=\"https:\/\/agora.xtec.cat\/escolajverdaguer\/wp-content\/uploads\/usu585\/2018\/01\/IMG_7385-1-1024x768.jpg 1024w, https:\/\/agora.xtec.cat\/escolajverdaguer\/wp-content\/uploads\/usu585\/2018\/01\/IMG_7385-1-300x225.jpg 300w, https:\/\/agora.xtec.cat\/escolajverdaguer\/wp-content\/uploads\/usu585\/2018\/01\/IMG_7385-1-768x576.jpg 768w, https:\/\/agora.xtec.cat\/escolajverdaguer\/wp-content\/uploads\/usu585\/2018\/01\/IMG_7385-1-200x150.jpg 200w, https:\/\/agora.xtec.cat\/escolajverdaguer\/wp-content\/uploads\/usu585\/2018\/01\/IMG_7385-1.jpg 2016w\" sizes=\"auto, (max-width: 1024px) 100vw, 1024px\" \/><\/a><\/span><\/p>\n<p><span style=\"font-weight: 400;\">Va ser una experi\u00e8ncia \u00fanica i inoblidable, de la que tots els nens i nenes de cicle superior ens sentim molt orgullosos.<\/span><\/p>\n<p>&nbsp;<\/p>\n","protected":false},"excerpt":{"rendered":"<p>Els alumnes de 5\u00e8 i 6\u00e8 vam fer el I Sal\u00f3 Manga de Castelldefels.<\/p>\n","protected":false},"author":15,"featured_media":9344,"comment_status":"closed","ping_status":"closed","sticky":false,"template":"","format":"standard","meta":{"_bbp_topic_count":0,"_bbp_reply_count":0,"_bbp_total_topic_count":0,"_bbp_total_reply_count":0,"_bbp_voice_count":0,"_bbp_anonymous_reply_count":0,"_bbp_topic_count_hidden":0,"_bbp_reply_count_hidden":0,"_bbp_forum_subforum_count":0,"site-sidebar-layout":"default","site-content-layout":"","ast-site-content-layout":"","site-content-style":"default","site-sidebar-style":"default","ast-global-header-display":"","ast-banner-title-visibility":"","ast-main-header-display":"","ast-hfb-above-header-display":"","ast-hfb-below-header-display":"","ast-hfb-mobile-header-display":"","site-post-title":"","ast-breadcrumbs-content":"","ast-featured-img":"","footer-sml-layout":"","theme-transparent-header-meta":"","adv-header-id-meta":"","stick-header-meta":"","header-above-stick-meta":"","header-main-stick-meta":"","header-below-stick-meta":"","astra-migrate-meta-layouts":"default","ast-page-background-enabled":"default","ast-page-background-meta":{"desktop":{"background-color":"var(--ast-global-color-4)","background-image":"","background-repeat":"repeat","background-position":"center center","background-size":"auto","background-attachment":"scroll","background-type":"","background-media":"","overlay-type":"","overlay-color":"","overlay-opacity":"","overlay-gradient":""},"tablet":{"background-color":"","background-image":"","background-repeat":"repeat","background-position":"center center","background-size":"auto","background-attachment":"scroll","background-type":"","background-media":"","overlay-type":"","overlay-color":"","overlay-opacity":"","overlay-gradient":""},"mobile":{"background-color":"","background-image":"","background-repeat":"repeat","background-position":"center center","background-size":"auto","background-attachment":"scroll","background-type":"","background-media":"","overlay-type":"","overlay-color":"","overlay-opacity":"","overlay-gradient":""}},"ast-content-background-meta":{"desktop":{"background-color":"var(--ast-global-color-5)","background-image":"","background-repeat":"repeat","background-position":"center center","background-size":"auto","background-attachment":"scroll","background-type":"","background-media":"","overlay-type":"","overlay-color":"","overlay-opacity":"","overlay-gradient":""},"tablet":{"background-color":"var(--ast-global-color-5)","background-image":"","background-repeat":"repeat","background-position":"center center","background-size":"auto","background-attachment":"scroll","background-type":"","background-media":"","overlay-type":"","overlay-color":"","overlay-opacity":"","overlay-gradient":""},"mobile":{"background-color":"var(--ast-global-color-5)","background-image":"","background-repeat":"repeat","background-position":"center center","background-size":"auto","background-attachment":"scroll","background-type":"","background-media":"","overlay-type":"","overlay-color":"","overlay-opacity":"","overlay-gradient":""}},"footnotes":""},"categories":[15],"tags":[],"class_list":["post-9342","post","type-post","status-publish","format-standard","has-post-thumbnail","hentry","category-6e"],"post_mailing_queue_ids":[],"_links":{"self":[{"href":"https:\/\/agora.xtec.cat\/escolajverdaguer\/wp-json\/wp\/v2\/posts\/9342","targetHints":{"allow":["GET"]}}],"collection":[{"href":"https:\/\/agora.xtec.cat\/escolajverdaguer\/wp-json\/wp\/v2\/posts"}],"about":[{"href":"https:\/\/agora.xtec.cat\/escolajverdaguer\/wp-json\/wp\/v2\/types\/post"}],"author":[{"embeddable":true,"href":"https:\/\/agora.xtec.cat\/escolajverdaguer\/wp-json\/wp\/v2\/users\/15"}],"replies":[{"embeddable":true,"href":"https:\/\/agora.xtec.cat\/escolajverdaguer\/wp-json\/wp\/v2\/comments?post=9342"}],"version-history":[{"count":2,"href":"https:\/\/agora.xtec.cat\/escolajverdaguer\/wp-json\/wp\/v2\/posts\/9342\/revisions"}],"predecessor-version":[{"id":9346,"href":"https:\/\/agora.xtec.cat\/escolajverdaguer\/wp-json\/wp\/v2\/posts\/9342\/revisions\/9346"}],"wp:featuredmedia":[{"embeddable":true,"href":"https:\/\/agora.xtec.cat\/escolajverdaguer\/wp-json\/wp\/v2\/media\/9344"}],"wp:attachment":[{"href":"https:\/\/agora.xtec.cat\/escolajverdaguer\/wp-json\/wp\/v2\/media?parent=9342"}],"wp:term":[{"taxonomy":"category","embeddable":true,"href":"https:\/\/agora.xtec.cat\/escolajverdaguer\/wp-json\/wp\/v2\/categories?post=9342"},{"taxonomy":"post_tag","embeddable":true,"href":"https:\/\/agora.xtec.cat\/escolajverdaguer\/wp-json\/wp\/v2\/tags?post=9342"}],"curies":[{"name":"wp","href":"https:\/\/api.w.org\/{rel}","templated":true}]}}