{"id":9268,"date":"2017-11-22T16:08:51","date_gmt":"2017-11-22T15:08:51","guid":{"rendered":"http:\/\/agora.xtec.cat\/escolajverdaguer\/?p=9268"},"modified":"2017-11-22T16:14:13","modified_gmt":"2017-11-22T15:14:13","slug":"la-castanyada","status":"publish","type":"post","link":"https:\/\/agora.xtec.cat\/escolajverdaguer\/primaria\/6e\/la-castanyada\/","title":{"rendered":"La castanyada"},"content":{"rendered":"<p><span style=\"font-weight: 400;\">El 31 d\u2019octubre totes les escoles celebren la Castanyada, especialment el nostre col\u00b7legi. En aquesta escola quan la castanyera toca la seva porta no es posen nerviosos sin\u00f3 que ho celebren amb una gran festa!!!<\/span><\/p>\n<p><span style=\"font-weight: 400;\">El primer que veiem a la seva festa, i que \u00e9s molt important per ells, s\u00f3n els presentador\/es, que cada any s\u00f3n nens o nenes de sis\u00e8 i els pregoners, que s\u00f3n els nens i nenes de 4t. Un altre aspecte a destacar \u00e9s que tots es disfressen de castanyeres i castanyers (pel meu gust les nenes es disfressen m\u00e9s b\u00e9). A m\u00e9s a m\u00e9s fem balls, que crec no poden faltar. Cada classe te apresa la seva coreografia.<\/span><\/p>\n<p><span style=\"font-weight: 400;\">Al final de la festa no poden faltar les mandarines i castanyes, clarament a tots ens agraden aquestes dues coses per aix\u00f2 tots plegats les mengem.<a href=\"http:\/\/agora.xtec.cat\/escolajverdaguer\/wp-content\/uploads\/usu585\/2017\/11\/IMG_6436-e1511363584464.jpg\"><img loading=\"lazy\" decoding=\"async\" class=\"alignnone size-large wp-image-9269\" src=\"http:\/\/agora.xtec.cat\/escolajverdaguer\/wp-content\/uploads\/usu585\/2017\/11\/IMG_6436-e1511363297424-768x1024.jpg\" alt=\"\" width=\"768\" height=\"1024\" \/><\/a><a href=\"http:\/\/agora.xtec.cat\/escolajverdaguer\/wp-content\/uploads\/usu585\/2017\/11\/IMG_6436-e1511363584464.jpg\"><img loading=\"lazy\" decoding=\"async\" class=\"alignnone size-large wp-image-9269\" src=\"http:\/\/agora.xtec.cat\/escolajverdaguer\/wp-content\/uploads\/usu585\/2017\/11\/IMG_6436-e1511363297424-768x1024.jpg\" alt=\"\" width=\"768\" height=\"1024\" \/><\/a> <\/span><\/p>\n<p>Autora: Rim Tfankji<\/p>\n<p>&nbsp;<\/p>\n","protected":false},"excerpt":{"rendered":"<p>El 31 d\u2019octubre totes les escoles celebren la Castanyada, especialment el nostre col\u00b7legi. En aquesta escola quan la castanyera toca la seva porta no es posen nerviosos sin\u00f3 que ho celebren amb una gran festa!!! El primer que veiem a la seva festa, i que \u00e9s molt important per ells, s\u00f3n els presentador\/es, que cada [&hellip;]<\/p>\n","protected":false},"author":15,"featured_media":9269,"comment_status":"closed","ping_status":"closed","sticky":false,"template":"","format":"standard","meta":{"_bbp_topic_count":0,"_bbp_reply_count":0,"_bbp_total_topic_count":0,"_bbp_total_reply_count":0,"_bbp_voice_count":0,"_bbp_anonymous_reply_count":0,"_bbp_topic_count_hidden":0,"_bbp_reply_count_hidden":0,"_bbp_forum_subforum_count":0,"site-sidebar-layout":"default","site-content-layout":"","ast-site-content-layout":"","site-content-style":"default","site-sidebar-style":"default","ast-global-header-display":"","ast-banner-title-visibility":"","ast-main-header-display":"","ast-hfb-above-header-display":"","ast-hfb-below-header-display":"","ast-hfb-mobile-header-display":"","site-post-title":"","ast-breadcrumbs-content":"","ast-featured-img":"","footer-sml-layout":"","theme-transparent-header-meta":"","adv-header-id-meta":"","stick-header-meta":"","header-above-stick-meta":"","header-main-stick-meta":"","header-below-stick-meta":"","astra-migrate-meta-layouts":"default","ast-page-background-enabled":"default","ast-page-background-meta":{"desktop":{"background-color":"var(--ast-global-color-4)","background-image":"","background-repeat":"repeat","background-position":"center center","background-size":"auto","background-attachment":"scroll","background-type":"","background-media":"","overlay-type":"","overlay-color":"","overlay-opacity":"","overlay-gradient":""},"tablet":{"background-color":"","background-image":"","background-repeat":"repeat","background-position":"center center","background-size":"auto","background-attachment":"scroll","background-type":"","background-media":"","overlay-type":"","overlay-color":"","overlay-opacity":"","overlay-gradient":""},"mobile":{"background-color":"","background-image":"","background-repeat":"repeat","background-position":"center center","background-size":"auto","background-attachment":"scroll","background-type":"","background-media":"","overlay-type":"","overlay-color":"","overlay-opacity":"","overlay-gradient":""}},"ast-content-background-meta":{"desktop":{"background-color":"var(--ast-global-color-5)","background-image":"","background-repeat":"repeat","background-position":"center center","background-size":"auto","background-attachment":"scroll","background-type":"","background-media":"","overlay-type":"","overlay-color":"","overlay-opacity":"","overlay-gradient":""},"tablet":{"background-color":"var(--ast-global-color-5)","background-image":"","background-repeat":"repeat","background-position":"center center","background-size":"auto","background-attachment":"scroll","background-type":"","background-media":"","overlay-type":"","overlay-color":"","overlay-opacity":"","overlay-gradient":""},"mobile":{"background-color":"var(--ast-global-color-5)","background-image":"","background-repeat":"repeat","background-position":"center center","background-size":"auto","background-attachment":"scroll","background-type":"","background-media":"","overlay-type":"","overlay-color":"","overlay-opacity":"","overlay-gradient":""}},"footnotes":""},"categories":[15],"tags":[],"class_list":["post-9268","post","type-post","status-publish","format-standard","has-post-thumbnail","hentry","category-6e"],"post_mailing_queue_ids":[],"_links":{"self":[{"href":"https:\/\/agora.xtec.cat\/escolajverdaguer\/wp-json\/wp\/v2\/posts\/9268","targetHints":{"allow":["GET"]}}],"collection":[{"href":"https:\/\/agora.xtec.cat\/escolajverdaguer\/wp-json\/wp\/v2\/posts"}],"about":[{"href":"https:\/\/agora.xtec.cat\/escolajverdaguer\/wp-json\/wp\/v2\/types\/post"}],"author":[{"embeddable":true,"href":"https:\/\/agora.xtec.cat\/escolajverdaguer\/wp-json\/wp\/v2\/users\/15"}],"replies":[{"embeddable":true,"href":"https:\/\/agora.xtec.cat\/escolajverdaguer\/wp-json\/wp\/v2\/comments?post=9268"}],"version-history":[{"count":3,"href":"https:\/\/agora.xtec.cat\/escolajverdaguer\/wp-json\/wp\/v2\/posts\/9268\/revisions"}],"predecessor-version":[{"id":9272,"href":"https:\/\/agora.xtec.cat\/escolajverdaguer\/wp-json\/wp\/v2\/posts\/9268\/revisions\/9272"}],"wp:featuredmedia":[{"embeddable":true,"href":"https:\/\/agora.xtec.cat\/escolajverdaguer\/wp-json\/wp\/v2\/media\/9269"}],"wp:attachment":[{"href":"https:\/\/agora.xtec.cat\/escolajverdaguer\/wp-json\/wp\/v2\/media?parent=9268"}],"wp:term":[{"taxonomy":"category","embeddable":true,"href":"https:\/\/agora.xtec.cat\/escolajverdaguer\/wp-json\/wp\/v2\/categories?post=9268"},{"taxonomy":"post_tag","embeddable":true,"href":"https:\/\/agora.xtec.cat\/escolajverdaguer\/wp-json\/wp\/v2\/tags?post=9268"}],"curies":[{"name":"wp","href":"https:\/\/api.w.org\/{rel}","templated":true}]}}