{"id":9266,"date":"2017-11-21T16:24:47","date_gmt":"2017-11-21T15:24:47","guid":{"rendered":"http:\/\/agora.xtec.cat\/escolajverdaguer\/?p=9266"},"modified":"2018-02-19T12:51:35","modified_gmt":"2018-02-19T11:51:35","slug":"1a-parada-estonia","status":"publish","type":"post","link":"https:\/\/agora.xtec.cat\/escolajverdaguer\/primaria\/6e\/1a-parada-estonia\/","title":{"rendered":"1a parada, Est\u00f2nia"},"content":{"rendered":"<p><span style=\"font-weight: 400;\">Com ja sabreu, fa dues setmanes, \u00a0l\u2019Aitor, el Fran i l\u2019Anna van anar a Est\u00f2nia, ja que durant aquest any i el seg\u00fcent, a l\u2019escola estem participant el projecte de l\u2019Erasmus. En aquest cas, els professors d\u2019aquesta escola i de les altres escoles d\u2019Europa que participen han anat a Est\u00f2nia. <\/span><\/p>\n<p><span style=\"font-weight: 400;\">L\u2019Aitor, el Fran i l\u2019Anna, van arribar a Tallin, la capital, diumenge a la tarda i van fer nit all\u00ed. Dilluns al mat\u00ed es van despla\u00e7ar amb bus fins a Haapsalu, la ciutat on hi ha l\u2019escola que els acollia, que \u00e9s molt gran. <\/span><\/p>\n<p><span style=\"font-weight: 400;\">Els dies seg\u00fcents els hi van ensenyar el seu funcionament. Van comen\u00e7ar amb una gran rebuda veient un ball tradicional vestits amb roba tradicional i van sentir la coral de l\u2019escola, entre d\u2019altres. A continuaci\u00f3 va comen\u00e7ar la gran feina, van entrar a les classes, van con\u00e8ixer com treballaven, van preparar reunions per organitzar els reptes sobre rob\u00f2tica que haurem de resoldre\u2026 i fins i tot, l\u2019Aitor, el Fran i l\u2019Anna van fer una esp\u00e8cie de classe d\u2019educaci\u00f3 f\u00edsica en catal\u00e0 als nens de 2n (que aqu\u00ed serien de 3r) en la que van jugar a jocs. \u00a0<\/span><\/p>\n<p><span style=\"font-weight: 400;\">Tamb\u00e9 cal destacar que \u00a0van portar alguns regals a l\u2019escola: com polvorons, un llibre en catal\u00e0 i un petit ti\u00f3. <\/span><\/p>\n<p><strong>Per acabar m\u2019agradaria dir que hem apr\u00e8s moltes coses sobre aquest pa\u00eds i aprendrem encara m\u00e9s durant aquests dos anys.<\/strong><\/p>\n<p><strong>Autora: Abril Lara<\/strong><\/p>\n","protected":false},"excerpt":{"rendered":"<p>Com ja sabreu, fa dues setmanes, \u00a0l\u2019Aitor, el Fran i l\u2019Anna van anar a Est\u00f2nia, ja que durant aquest any i el seg\u00fcent, a l\u2019escola estem participant el projecte de l\u2019Erasmus. En aquest cas, els professors d\u2019aquesta escola i de les altres escoles d\u2019Europa que participen han anat a Est\u00f2nia. L\u2019Aitor, el Fran i l\u2019Anna, [&hellip;]<\/p>\n","protected":false},"author":15,"featured_media":0,"comment_status":"closed","ping_status":"closed","sticky":false,"template":"","format":"standard","meta":{"_bbp_topic_count":0,"_bbp_reply_count":0,"_bbp_total_topic_count":0,"_bbp_total_reply_count":0,"_bbp_voice_count":0,"_bbp_anonymous_reply_count":0,"_bbp_topic_count_hidden":0,"_bbp_reply_count_hidden":0,"_bbp_forum_subforum_count":0,"site-sidebar-layout":"default","site-content-layout":"","ast-site-content-layout":"","site-content-style":"default","site-sidebar-style":"default","ast-global-header-display":"","ast-banner-title-visibility":"","ast-main-header-display":"","ast-hfb-above-header-display":"","ast-hfb-below-header-display":"","ast-hfb-mobile-header-display":"","site-post-title":"","ast-breadcrumbs-content":"","ast-featured-img":"","footer-sml-layout":"","theme-transparent-header-meta":"","adv-header-id-meta":"","stick-header-meta":"","header-above-stick-meta":"","header-main-stick-meta":"","header-below-stick-meta":"","astra-migrate-meta-layouts":"default","ast-page-background-enabled":"default","ast-page-background-meta":{"desktop":{"background-color":"var(--ast-global-color-4)","background-image":"","background-repeat":"repeat","background-position":"center center","background-size":"auto","background-attachment":"scroll","background-type":"","background-media":"","overlay-type":"","overlay-color":"","overlay-opacity":"","overlay-gradient":""},"tablet":{"background-color":"","background-image":"","background-repeat":"repeat","background-position":"center center","background-size":"auto","background-attachment":"scroll","background-type":"","background-media":"","overlay-type":"","overlay-color":"","overlay-opacity":"","overlay-gradient":""},"mobile":{"background-color":"","background-image":"","background-repeat":"repeat","background-position":"center center","background-size":"auto","background-attachment":"scroll","background-type":"","background-media":"","overlay-type":"","overlay-color":"","overlay-opacity":"","overlay-gradient":""}},"ast-content-background-meta":{"desktop":{"background-color":"var(--ast-global-color-5)","background-image":"","background-repeat":"repeat","background-position":"center center","background-size":"auto","background-attachment":"scroll","background-type":"","background-media":"","overlay-type":"","overlay-color":"","overlay-opacity":"","overlay-gradient":""},"tablet":{"background-color":"var(--ast-global-color-5)","background-image":"","background-repeat":"repeat","background-position":"center center","background-size":"auto","background-attachment":"scroll","background-type":"","background-media":"","overlay-type":"","overlay-color":"","overlay-opacity":"","overlay-gradient":""},"mobile":{"background-color":"var(--ast-global-color-5)","background-image":"","background-repeat":"repeat","background-position":"center center","background-size":"auto","background-attachment":"scroll","background-type":"","background-media":"","overlay-type":"","overlay-color":"","overlay-opacity":"","overlay-gradient":""}},"footnotes":""},"categories":[15,83],"tags":[],"class_list":["post-9266","post","type-post","status-publish","format-standard","hentry","category-6e","category-activitats-erasmus"],"post_mailing_queue_ids":[],"_links":{"self":[{"href":"https:\/\/agora.xtec.cat\/escolajverdaguer\/wp-json\/wp\/v2\/posts\/9266","targetHints":{"allow":["GET"]}}],"collection":[{"href":"https:\/\/agora.xtec.cat\/escolajverdaguer\/wp-json\/wp\/v2\/posts"}],"about":[{"href":"https:\/\/agora.xtec.cat\/escolajverdaguer\/wp-json\/wp\/v2\/types\/post"}],"author":[{"embeddable":true,"href":"https:\/\/agora.xtec.cat\/escolajverdaguer\/wp-json\/wp\/v2\/users\/15"}],"replies":[{"embeddable":true,"href":"https:\/\/agora.xtec.cat\/escolajverdaguer\/wp-json\/wp\/v2\/comments?post=9266"}],"version-history":[{"count":1,"href":"https:\/\/agora.xtec.cat\/escolajverdaguer\/wp-json\/wp\/v2\/posts\/9266\/revisions"}],"predecessor-version":[{"id":9267,"href":"https:\/\/agora.xtec.cat\/escolajverdaguer\/wp-json\/wp\/v2\/posts\/9266\/revisions\/9267"}],"wp:attachment":[{"href":"https:\/\/agora.xtec.cat\/escolajverdaguer\/wp-json\/wp\/v2\/media?parent=9266"}],"wp:term":[{"taxonomy":"category","embeddable":true,"href":"https:\/\/agora.xtec.cat\/escolajverdaguer\/wp-json\/wp\/v2\/categories?post=9266"},{"taxonomy":"post_tag","embeddable":true,"href":"https:\/\/agora.xtec.cat\/escolajverdaguer\/wp-json\/wp\/v2\/tags?post=9266"}],"curies":[{"name":"wp","href":"https:\/\/api.w.org\/{rel}","templated":true}]}}