{"id":913,"date":"2016-03-19T10:57:24","date_gmt":"2016-03-19T09:57:24","guid":{"rendered":"http:\/\/agora.xtec.cat\/escolajverdaguer\/?p=913"},"modified":"2016-03-19T11:31:38","modified_gmt":"2016-03-19T10:31:38","slug":"araescric","status":"publish","type":"post","link":"https:\/\/agora.xtec.cat\/escolajverdaguer\/portada\/araescric\/","title":{"rendered":"Millorem en lectura i escriptura&#8230;"},"content":{"rendered":"<p><a href=\"http:\/\/xtec.gencat.cat\/ca\/projectes\/escriptura\/ara-escric\/\" target=\"_blank\"><img loading=\"lazy\" decoding=\"async\" class=\"  wp-image-922 aligncenter\" src=\"http:\/\/agora.xtec.cat\/escolajverdaguer\/wp-content\/uploads\/usu585\/2016\/03\/Captura-de-pantalla-2016-03-19-a-les-11.04.20.png\" alt=\"Captura de pantalla 2016-03-19 a les 11.04.20\" width=\"268\" height=\"262\" srcset=\"https:\/\/agora.xtec.cat\/escolajverdaguer\/wp-content\/uploads\/usu585\/2016\/03\/Captura-de-pantalla-2016-03-19-a-les-11.04.20.png 494w, https:\/\/agora.xtec.cat\/escolajverdaguer\/wp-content\/uploads\/usu585\/2016\/03\/Captura-de-pantalla-2016-03-19-a-les-11.04.20-300x293.png 300w\" sizes=\"auto, (max-width: 268px) 100vw, 268px\" \/><\/a><\/p>\n<p><a href=\"http:\/\/xtec.gencat.cat\/ca\/projectes\/lectura\/impulslectura\/formacio\/propostaformativa1516\/\" target=\"_blank\"><img loading=\"lazy\" decoding=\"async\" class=\"  wp-image-924 aligncenter\" src=\"http:\/\/agora.xtec.cat\/escolajverdaguer\/wp-content\/uploads\/usu585\/2016\/03\/Captura-de-pantalla-2016-03-19-a-les-11.20.19.png\" alt=\"Captura de pantalla 2016-03-19 a les 11.20.19\" width=\"267\" height=\"270\" \/><\/a><!--more--><\/p>\n<p><a href=\"http:\/\/xtec.gencat.cat\/ca\/projectes\/escriptura\/ara-escric\/\" target=\"_blank\">ARA ESCRIC:<\/a><\/p>\n<p>El curs 2015-2016 el Departament d&#8217;Ensenyament impulsa el programa\u00a0araESCRIC, amb el qual\u00a0s&#8217;estableix com a objectiu millorar la compet\u00e8ncia escrita dels alumnes per augmentar-ne la capacitat de comunicaci\u00f3 i el rendiment acad\u00e8mic, i aix\u00ed afavorir-ne l&#8217;\u00e8xit educatiu.<\/p>\n<p>Representats dels diferents cicles participem en les confer\u00e8ncies que s&#8217;estan portant a terme al llarg del present curs escolar.<\/p>\n<p><a href=\"http:\/\/xtec.gencat.cat\/ca\/projectes\/lectura\/impulslectura\/formacio\/propostaformativa1516\/\" target=\"_blank\">IMPULS DE LA LECTURA:<\/a><\/p>\n<p>En aquesta l\u00ednia, hem iniciat en el present curs escolar 2015-16 i fins el curs 2017-18, el programa d&#8217;Impuls de la lectura\u00a0en l&#8217;\u00e0mbit educatiu amb l&#8217;objectiu de reduir el frac\u00e0s escolar potenciant la lectura sistem\u00e0tica al llarg de tota l&#8217;escolaritat.<\/p>\n","protected":false},"excerpt":{"rendered":"","protected":false},"author":1,"featured_media":929,"comment_status":"open","ping_status":"open","sticky":false,"template":"","format":"standard","meta":{"_bbp_topic_count":0,"_bbp_reply_count":0,"_bbp_total_topic_count":0,"_bbp_total_reply_count":0,"_bbp_voice_count":0,"_bbp_anonymous_reply_count":0,"_bbp_topic_count_hidden":0,"_bbp_reply_count_hidden":0,"_bbp_forum_subforum_count":0,"site-sidebar-layout":"default","site-content-layout":"","ast-site-content-layout":"","site-content-style":"default","site-sidebar-style":"default","ast-global-header-display":"","ast-banner-title-visibility":"","ast-main-header-display":"","ast-hfb-above-header-display":"","ast-hfb-below-header-display":"","ast-hfb-mobile-header-display":"","site-post-title":"","ast-breadcrumbs-content":"","ast-featured-img":"","footer-sml-layout":"","theme-transparent-header-meta":"","adv-header-id-meta":"","stick-header-meta":"","header-above-stick-meta":"","header-main-stick-meta":"","header-below-stick-meta":"","astra-migrate-meta-layouts":"default","ast-page-background-enabled":"default","ast-page-background-meta":{"desktop":{"background-color":"var(--ast-global-color-4)","background-image":"","background-repeat":"repeat","background-position":"center center","background-size":"auto","background-attachment":"scroll","background-type":"","background-media":"","overlay-type":"","overlay-color":"","overlay-opacity":"","overlay-gradient":""},"tablet":{"background-color":"","background-image":"","background-repeat":"repeat","background-position":"center center","background-size":"auto","background-attachment":"scroll","background-type":"","background-media":"","overlay-type":"","overlay-color":"","overlay-opacity":"","overlay-gradient":""},"mobile":{"background-color":"","background-image":"","background-repeat":"repeat","background-position":"center center","background-size":"auto","background-attachment":"scroll","background-type":"","background-media":"","overlay-type":"","overlay-color":"","overlay-opacity":"","overlay-gradient":""}},"ast-content-background-meta":{"desktop":{"background-color":"var(--ast-global-color-5)","background-image":"","background-repeat":"repeat","background-position":"center center","background-size":"auto","background-attachment":"scroll","background-type":"","background-media":"","overlay-type":"","overlay-color":"","overlay-opacity":"","overlay-gradient":""},"tablet":{"background-color":"var(--ast-global-color-5)","background-image":"","background-repeat":"repeat","background-position":"center center","background-size":"auto","background-attachment":"scroll","background-type":"","background-media":"","overlay-type":"","overlay-color":"","overlay-opacity":"","overlay-gradient":""},"mobile":{"background-color":"var(--ast-global-color-5)","background-image":"","background-repeat":"repeat","background-position":"center center","background-size":"auto","background-attachment":"scroll","background-type":"","background-media":"","overlay-type":"","overlay-color":"","overlay-opacity":"","overlay-gradient":""}},"footnotes":""},"categories":[4],"tags":[],"class_list":["post-913","post","type-post","status-publish","format-standard","has-post-thumbnail","hentry","category-portada"],"post_mailing_queue_ids":[],"_links":{"self":[{"href":"https:\/\/agora.xtec.cat\/escolajverdaguer\/wp-json\/wp\/v2\/posts\/913","targetHints":{"allow":["GET"]}}],"collection":[{"href":"https:\/\/agora.xtec.cat\/escolajverdaguer\/wp-json\/wp\/v2\/posts"}],"about":[{"href":"https:\/\/agora.xtec.cat\/escolajverdaguer\/wp-json\/wp\/v2\/types\/post"}],"author":[{"embeddable":true,"href":"https:\/\/agora.xtec.cat\/escolajverdaguer\/wp-json\/wp\/v2\/users\/1"}],"replies":[{"embeddable":true,"href":"https:\/\/agora.xtec.cat\/escolajverdaguer\/wp-json\/wp\/v2\/comments?post=913"}],"version-history":[{"count":4,"href":"https:\/\/agora.xtec.cat\/escolajverdaguer\/wp-json\/wp\/v2\/posts\/913\/revisions"}],"predecessor-version":[{"id":928,"href":"https:\/\/agora.xtec.cat\/escolajverdaguer\/wp-json\/wp\/v2\/posts\/913\/revisions\/928"}],"wp:featuredmedia":[{"embeddable":true,"href":"https:\/\/agora.xtec.cat\/escolajverdaguer\/wp-json\/wp\/v2\/media\/929"}],"wp:attachment":[{"href":"https:\/\/agora.xtec.cat\/escolajverdaguer\/wp-json\/wp\/v2\/media?parent=913"}],"wp:term":[{"taxonomy":"category","embeddable":true,"href":"https:\/\/agora.xtec.cat\/escolajverdaguer\/wp-json\/wp\/v2\/categories?post=913"},{"taxonomy":"post_tag","embeddable":true,"href":"https:\/\/agora.xtec.cat\/escolajverdaguer\/wp-json\/wp\/v2\/tags?post=913"}],"curies":[{"name":"wp","href":"https:\/\/api.w.org\/{rel}","templated":true}]}}