{"id":584,"date":"2019-01-24T18:01:20","date_gmt":"2019-01-24T17:01:20","guid":{"rendered":"http:\/\/agora.xtec.cat\/escolajverdaguer\/?p=584"},"modified":"2019-04-22T20:54:52","modified_gmt":"2019-04-22T18:54:52","slug":"projecte-educatiu-de-centre","status":"publish","type":"post","link":"https:\/\/agora.xtec.cat\/escolajverdaguer\/portada\/projecte-educatiu-de-centre\/","title":{"rendered":"Projecte Educatiu de Centre"},"content":{"rendered":"<p>Som una escola petita, familiar. Som el que s&#8217;anomena d&#8217;una l\u00ednia. Aquesta \u00e9s una de les gran fortaleses del nostre centre, gaudim de la immediatesa dels moments.<\/p>\n<p>La nostra escola sempre s&#8217;ha caracteritzat per ser un centre innovador i molt implicat en la cerca de l&#8217;excel\u00b7l\u00e8ncia en els resultats acad\u00e8mics. La metodologia de treball \u00e9s per projectes.<\/p>\n<p>Ja en el curs 2005-06 i fins el 2009-10, vam ser centre &#8216;pilot&#8217; del Departament d&#8217;Ensenyament a l&#8217;hora de portar a terme l&#8217;anomenat Pla estrat\u00e8gic: &#8220;Pla d&#8217;autonomia de Centre&#8221;, aconseguint aix\u00ed:<\/p>\n<ul>\n<li>definir una l\u00ednia d&#8217;escola molt clara i definida cap a l&#8217;excel\u00b7l\u00e8ncia educativa (cada any hem estat sotmesos a revisi\u00f3 dels resultats, m\u00e9s enll\u00e0 dels ja establerts pel Departament, precisament per ser centre &#8220;pilot&#8221;).<\/li>\n<li>rebre importants aportacions econ\u00f2miques per desenvolupar el Pla d&#8217;autonomia.<\/li>\n<li>perfilar-seleccionar part de la nostra plantilla, aconseguint aix\u00ed una &#8216;plus&#8217; en la qualitat i implicaci\u00f3 dels nostres mestres en el Projecte Educatiu del Centre.<\/li>\n<\/ul>\n<p>Els 3 eixos vertebradors que guien la nostra tasca s\u00f3n:<\/p>\n<p><span style=\"text-decoration: underline;\">&#8211; La <strong>implementaci\u00f3 tecnol\u00f2gica<\/strong><\/span>: cada alumne\/a disposa d&#8217;un tablet, totes les aules estan dotades de pissarres digitals, lectors de documents i connectivitat de 4\u00aageneraci\u00f3. Per a donar sentit i unitat a totes aquestes eines diposem d&#8217;una plataforma educativa en la que els alumnes, pares i mestres es poden comunicar molt f\u00e0cilment. Nosaltres diem entorn sist\u00e8mic.<\/p>\n<p><span style=\"text-decoration: underline;\">&#8211; L&#8217;<strong>angl\u00e8s<\/strong><\/span> \u00e9s considerada una llengua molt important des de ben petits. Comen\u00e7a a integrar-se i impartir-se en el curr\u00edculum des d&#8217;educaci\u00f3 infantil (psicomotricitat, &#8230;)<\/p>\n<p>Estem immersos en <a href=\"http:\/\/agora.xtec.cat\/escolajverdaguer\/wp-content\/uploads\/usu585\/2016\/01\/portalconjunto2.png\"><img loading=\"lazy\" decoding=\"async\" class=\"alignnone wp-image-9388\" src=\"http:\/\/agora.xtec.cat\/escolajverdaguer\/wp-content\/uploads\/usu585\/2016\/01\/portalconjunto2.png\" alt=\"\" width=\"95\" height=\"48\" \/>: projecte Europeu de programaci\u00f3 i rob\u00f2tica. Contracte de col\u00b7laboraci\u00f3 amb: Est\u00f2nia, Finl\u00e0ndia, Isl\u00e0ndia, Noruega.<\/a><\/p>\n<p>Els alumnes d&#8217;educaci\u00f3 prim\u00e0ria (1r a 6\u00e8) estudien:<\/p>\n<ul>\n<li>3 classes d&#8217;angl\u00e8s a la setmana, una d&#8217;elles en grup reduit.<\/li>\n<li>l&#8217;assignatura d&#8217;Educaci\u00f3 f\u00edsica es realitza en llengua anglesa en tota la prim\u00e0ria.<\/li>\n<li>Les &#8216;col\u00f2nies escolars&#8217; de 4t i 5\u00e8 es realitzen en angl\u00e8s com a llengua vehicular.<\/li>\n<li>Extraescolar d&#8217;angl\u00e8s Infantil i Prim\u00e0ria a un preu molt econ\u00f2mic per a les fam\u00edlies.<\/li>\n<li>Participem en projectes europeus: Etwinnig.<\/li>\n<li>Som &#8216;centre acollidor&#8217; de mestres estrangers dintre del Projecte Erasmus+ Ka1.<\/li>\n<\/ul>\n<p><span style=\"text-decoration: underline;\">&#8211; <strong>Les emocions<\/strong><\/span> s\u00f3n l&#8217;eix vertebrador de tota la nostra tasca. El nostre lema \u00e9s que si un nen est\u00e0 emocionalment b\u00e9 est\u00e0 preparat per enfrontar-se a tots els aprenentatges. Tenim un projecte que s&#8217;inicia a <strong>Educaci\u00f3 Infantil<\/strong> amb l&#8217;objectiu de saber <span style=\"color: #ff0000;\">recon\u00e8ixer les emocions<\/span>; a <strong>Cicle Inicial<\/strong> (1r i 2n de prim\u00e0ria) es realitza una feina m\u00e9s profunda en la <span style=\"color: #ff0000;\">din\u00e0mica de grups<\/span> per assolir un clima de confian\u00e7a, respecte i de tranquil\u00b7litat; posteriorment al <strong>Cicle Mitj\u00e0<\/strong> (3r i 4t) es fa un treball m\u00e9s profund i espec\u00edfic de les <span style=\"color: #ff0000;\">habilitats socials<\/span> per tal de poder ser aut\u00f2noms en la resoluci\u00f3 de conflictes i saber triar en cada ocasi\u00f3 l&#8217;estrat\u00e8gia m\u00e9s adequada a l&#8217;hora d&#8217;enfrontar-se als seus propis problemes; i, finalment, al <strong>Cicle Superior<\/strong> (5\u00e8 i 6\u00e8), s&#8217;adquireixen les habilitats necess\u00e0ries per a ser els <strong>mediadors<\/strong> de l&#8217;escola a sis\u00e8, treballant l&#8217;empatia, l&#8217;assertivitat i l&#8217;objectivitat a l&#8217;hora d&#8217;ajudar a resoldre els conflictes dels companys.<\/p>\n<p>La nostra escola potencia la lectura sistem\u00e0tica en totes les \u00e0rees i mat\u00e8ries del curr\u00edculum al llarg de tota l&#8217;escolaritat b\u00e0sica per augmentar la compet\u00e8ncia comunicativa i ling\u00fc\u00edstica i el desenvolupament de l&#8217;h\u00e0bit lector dels infants i joves, sense oblidar que la compet\u00e8ncia lectora \u00e9s la base de molts aprenentatges i un requisit per participar amb \u00e8xit en bona part dels \u00e0mbits de la vida adulta. El nostre centre participa en el <a href=\"http:\/\/ensenyament.gencat.cat\/ca\/arees-actuacio\/centres-serveis-educatius\/projectes-educatius\/impuls-lectura\/\" target=\"_blank\" rel=\"noopener noreferrer\">PROGRAMA ILEC del Departament d&#8217;Ensenyament<\/a>.<\/p>\n","protected":false},"excerpt":{"rendered":"<p>Som una escola petita, familiar. Som el que s&#8217;anomena d&#8217;una l\u00ednia. Aquesta \u00e9s una de les gran fortaleses del nostre centre, gaudim de la immediatesa dels moments.<\/p>\n","protected":false},"author":1,"featured_media":0,"comment_status":"open","ping_status":"closed","sticky":false,"template":"","format":"standard","meta":{"_bbp_topic_count":0,"_bbp_reply_count":0,"_bbp_total_topic_count":0,"_bbp_total_reply_count":0,"_bbp_voice_count":0,"_bbp_anonymous_reply_count":0,"_bbp_topic_count_hidden":0,"_bbp_reply_count_hidden":0,"_bbp_forum_subforum_count":0,"site-sidebar-layout":"default","site-content-layout":"","ast-site-content-layout":"","site-content-style":"default","site-sidebar-style":"default","ast-global-header-display":"","ast-banner-title-visibility":"","ast-main-header-display":"","ast-hfb-above-header-display":"","ast-hfb-below-header-display":"","ast-hfb-mobile-header-display":"","site-post-title":"","ast-breadcrumbs-content":"","ast-featured-img":"","footer-sml-layout":"","theme-transparent-header-meta":"","adv-header-id-meta":"","stick-header-meta":"","header-above-stick-meta":"","header-main-stick-meta":"","header-below-stick-meta":"","astra-migrate-meta-layouts":"default","ast-page-background-enabled":"default","ast-page-background-meta":{"desktop":{"background-color":"var(--ast-global-color-4)","background-image":"","background-repeat":"repeat","background-position":"center center","background-size":"auto","background-attachment":"scroll","background-type":"","background-media":"","overlay-type":"","overlay-color":"","overlay-opacity":"","overlay-gradient":""},"tablet":{"background-color":"","background-image":"","background-repeat":"repeat","background-position":"center center","background-size":"auto","background-attachment":"scroll","background-type":"","background-media":"","overlay-type":"","overlay-color":"","overlay-opacity":"","overlay-gradient":""},"mobile":{"background-color":"","background-image":"","background-repeat":"repeat","background-position":"center center","background-size":"auto","background-attachment":"scroll","background-type":"","background-media":"","overlay-type":"","overlay-color":"","overlay-opacity":"","overlay-gradient":""}},"ast-content-background-meta":{"desktop":{"background-color":"var(--ast-global-color-5)","background-image":"","background-repeat":"repeat","background-position":"center center","background-size":"auto","background-attachment":"scroll","background-type":"","background-media":"","overlay-type":"","overlay-color":"","overlay-opacity":"","overlay-gradient":""},"tablet":{"background-color":"var(--ast-global-color-5)","background-image":"","background-repeat":"repeat","background-position":"center center","background-size":"auto","background-attachment":"scroll","background-type":"","background-media":"","overlay-type":"","overlay-color":"","overlay-opacity":"","overlay-gradient":""},"mobile":{"background-color":"var(--ast-global-color-5)","background-image":"","background-repeat":"repeat","background-position":"center center","background-size":"auto","background-attachment":"scroll","background-type":"","background-media":"","overlay-type":"","overlay-color":"","overlay-opacity":"","overlay-gradient":""}},"footnotes":""},"categories":[4],"tags":[],"class_list":["post-584","post","type-post","status-publish","format-standard","hentry","category-portada"],"post_mailing_queue_ids":[],"_links":{"self":[{"href":"https:\/\/agora.xtec.cat\/escolajverdaguer\/wp-json\/wp\/v2\/posts\/584","targetHints":{"allow":["GET"]}}],"collection":[{"href":"https:\/\/agora.xtec.cat\/escolajverdaguer\/wp-json\/wp\/v2\/posts"}],"about":[{"href":"https:\/\/agora.xtec.cat\/escolajverdaguer\/wp-json\/wp\/v2\/types\/post"}],"author":[{"embeddable":true,"href":"https:\/\/agora.xtec.cat\/escolajverdaguer\/wp-json\/wp\/v2\/users\/1"}],"replies":[{"embeddable":true,"href":"https:\/\/agora.xtec.cat\/escolajverdaguer\/wp-json\/wp\/v2\/comments?post=584"}],"version-history":[{"count":3,"href":"https:\/\/agora.xtec.cat\/escolajverdaguer\/wp-json\/wp\/v2\/posts\/584\/revisions"}],"predecessor-version":[{"id":9850,"href":"https:\/\/agora.xtec.cat\/escolajverdaguer\/wp-json\/wp\/v2\/posts\/584\/revisions\/9850"}],"wp:attachment":[{"href":"https:\/\/agora.xtec.cat\/escolajverdaguer\/wp-json\/wp\/v2\/media?parent=584"}],"wp:term":[{"taxonomy":"category","embeddable":true,"href":"https:\/\/agora.xtec.cat\/escolajverdaguer\/wp-json\/wp\/v2\/categories?post=584"},{"taxonomy":"post_tag","embeddable":true,"href":"https:\/\/agora.xtec.cat\/escolajverdaguer\/wp-json\/wp\/v2\/tags?post=584"}],"curies":[{"name":"wp","href":"https:\/\/api.w.org\/{rel}","templated":true}]}}