{"id":1662,"date":"2017-06-20T13:45:40","date_gmt":"2017-06-20T11:45:40","guid":{"rendered":"http:\/\/agora.xtec.cat\/escolajverdaguer\/?p=1662"},"modified":"2017-06-20T13:45:40","modified_gmt":"2017-06-20T11:45:40","slug":"cantania-2","status":"publish","type":"post","link":"https:\/\/agora.xtec.cat\/escolajverdaguer\/portada\/cantania-2\/","title":{"rendered":"Cant\u00e0nia"},"content":{"rendered":"<p><a href=\"http:\/\/agora.xtec.cat\/escolajverdaguer\/wp-content\/uploads\/usu585\/2017\/06\/WhatsApp-Image-2017-06-20-at-12.55.07.jpeg\"><img loading=\"lazy\" decoding=\"async\" class=\"alignnone  wp-image-1663\" src=\"http:\/\/agora.xtec.cat\/escolajverdaguer\/wp-content\/uploads\/usu585\/2017\/06\/WhatsApp-Image-2017-06-20-at-12.55.07.jpeg\" alt=\"WhatsApp Image 2017-06-20 at 12.55.07\" width=\"440\" height=\"330\" srcset=\"https:\/\/agora.xtec.cat\/escolajverdaguer\/wp-content\/uploads\/usu585\/2017\/06\/WhatsApp-Image-2017-06-20-at-12.55.07.jpeg 1600w, https:\/\/agora.xtec.cat\/escolajverdaguer\/wp-content\/uploads\/usu585\/2017\/06\/WhatsApp-Image-2017-06-20-at-12.55.07-300x225.jpeg 300w, https:\/\/agora.xtec.cat\/escolajverdaguer\/wp-content\/uploads\/usu585\/2017\/06\/WhatsApp-Image-2017-06-20-at-12.55.07-768x576.jpeg 768w, https:\/\/agora.xtec.cat\/escolajverdaguer\/wp-content\/uploads\/usu585\/2017\/06\/WhatsApp-Image-2017-06-20-at-12.55.07-1024x768.jpeg 1024w, https:\/\/agora.xtec.cat\/escolajverdaguer\/wp-content\/uploads\/usu585\/2017\/06\/WhatsApp-Image-2017-06-20-at-12.55.07-200x150.jpeg 200w\" sizes=\"auto, (max-width: 440px) 100vw, 440px\" \/><\/a><\/p>\n<p><!--nextpage--><\/p>\n<p>El dia 14 de juny els alumnes de cinqu\u00e8 van participar a la Cant\u00e0nia de l&#8217;auditori de Barcelona.<br \/>\nAquest any duia per t\u00edtol &#8220;La nit dels malsons&#8221;, on un noi a trav\u00e9s dels somnis arriba a la conclusi\u00f3 que les pors s\u00f3n importants a la vida, simplement s&#8217;ha de saber gestionar.<br \/>\nEls alumnes de cinqu\u00e8 despr\u00e9s de 5 mesos\u00a0 d&#8217;assajos, treballant de valent per poder aprendre correctament les can\u00e7ons i coreografies, tenint en compte que aquest any les peces musicals estaven escrites\u00a0 a\u00a0 l&#8217;estil musical de jazz fusi\u00f3, van concloure amb un gran espectacle on van compartir escenari amb altres escoles de Barcelona i van gaudir de la m\u00fasica com a cantants.<\/p>\n<p>&nbsp;<\/p>\n<p>Bona feina!<\/p>\n<p>Ester Escofet<\/p>\n<p>Mestra de m\u00fasica<\/p>\n","protected":false},"excerpt":{"rendered":"","protected":false},"author":1,"featured_media":1663,"comment_status":"closed","ping_status":"closed","sticky":false,"template":"","format":"standard","meta":{"_bbp_topic_count":0,"_bbp_reply_count":0,"_bbp_total_topic_count":0,"_bbp_total_reply_count":0,"_bbp_voice_count":0,"_bbp_anonymous_reply_count":0,"_bbp_topic_count_hidden":0,"_bbp_reply_count_hidden":0,"_bbp_forum_subforum_count":0,"site-sidebar-layout":"default","site-content-layout":"","ast-site-content-layout":"","site-content-style":"default","site-sidebar-style":"default","ast-global-header-display":"","ast-banner-title-visibility":"","ast-main-header-display":"","ast-hfb-above-header-display":"","ast-hfb-below-header-display":"","ast-hfb-mobile-header-display":"","site-post-title":"","ast-breadcrumbs-content":"","ast-featured-img":"","footer-sml-layout":"","theme-transparent-header-meta":"","adv-header-id-meta":"","stick-header-meta":"","header-above-stick-meta":"","header-main-stick-meta":"","header-below-stick-meta":"","astra-migrate-meta-layouts":"default","ast-page-background-enabled":"default","ast-page-background-meta":{"desktop":{"background-color":"var(--ast-global-color-4)","background-image":"","background-repeat":"repeat","background-position":"center center","background-size":"auto","background-attachment":"scroll","background-type":"","background-media":"","overlay-type":"","overlay-color":"","overlay-opacity":"","overlay-gradient":""},"tablet":{"background-color":"","background-image":"","background-repeat":"repeat","background-position":"center center","background-size":"auto","background-attachment":"scroll","background-type":"","background-media":"","overlay-type":"","overlay-color":"","overlay-opacity":"","overlay-gradient":""},"mobile":{"background-color":"","background-image":"","background-repeat":"repeat","background-position":"center center","background-size":"auto","background-attachment":"scroll","background-type":"","background-media":"","overlay-type":"","overlay-color":"","overlay-opacity":"","overlay-gradient":""}},"ast-content-background-meta":{"desktop":{"background-color":"var(--ast-global-color-5)","background-image":"","background-repeat":"repeat","background-position":"center center","background-size":"auto","background-attachment":"scroll","background-type":"","background-media":"","overlay-type":"","overlay-color":"","overlay-opacity":"","overlay-gradient":""},"tablet":{"background-color":"var(--ast-global-color-5)","background-image":"","background-repeat":"repeat","background-position":"center center","background-size":"auto","background-attachment":"scroll","background-type":"","background-media":"","overlay-type":"","overlay-color":"","overlay-opacity":"","overlay-gradient":""},"mobile":{"background-color":"var(--ast-global-color-5)","background-image":"","background-repeat":"repeat","background-position":"center center","background-size":"auto","background-attachment":"scroll","background-type":"","background-media":"","overlay-type":"","overlay-color":"","overlay-opacity":"","overlay-gradient":""}},"footnotes":""},"categories":[38,4],"tags":[],"class_list":["post-1662","post","type-post","status-publish","format-standard","has-post-thumbnail","hentry","category-musica","category-portada"],"post_mailing_queue_ids":[],"_links":{"self":[{"href":"https:\/\/agora.xtec.cat\/escolajverdaguer\/wp-json\/wp\/v2\/posts\/1662","targetHints":{"allow":["GET"]}}],"collection":[{"href":"https:\/\/agora.xtec.cat\/escolajverdaguer\/wp-json\/wp\/v2\/posts"}],"about":[{"href":"https:\/\/agora.xtec.cat\/escolajverdaguer\/wp-json\/wp\/v2\/types\/post"}],"author":[{"embeddable":true,"href":"https:\/\/agora.xtec.cat\/escolajverdaguer\/wp-json\/wp\/v2\/users\/1"}],"replies":[{"embeddable":true,"href":"https:\/\/agora.xtec.cat\/escolajverdaguer\/wp-json\/wp\/v2\/comments?post=1662"}],"version-history":[{"count":1,"href":"https:\/\/agora.xtec.cat\/escolajverdaguer\/wp-json\/wp\/v2\/posts\/1662\/revisions"}],"predecessor-version":[{"id":1664,"href":"https:\/\/agora.xtec.cat\/escolajverdaguer\/wp-json\/wp\/v2\/posts\/1662\/revisions\/1664"}],"wp:featuredmedia":[{"embeddable":true,"href":"https:\/\/agora.xtec.cat\/escolajverdaguer\/wp-json\/wp\/v2\/media\/1663"}],"wp:attachment":[{"href":"https:\/\/agora.xtec.cat\/escolajverdaguer\/wp-json\/wp\/v2\/media?parent=1662"}],"wp:term":[{"taxonomy":"category","embeddable":true,"href":"https:\/\/agora.xtec.cat\/escolajverdaguer\/wp-json\/wp\/v2\/categories?post=1662"},{"taxonomy":"post_tag","embeddable":true,"href":"https:\/\/agora.xtec.cat\/escolajverdaguer\/wp-json\/wp\/v2\/tags?post=1662"}],"curies":[{"name":"wp","href":"https:\/\/api.w.org\/{rel}","templated":true}]}}