{"id":13012,"date":"2026-04-24T12:26:23","date_gmt":"2026-04-24T10:26:23","guid":{"rendered":"https:\/\/agora.xtec.cat\/escolajverdaguer\/?p=13012"},"modified":"2026-04-24T12:32:22","modified_gmt":"2026-04-24T10:32:22","slug":"acollim-a-lescola-el-drac-de-la-ciutat-el-gar-i-got","status":"publish","type":"post","link":"https:\/\/agora.xtec.cat\/escolajverdaguer\/portada\/acollim-a-lescola-el-drac-de-la-ciutat-el-gar-i-got\/","title":{"rendered":"Acollim a l\u2019escola el drac de la ciutat, el Gar-i-Got !"},"content":{"rendered":"<p data-start=\"148\" data-end=\"300\">Us informem que, a partir d\u2019avui divendres (24.04.26) i durant quinze dies, la nostra escola tindr\u00e0 el plaer d\u2019acollir el drac de la ciutat, <a href=\"https:\/\/www.castelldefels.org\/es\/servicios\/cultura\/cultura-popular-tradicional\/figuras-festivas\/el-gar-i-got?utm_source=chatgpt.com\" target=\"_blank\" rel=\"noopener\">el <strong data-start=\"283\" data-end=\"296\">Gar-i-Got<\/strong> <\/a>\ud83d\udc09.<\/p>\n<p data-start=\"302\" data-end=\"407\">\u00c9s una oportunitat \u00fanica perqu\u00e8 els nens i nenes el puguin con\u00e8ixer de prop i <a href=\"https:\/\/elsgrocs.cat\/agrupa_atencio\/expo-gar-i-got\/audioguia\/\" target=\"_blank\" rel=\"noopener\">descobrir-ne la hist\u00f2ria<\/a>.<\/p>\n<p data-start=\"409\" data-end=\"581\">El drac ve acompanyat d\u2019una exposici\u00f3 sobre els seus or\u00edgens, les tradicions que l\u2019envolten i la manera com el fan ballar els diables i les diablesses de Castelldefels.<\/p>\n<p data-start=\"583\" data-end=\"849\">Aquesta exposici\u00f3 ha estat creada pel nostre exalumne <strong data-start=\"637\" data-end=\"651\">Jan Molero<\/strong>, en el marc del 40\u00e8 aniversari del Gar-i-got (celebrat l\u2019any passat), amb la voluntat d\u2019apropar la cultura popular a tota la ciutadania. Tenim, a m\u00e9s, l\u2019honor de ser la primera escola a acollir-la.<\/p>\n<p data-start=\"851\" data-end=\"1104\">Esperem que tots i totes en puguem gaudir amb il\u00b7lusi\u00f3 i respecte. Per aix\u00f2, us demanem la vostra col\u00b7laboraci\u00f3 per tenir cura del material que ens cedeix <a href=\"https:\/\/elsgrocs.cat\/agrupa_atencio\/expo-gar-i-got\/\" target=\"_blank\" rel=\"noopener\">l\u2019Agrupaci\u00f3 de Cultura Popular de Castelldefels<\/a>, ja que forma part del patrimoni del nostre poble.<\/p>\n","protected":false},"excerpt":{"rendered":"<p>Us informem que, a partir d\u2019avui divendres (24.04.26) i durant quinze dies, la nostra escola tindr\u00e0 el plaer d\u2019acollir el drac de la ciutat, el Gar-i-Got \ud83d\udc09.<\/p>\n","protected":false},"author":1,"featured_media":13013,"comment_status":"closed","ping_status":"open","sticky":false,"template":"","format":"standard","meta":{"_bbp_topic_count":0,"_bbp_reply_count":0,"_bbp_total_topic_count":0,"_bbp_total_reply_count":0,"_bbp_voice_count":0,"_bbp_anonymous_reply_count":0,"_bbp_topic_count_hidden":0,"_bbp_reply_count_hidden":0,"_bbp_forum_subforum_count":0,"site-sidebar-layout":"default","site-content-layout":"","ast-site-content-layout":"default","site-content-style":"default","site-sidebar-style":"default","ast-global-header-display":"","ast-banner-title-visibility":"","ast-main-header-display":"","ast-hfb-above-header-display":"","ast-hfb-below-header-display":"","ast-hfb-mobile-header-display":"","site-post-title":"","ast-breadcrumbs-content":"","ast-featured-img":"","footer-sml-layout":"","theme-transparent-header-meta":"default","adv-header-id-meta":"","stick-header-meta":"","header-above-stick-meta":"","header-main-stick-meta":"","header-below-stick-meta":"","astra-migrate-meta-layouts":"set","ast-page-background-enabled":"default","ast-page-background-meta":{"desktop":{"background-color":"var(--ast-global-color-4)","background-image":"","background-repeat":"repeat","background-position":"center center","background-size":"auto","background-attachment":"scroll","background-type":"","background-media":"","overlay-type":"","overlay-color":"","overlay-opacity":"","overlay-gradient":""},"tablet":{"background-color":"","background-image":"","background-repeat":"repeat","background-position":"center center","background-size":"auto","background-attachment":"scroll","background-type":"","background-media":"","overlay-type":"","overlay-color":"","overlay-opacity":"","overlay-gradient":""},"mobile":{"background-color":"","background-image":"","background-repeat":"repeat","background-position":"center center","background-size":"auto","background-attachment":"scroll","background-type":"","background-media":"","overlay-type":"","overlay-color":"","overlay-opacity":"","overlay-gradient":""}},"ast-content-background-meta":{"desktop":{"background-color":"var(--ast-global-color-5)","background-image":"","background-repeat":"repeat","background-position":"center center","background-size":"auto","background-attachment":"scroll","background-type":"","background-media":"","overlay-type":"","overlay-color":"","overlay-opacity":"","overlay-gradient":""},"tablet":{"background-color":"var(--ast-global-color-5)","background-image":"","background-repeat":"repeat","background-position":"center center","background-size":"auto","background-attachment":"scroll","background-type":"","background-media":"","overlay-type":"","overlay-color":"","overlay-opacity":"","overlay-gradient":""},"mobile":{"background-color":"var(--ast-global-color-5)","background-image":"","background-repeat":"repeat","background-position":"center center","background-size":"auto","background-attachment":"scroll","background-type":"","background-media":"","overlay-type":"","overlay-color":"","overlay-opacity":"","overlay-gradient":""}},"footnotes":""},"categories":[4],"tags":[],"class_list":["post-13012","post","type-post","status-publish","format-standard","has-post-thumbnail","hentry","category-portada"],"post_mailing_queue_ids":[],"_links":{"self":[{"href":"https:\/\/agora.xtec.cat\/escolajverdaguer\/wp-json\/wp\/v2\/posts\/13012","targetHints":{"allow":["GET"]}}],"collection":[{"href":"https:\/\/agora.xtec.cat\/escolajverdaguer\/wp-json\/wp\/v2\/posts"}],"about":[{"href":"https:\/\/agora.xtec.cat\/escolajverdaguer\/wp-json\/wp\/v2\/types\/post"}],"author":[{"embeddable":true,"href":"https:\/\/agora.xtec.cat\/escolajverdaguer\/wp-json\/wp\/v2\/users\/1"}],"replies":[{"embeddable":true,"href":"https:\/\/agora.xtec.cat\/escolajverdaguer\/wp-json\/wp\/v2\/comments?post=13012"}],"version-history":[{"count":4,"href":"https:\/\/agora.xtec.cat\/escolajverdaguer\/wp-json\/wp\/v2\/posts\/13012\/revisions"}],"predecessor-version":[{"id":13017,"href":"https:\/\/agora.xtec.cat\/escolajverdaguer\/wp-json\/wp\/v2\/posts\/13012\/revisions\/13017"}],"wp:featuredmedia":[{"embeddable":true,"href":"https:\/\/agora.xtec.cat\/escolajverdaguer\/wp-json\/wp\/v2\/media\/13013"}],"wp:attachment":[{"href":"https:\/\/agora.xtec.cat\/escolajverdaguer\/wp-json\/wp\/v2\/media?parent=13012"}],"wp:term":[{"taxonomy":"category","embeddable":true,"href":"https:\/\/agora.xtec.cat\/escolajverdaguer\/wp-json\/wp\/v2\/categories?post=13012"},{"taxonomy":"post_tag","embeddable":true,"href":"https:\/\/agora.xtec.cat\/escolajverdaguer\/wp-json\/wp\/v2\/tags?post=13012"}],"curies":[{"name":"wp","href":"https:\/\/api.w.org\/{rel}","templated":true}]}}