{"id":12770,"date":"2026-01-07T10:04:34","date_gmt":"2026-01-07T09:04:34","guid":{"rendered":"https:\/\/agora.xtec.cat\/escolajverdaguer\/?p=12770"},"modified":"2026-01-12T10:39:19","modified_gmt":"2026-01-12T09:39:19","slug":"programa-pcmat","status":"publish","type":"post","link":"https:\/\/agora.xtec.cat\/escolajverdaguer\/portada\/programa-pcmat\/","title":{"rendered":"Programa PCMAT"},"content":{"rendered":"<header class=\"entry-header \">\n<h1 class=\"entry-title\"><a href=\"https:\/\/agora.xtec.cat\/escolajverdaguer\/wp-content\/uploads\/usu585\/2026\/01\/Captura-de-pantalla-2026-01-07-a-les-10.01.40.png\"><img loading=\"lazy\" decoding=\"async\" class=\"alignnone size-full wp-image-12771\" src=\"https:\/\/agora.xtec.cat\/escolajverdaguer\/wp-content\/uploads\/usu585\/2026\/01\/Captura-de-pantalla-2026-01-07-a-les-10.01.40.png\" alt=\"\" width=\"1868\" height=\"198\" srcset=\"https:\/\/agora.xtec.cat\/escolajverdaguer\/wp-content\/uploads\/usu585\/2026\/01\/Captura-de-pantalla-2026-01-07-a-les-10.01.40.png 1868w, https:\/\/agora.xtec.cat\/escolajverdaguer\/wp-content\/uploads\/usu585\/2026\/01\/Captura-de-pantalla-2026-01-07-a-les-10.01.40-300x32.png 300w, https:\/\/agora.xtec.cat\/escolajverdaguer\/wp-content\/uploads\/usu585\/2026\/01\/Captura-de-pantalla-2026-01-07-a-les-10.01.40-1024x109.png 1024w, https:\/\/agora.xtec.cat\/escolajverdaguer\/wp-content\/uploads\/usu585\/2026\/01\/Captura-de-pantalla-2026-01-07-a-les-10.01.40-768x81.png 768w, https:\/\/agora.xtec.cat\/escolajverdaguer\/wp-content\/uploads\/usu585\/2026\/01\/Captura-de-pantalla-2026-01-07-a-les-10.01.40-1536x163.png 1536w\" sizes=\"auto, (max-width: 1868px) 100vw, 1868px\" \/><\/a><\/h1>\n<\/header>\n<div class=\"entry-content clear\" data-ast-blocks-layout=\"true\">Aquest curs 25-26, el Departament d\u2019Educaci\u00f3 ha inicial el Programa temporal de mentories PCMAT.\u00a0 Aquesta iniciativa s\u2019emmarca dins del desplegament del programa \u201cC\u00f3digo Escuela 4.0\u201d, impulsat pel Ministeri, Formaci\u00f3 Professional i Esports i coordinat pel Departament d\u2019Educaci\u00f3 i Formaci\u00f3 Professional de la Generalitat de Catalunya. L\u2019objectiu principal d\u2019aquest programa \u00e9s <strong>millorar la compet\u00e8ncia matem\u00e0tica<\/strong> de l\u2019alumnat (de 5\u00e8 i 6\u00e8) a trav\u00e9s del <strong>pensament computacional, la programaci\u00f3 i la rob\u00f2tica educativa<\/strong>, amb un acompanyament intensiu i personalitzat per al professorat.\u00a0<a href=\"https:\/\/projectes.xtec.cat\/pensament-computacional\/programa-temporal-mentories-pcmat\/\"><img loading=\"lazy\" decoding=\"async\" class=\"aligncenter size-full wp-image-4176\" src=\"https:\/\/agora.xtec.cat\/ceiplacaixa\/wp-content\/uploads\/usu1455\/2025\/09\/PCMAT.png\" sizes=\"auto, (max-width: 431px) 100vw, 431px\" srcset=\"https:\/\/agora.xtec.cat\/ceiplacaixa\/wp-content\/uploads\/usu1455\/2025\/09\/PCMAT.png 431w, https:\/\/agora.xtec.cat\/ceiplacaixa\/wp-content\/uploads\/usu1455\/2025\/09\/PCMAT-300x219.png 300w\" alt=\"\" width=\"431\" height=\"315\" \/><\/a><\/div>\n<div class=\"entry-content clear\" data-ast-blocks-layout=\"true\">\n<h5 class=\"wp-block-heading\"><strong>Desenvolupant el Pensament Computacional a les Matem\u00e0tiques<\/strong><\/h5>\n<p>L\u2019alumnat de 5\u00e8 i 6\u00e8 ja ha comen\u00e7at a treballar amb el programa <strong>PCMat (Pensament Computacional i Matem\u00e0tiques)<\/strong>, una iniciativa que busca refor\u00e7ar la compet\u00e8ncia matem\u00e0tica a trav\u00e9s de les habilitats pr\u00f2pies del pensament computacional. Aquest projecte s\u2019emmarca dins d\u2019una visi\u00f3 educativa moderna que reconeix la import\u00e0ncia de preparar els nostres alumnes per als reptes del segle XXI. El pensament computacional \u00e9s una compet\u00e8ncia transversal que va molt m\u00e9s enll\u00e0 de l\u2019\u00fas de la tecnologia o la programaci\u00f3.<\/p>\n<h3 class=\"wp-block-heading\"><strong>Qu\u00e8 \u00e9s el Pensament Computacional (PC)?<\/strong><\/h3>\n<p>Molts pares i mares podrien associar inicialment el PCMat amb la rob\u00f2tica o els jocs digitals. Tot i que aquests recursos poden ser eines d\u2019aprenentatge, el cor del pensament computacional rau en la <strong>manera d\u2019abordar i resoldre problemes<\/strong>. Consisteix a aplicar quatre habilitats clau:<\/p>\n<ol class=\"wp-block-list\" start=\"1\">\n<li><strong>Descomposici\u00f3:<\/strong> Dividir un problema complex en parts m\u00e9s petites i manejables.<\/li>\n<li><strong>Reconeixement de Patrons:<\/strong> Identificar similituds i regularitats dins d\u2019un problema o entre diferents problemes.<\/li>\n<li><strong>Abstracci\u00f3:<\/strong> Centrar-se en els detalls importants i ignorar la informaci\u00f3 irrellevant per trobar la soluci\u00f3.<\/li>\n<li><strong>Algorismes:<\/strong> Crear una seq\u00fc\u00e8ncia de passos ordenada i l\u00f2gica per resoldre el problema.<\/li>\n<\/ol>\n<h3 class=\"wp-block-heading\"><strong>PCMat: Pensar com un matem\u00e0tic i un inform\u00e0tic<\/strong><\/h3>\n<p>L\u2019objectiu principal del programa PCMat \u00e9s fusionar aquestes habilitats amb el curr\u00edculum de matem\u00e0tiques. A trav\u00e9s d\u2019activitats dissenyades espec\u00edficament, els alumnes aprenen a:<\/p>\n<ul class=\"wp-block-list\">\n<li><strong>Analitzar<\/strong> millor els enunciats.<\/li>\n<li><strong>Dissenyar<\/strong> estrat\u00e8gies de resoluci\u00f3 eficients.<\/li>\n<li><strong>Modelitzar<\/strong> situacions matem\u00e0tiques complexes.<\/li>\n<\/ul>\n<p>En lloc d\u2019aplicar f\u00f3rmules de manera mec\u00e0nica, el PCMat convida l\u2019alumnat a entendre l\u2019estructura profunda dels conceptes matem\u00e0tics (com la geometria, la mesura o l\u2019\u00e0lgebra) utilitzant la l\u00f2gica i la precisi\u00f3 de la programaci\u00f3, fins i tot en activitats \u201cdesendollades\u201d (sense necessitat d\u2019ordinadors). Estem conven\u00e7uts que el PCMat no nom\u00e9s millorar\u00e0 el rendiment en l\u2019\u00e0rea de matem\u00e0tiques, sin\u00f3 que tamb\u00e9 proporcionar\u00e0 als nostres alumnes unes eines intel\u00b7lectuals fonamentals per a qualsevol \u00e0mbit de la seva vida acad\u00e8mica i professional futura.<\/p>\n<\/div>\n","protected":false},"excerpt":{"rendered":"<p>Aquest curs 25-26, el Departament d\u2019Educaci\u00f3 ha inicial el Programa temporal de mentories PCMAT.\u00a0 Aquesta iniciativa s\u2019emmarca dins del desplegament del programa \u201cC\u00f3digo Escuela 4.0\u201d. L\u2019objectiu principal d\u2019aquest programa \u00e9s millorar la compet\u00e8ncia matem\u00e0tica de l\u2019alumnat (de 5\u00e8 i 6\u00e8) a trav\u00e9s del pensament computacional, la programaci\u00f3 i la rob\u00f2tica educativa, amb un acompanyament intensiu i personalitzat per al professorat.\u00a0<\/p>\n","protected":false},"author":1,"featured_media":0,"comment_status":"closed","ping_status":"open","sticky":false,"template":"","format":"standard","meta":{"_bbp_topic_count":0,"_bbp_reply_count":0,"_bbp_total_topic_count":0,"_bbp_total_reply_count":0,"_bbp_voice_count":0,"_bbp_anonymous_reply_count":0,"_bbp_topic_count_hidden":0,"_bbp_reply_count_hidden":0,"_bbp_forum_subforum_count":0,"site-sidebar-layout":"left-sidebar","site-content-layout":"","ast-site-content-layout":"full-width-container","site-content-style":"default","site-sidebar-style":"default","ast-global-header-display":"","ast-banner-title-visibility":"","ast-main-header-display":"","ast-hfb-above-header-display":"","ast-hfb-below-header-display":"","ast-hfb-mobile-header-display":"","site-post-title":"","ast-breadcrumbs-content":"","ast-featured-img":"","footer-sml-layout":"","theme-transparent-header-meta":"default","adv-header-id-meta":"","stick-header-meta":"","header-above-stick-meta":"","header-main-stick-meta":"","header-below-stick-meta":"","astra-migrate-meta-layouts":"set","ast-page-background-enabled":"default","ast-page-background-meta":{"desktop":{"background-color":"var(--ast-global-color-4)","background-image":"","background-repeat":"repeat","background-position":"center center","background-size":"auto","background-attachment":"scroll","background-type":"","background-media":"","overlay-type":"","overlay-color":"","overlay-opacity":"","overlay-gradient":""},"tablet":{"background-color":"","background-image":"","background-repeat":"repeat","background-position":"center center","background-size":"auto","background-attachment":"scroll","background-type":"","background-media":"","overlay-type":"","overlay-color":"","overlay-opacity":"","overlay-gradient":""},"mobile":{"background-color":"","background-image":"","background-repeat":"repeat","background-position":"center center","background-size":"auto","background-attachment":"scroll","background-type":"","background-media":"","overlay-type":"","overlay-color":"","overlay-opacity":"","overlay-gradient":""}},"ast-content-background-meta":{"desktop":{"background-color":"var(--ast-global-color-5)","background-image":"","background-repeat":"repeat","background-position":"center center","background-size":"auto","background-attachment":"scroll","background-type":"","background-media":"","overlay-type":"","overlay-color":"","overlay-opacity":"","overlay-gradient":""},"tablet":{"background-color":"var(--ast-global-color-5)","background-image":"","background-repeat":"repeat","background-position":"center center","background-size":"auto","background-attachment":"scroll","background-type":"","background-media":"","overlay-type":"","overlay-color":"","overlay-opacity":"","overlay-gradient":""},"mobile":{"background-color":"var(--ast-global-color-5)","background-image":"","background-repeat":"repeat","background-position":"center center","background-size":"auto","background-attachment":"scroll","background-type":"","background-media":"","overlay-type":"","overlay-color":"","overlay-opacity":"","overlay-gradient":""}},"footnotes":""},"categories":[4],"tags":[],"class_list":["post-12770","post","type-post","status-publish","format-standard","hentry","category-portada"],"post_mailing_queue_ids":[],"_links":{"self":[{"href":"https:\/\/agora.xtec.cat\/escolajverdaguer\/wp-json\/wp\/v2\/posts\/12770","targetHints":{"allow":["GET"]}}],"collection":[{"href":"https:\/\/agora.xtec.cat\/escolajverdaguer\/wp-json\/wp\/v2\/posts"}],"about":[{"href":"https:\/\/agora.xtec.cat\/escolajverdaguer\/wp-json\/wp\/v2\/types\/post"}],"author":[{"embeddable":true,"href":"https:\/\/agora.xtec.cat\/escolajverdaguer\/wp-json\/wp\/v2\/users\/1"}],"replies":[{"embeddable":true,"href":"https:\/\/agora.xtec.cat\/escolajverdaguer\/wp-json\/wp\/v2\/comments?post=12770"}],"version-history":[{"count":3,"href":"https:\/\/agora.xtec.cat\/escolajverdaguer\/wp-json\/wp\/v2\/posts\/12770\/revisions"}],"predecessor-version":[{"id":12777,"href":"https:\/\/agora.xtec.cat\/escolajverdaguer\/wp-json\/wp\/v2\/posts\/12770\/revisions\/12777"}],"wp:attachment":[{"href":"https:\/\/agora.xtec.cat\/escolajverdaguer\/wp-json\/wp\/v2\/media?parent=12770"}],"wp:term":[{"taxonomy":"category","embeddable":true,"href":"https:\/\/agora.xtec.cat\/escolajverdaguer\/wp-json\/wp\/v2\/categories?post=12770"},{"taxonomy":"post_tag","embeddable":true,"href":"https:\/\/agora.xtec.cat\/escolajverdaguer\/wp-json\/wp\/v2\/tags?post=12770"}],"curies":[{"name":"wp","href":"https:\/\/api.w.org\/{rel}","templated":true}]}}