{"id":12734,"date":"2025-11-19T10:38:13","date_gmt":"2025-11-19T09:38:13","guid":{"rendered":"https:\/\/agora.xtec.cat\/escolajverdaguer\/?p=12734"},"modified":"2025-11-19T10:38:57","modified_gmt":"2025-11-19T09:38:57","slug":"representacio-de-la-nostra-escola-al-consell-de-la-infancia","status":"publish","type":"post","link":"https:\/\/agora.xtec.cat\/escolajverdaguer\/general\/representacio-de-la-nostra-escola-al-consell-de-la-infancia\/","title":{"rendered":"Representaci\u00f3 de la nostra escola al Consell de la Inf\u00e0ncia"},"content":{"rendered":"<div>\n<div class=\"gmail_default\">Benvolgudes fam\u00edlies,<\/div>\n<div class=\"gmail_default\">\n<p>Ens fa especial il\u00b7lusi\u00f3 anunciar que el <strong>Nico Estruch, de 5\u00e8, <\/strong>ha estat escollit pels seus companys i companyes com a<strong> <a href=\"https:\/\/drive.google.com\/file\/d\/1YseCgyDd2381kv0D0-DGqednDdUUBepM\/view?usp=sharing\" target=\"_blank\" rel=\"noopener\" data-saferedirecturl=\"https:\/\/www.google.com\/url?q=https:\/\/drive.google.com\/file\/d\/1YseCgyDd2381kv0D0-DGqednDdUUBepM\/view?usp%3Dsharing&amp;source=gmail&amp;ust=1763628721682000&amp;usg=AOvVaw3tBY3im4B7JSUdeC7v1YuM\">nou conseller<\/a> del Consell de la Inf\u00e0ncia de Castelldefels.<\/strong><br \/>\nAquest reconeixement posa en valor la seva implicaci\u00f3, el seu comprom\u00eds i la confian\u00e7a que l&#8217;alumnat diposita en ell.<\/p>\n<p>Al seu costat, <strong>Samuel Paz<\/strong>, de 6\u00e8, continua representant la nostra escola amb experi\u00e8ncia i dedicaci\u00f3.<\/p>\n<p>Volem agrair a l&#8217;Ajuntament de Castelldefels la tasca que fa impulsant<strong> <a href=\"https:\/\/consellinfancia.org\/\" target=\"_blank\" rel=\"noopener\" data-saferedirecturl=\"https:\/\/www.google.com\/url?q=https:\/\/consellinfancia.org\/&amp;source=gmail&amp;ust=1763628721682000&amp;usg=AOvVaw2S_mwVqrOK3tTKzSWG-iwZ\">aquest espai de participaci\u00f3 infantil<\/a><\/strong>, que dona veu als infants i els fa sentir part activa del seu municipi.<\/p>\n<\/div>\n<div class=\"gmail_default\"><i><b>Enhorabona Nico i gr\u00e0cies per representar-nos!<\/b><\/i><\/div>\n<p><span style=\"color: #888888;\">\u00a0<\/span><\/p>\n<\/div>\n","protected":false},"excerpt":{"rendered":"<p>Nico Estruch, de 5\u00e8, ha estat escollit pels seus companys i companyes com a nou conseller del Consell de la Inf\u00e0ncia de Castelldefels.<\/p>\n","protected":false},"author":1,"featured_media":12737,"comment_status":"closed","ping_status":"open","sticky":false,"template":"","format":"standard","meta":{"_bbp_topic_count":0,"_bbp_reply_count":0,"_bbp_total_topic_count":0,"_bbp_total_reply_count":0,"_bbp_voice_count":0,"_bbp_anonymous_reply_count":0,"_bbp_topic_count_hidden":0,"_bbp_reply_count_hidden":0,"_bbp_forum_subforum_count":0,"site-sidebar-layout":"default","site-content-layout":"","ast-site-content-layout":"default","site-content-style":"default","site-sidebar-style":"default","ast-global-header-display":"","ast-banner-title-visibility":"","ast-main-header-display":"","ast-hfb-above-header-display":"","ast-hfb-below-header-display":"","ast-hfb-mobile-header-display":"","site-post-title":"","ast-breadcrumbs-content":"","ast-featured-img":"","footer-sml-layout":"","theme-transparent-header-meta":"default","adv-header-id-meta":"","stick-header-meta":"","header-above-stick-meta":"","header-main-stick-meta":"","header-below-stick-meta":"","astra-migrate-meta-layouts":"set","ast-page-background-enabled":"default","ast-page-background-meta":{"desktop":{"background-color":"var(--ast-global-color-4)","background-image":"","background-repeat":"repeat","background-position":"center center","background-size":"auto","background-attachment":"scroll","background-type":"","background-media":"","overlay-type":"","overlay-color":"","overlay-opacity":"","overlay-gradient":""},"tablet":{"background-color":"","background-image":"","background-repeat":"repeat","background-position":"center center","background-size":"auto","background-attachment":"scroll","background-type":"","background-media":"","overlay-type":"","overlay-color":"","overlay-opacity":"","overlay-gradient":""},"mobile":{"background-color":"","background-image":"","background-repeat":"repeat","background-position":"center center","background-size":"auto","background-attachment":"scroll","background-type":"","background-media":"","overlay-type":"","overlay-color":"","overlay-opacity":"","overlay-gradient":""}},"ast-content-background-meta":{"desktop":{"background-color":"var(--ast-global-color-5)","background-image":"","background-repeat":"repeat","background-position":"center center","background-size":"auto","background-attachment":"scroll","background-type":"","background-media":"","overlay-type":"","overlay-color":"","overlay-opacity":"","overlay-gradient":""},"tablet":{"background-color":"var(--ast-global-color-5)","background-image":"","background-repeat":"repeat","background-position":"center center","background-size":"auto","background-attachment":"scroll","background-type":"","background-media":"","overlay-type":"","overlay-color":"","overlay-opacity":"","overlay-gradient":""},"mobile":{"background-color":"var(--ast-global-color-5)","background-image":"","background-repeat":"repeat","background-position":"center center","background-size":"auto","background-attachment":"scroll","background-type":"","background-media":"","overlay-type":"","overlay-color":"","overlay-opacity":"","overlay-gradient":""}},"footnotes":""},"categories":[1,4],"tags":[],"class_list":["post-12734","post","type-post","status-publish","format-standard","has-post-thumbnail","hentry","category-general","category-portada"],"post_mailing_queue_ids":[],"_links":{"self":[{"href":"https:\/\/agora.xtec.cat\/escolajverdaguer\/wp-json\/wp\/v2\/posts\/12734","targetHints":{"allow":["GET"]}}],"collection":[{"href":"https:\/\/agora.xtec.cat\/escolajverdaguer\/wp-json\/wp\/v2\/posts"}],"about":[{"href":"https:\/\/agora.xtec.cat\/escolajverdaguer\/wp-json\/wp\/v2\/types\/post"}],"author":[{"embeddable":true,"href":"https:\/\/agora.xtec.cat\/escolajverdaguer\/wp-json\/wp\/v2\/users\/1"}],"replies":[{"embeddable":true,"href":"https:\/\/agora.xtec.cat\/escolajverdaguer\/wp-json\/wp\/v2\/comments?post=12734"}],"version-history":[{"count":2,"href":"https:\/\/agora.xtec.cat\/escolajverdaguer\/wp-json\/wp\/v2\/posts\/12734\/revisions"}],"predecessor-version":[{"id":12736,"href":"https:\/\/agora.xtec.cat\/escolajverdaguer\/wp-json\/wp\/v2\/posts\/12734\/revisions\/12736"}],"wp:featuredmedia":[{"embeddable":true,"href":"https:\/\/agora.xtec.cat\/escolajverdaguer\/wp-json\/wp\/v2\/media\/12737"}],"wp:attachment":[{"href":"https:\/\/agora.xtec.cat\/escolajverdaguer\/wp-json\/wp\/v2\/media?parent=12734"}],"wp:term":[{"taxonomy":"category","embeddable":true,"href":"https:\/\/agora.xtec.cat\/escolajverdaguer\/wp-json\/wp\/v2\/categories?post=12734"},{"taxonomy":"post_tag","embeddable":true,"href":"https:\/\/agora.xtec.cat\/escolajverdaguer\/wp-json\/wp\/v2\/tags?post=12734"}],"curies":[{"name":"wp","href":"https:\/\/api.w.org\/{rel}","templated":true}]}}