{"id":1262,"date":"2016-11-12T06:38:37","date_gmt":"2016-11-12T05:38:37","guid":{"rendered":"http:\/\/agora.xtec.cat\/escolajverdaguer\/?p=1262"},"modified":"2016-11-12T06:41:07","modified_gmt":"2016-11-12T05:41:07","slug":"eleccions-al-consell-escolar","status":"publish","type":"post","link":"https:\/\/agora.xtec.cat\/escolajverdaguer\/portada\/eleccions-al-consell-escolar\/","title":{"rendered":"Eleccions al Consell Escolar"},"content":{"rendered":"<p><a href=\"http:\/\/www.alzina.cat\/wp-content\/uploads\/2016\/11\/mans.jpg\"><img loading=\"lazy\" decoding=\"async\" class=\"alignleft\" src=\"http:\/\/www.alzina.cat\/wp-content\/uploads\/2016\/11\/mans-300x191.jpg\" alt=\"mans\" width=\"300\" height=\"191\" \/><\/a><\/p>\n<p>&nbsp;<\/p>\n<p>&nbsp;<\/p>\n<p>&nbsp;<\/p>\n<p>&nbsp;<\/p>\n<p>El consell escolar del centre \u00e9s l\u2019<strong>\u00f2rgan col\u00b7legiat de participaci\u00f3 <\/strong>de la comunitat escolar en el govern del centre. En el consell escolar hi ha representats tots els col\u00b7lectius que intervenen en la comunitat educativa: director, professorat, alumnat, personal d\u2019administraci\u00f3 i serveis, etc.<!--more--><\/p>\n<p>En els centres p\u00fablics, la funci\u00f3 principal del consell escolar \u00e9s participar en la presa de decisions en relaci\u00f3 amb aquells temes<br \/>\nimportants per al funcionament i l\u2019organitzaci\u00f3 del centre: el projecte educatiu, la programaci\u00f3 general, la gesti\u00f3 econ\u00f2mica, etc.<\/p>\n<p>Els membres del consell escolar s\u00f3n elegits per un per\u00edode de quatre anys i es renoven per meitats cada dos anys.<\/p>\n<h4>Per qu\u00e8 \u00e9s important que les fam\u00edlies participem en les eleccions al consell escolar?<\/h4>\n<p>Els professionals dels centres i les fam\u00edlies compartim un objectiu:<br \/>\nl\u2019\u00e8xit social i personal dels fills. Les decisions que es prenen al consell escolar s\u00f3n claus per al funcionament i la millora del centre i,\u00a0 per tant, tamb\u00e9 per a l\u2019\u00e8xit educatiu de tots els alumnes. \u00c9s per aquest motiu que la participaci\u00f3 i implicaci\u00f3 dels pares i mares en les eleccions al consell escolar \u00e9s tan important.<\/p>\n<p>Ja teniu al vest\u00edbul de l\u2019Escola les llistes amb els cens de pares i mares.<\/p>\n<p>Recordeu que per tal de poder votar cal que estigueu inscrits\u00a0 al cens i que porteu un document identificatiu (DNI, NIE, passaport\u2026).<\/p>\n<p>Us animem a votar el dia 2 de desembre (9,30h a 18,30h).<\/p>\n<p>Gr\u00e0cies<\/p>\n<p>Direcci\u00f3 i AMPA.<\/p>\n<p><a href=\"http:\/\/agora.xtec.cat\/escolajverdaguer\/wp-content\/uploads\/usu585\/2016\/11\/Model-document-presentacio\u0301-candidatures-3.pdf\">Presentaci\u00f3 de candidatures<\/a><\/p>\n<p><a href=\"http:\/\/agora.xtec.cat\/escolajverdaguer\/wp-content\/uploads\/usu585\/2016\/11\/justificant-vot-3.pdf\">Justificant de vot<\/a><\/p>\n<p><a href=\"http:\/\/agora.xtec.cat\/escolajverdaguer\/wp-content\/uploads\/usu585\/2016\/11\/credencial-candidats1-3.pdf\">Credencial dels candidats<\/a><\/p>\n<p>&nbsp;<\/p>\n","protected":false},"excerpt":{"rendered":"<p>&nbsp; &nbsp; &nbsp; &nbsp; El consell escolar del centre \u00e9s l\u2019\u00f2rgan col\u00b7legiat de participaci\u00f3 de la comunitat escolar en el govern del centre. En el consell escolar hi ha representats tots els col\u00b7lectius que intervenen en la comunitat educativa: director, professorat, alumnat, personal d\u2019administraci\u00f3 i serveis, etc.<\/p>\n","protected":false},"author":1,"featured_media":1277,"comment_status":"closed","ping_status":"open","sticky":false,"template":"","format":"standard","meta":{"_bbp_topic_count":0,"_bbp_reply_count":0,"_bbp_total_topic_count":0,"_bbp_total_reply_count":0,"_bbp_voice_count":0,"_bbp_anonymous_reply_count":0,"_bbp_topic_count_hidden":0,"_bbp_reply_count_hidden":0,"_bbp_forum_subforum_count":0,"site-sidebar-layout":"default","site-content-layout":"","ast-site-content-layout":"","site-content-style":"default","site-sidebar-style":"default","ast-global-header-display":"","ast-banner-title-visibility":"","ast-main-header-display":"","ast-hfb-above-header-display":"","ast-hfb-below-header-display":"","ast-hfb-mobile-header-display":"","site-post-title":"","ast-breadcrumbs-content":"","ast-featured-img":"","footer-sml-layout":"","theme-transparent-header-meta":"","adv-header-id-meta":"","stick-header-meta":"","header-above-stick-meta":"","header-main-stick-meta":"","header-below-stick-meta":"","astra-migrate-meta-layouts":"default","ast-page-background-enabled":"default","ast-page-background-meta":{"desktop":{"background-color":"var(--ast-global-color-4)","background-image":"","background-repeat":"repeat","background-position":"center center","background-size":"auto","background-attachment":"scroll","background-type":"","background-media":"","overlay-type":"","overlay-color":"","overlay-opacity":"","overlay-gradient":""},"tablet":{"background-color":"","background-image":"","background-repeat":"repeat","background-position":"center center","background-size":"auto","background-attachment":"scroll","background-type":"","background-media":"","overlay-type":"","overlay-color":"","overlay-opacity":"","overlay-gradient":""},"mobile":{"background-color":"","background-image":"","background-repeat":"repeat","background-position":"center center","background-size":"auto","background-attachment":"scroll","background-type":"","background-media":"","overlay-type":"","overlay-color":"","overlay-opacity":"","overlay-gradient":""}},"ast-content-background-meta":{"desktop":{"background-color":"var(--ast-global-color-5)","background-image":"","background-repeat":"repeat","background-position":"center center","background-size":"auto","background-attachment":"scroll","background-type":"","background-media":"","overlay-type":"","overlay-color":"","overlay-opacity":"","overlay-gradient":""},"tablet":{"background-color":"var(--ast-global-color-5)","background-image":"","background-repeat":"repeat","background-position":"center center","background-size":"auto","background-attachment":"scroll","background-type":"","background-media":"","overlay-type":"","overlay-color":"","overlay-opacity":"","overlay-gradient":""},"mobile":{"background-color":"var(--ast-global-color-5)","background-image":"","background-repeat":"repeat","background-position":"center center","background-size":"auto","background-attachment":"scroll","background-type":"","background-media":"","overlay-type":"","overlay-color":"","overlay-opacity":"","overlay-gradient":""}},"footnotes":""},"categories":[7,4],"tags":[],"class_list":["post-1262","post","type-post","status-publish","format-standard","has-post-thumbnail","hentry","category-afa","category-portada"],"post_mailing_queue_ids":[],"_links":{"self":[{"href":"https:\/\/agora.xtec.cat\/escolajverdaguer\/wp-json\/wp\/v2\/posts\/1262","targetHints":{"allow":["GET"]}}],"collection":[{"href":"https:\/\/agora.xtec.cat\/escolajverdaguer\/wp-json\/wp\/v2\/posts"}],"about":[{"href":"https:\/\/agora.xtec.cat\/escolajverdaguer\/wp-json\/wp\/v2\/types\/post"}],"author":[{"embeddable":true,"href":"https:\/\/agora.xtec.cat\/escolajverdaguer\/wp-json\/wp\/v2\/users\/1"}],"replies":[{"embeddable":true,"href":"https:\/\/agora.xtec.cat\/escolajverdaguer\/wp-json\/wp\/v2\/comments?post=1262"}],"version-history":[{"count":2,"href":"https:\/\/agora.xtec.cat\/escolajverdaguer\/wp-json\/wp\/v2\/posts\/1262\/revisions"}],"predecessor-version":[{"id":1278,"href":"https:\/\/agora.xtec.cat\/escolajverdaguer\/wp-json\/wp\/v2\/posts\/1262\/revisions\/1278"}],"wp:featuredmedia":[{"embeddable":true,"href":"https:\/\/agora.xtec.cat\/escolajverdaguer\/wp-json\/wp\/v2\/media\/1277"}],"wp:attachment":[{"href":"https:\/\/agora.xtec.cat\/escolajverdaguer\/wp-json\/wp\/v2\/media?parent=1262"}],"wp:term":[{"taxonomy":"category","embeddable":true,"href":"https:\/\/agora.xtec.cat\/escolajverdaguer\/wp-json\/wp\/v2\/categories?post=1262"},{"taxonomy":"post_tag","embeddable":true,"href":"https:\/\/agora.xtec.cat\/escolajverdaguer\/wp-json\/wp\/v2\/tags?post=1262"}],"curies":[{"name":"wp","href":"https:\/\/api.w.org\/{rel}","templated":true}]}}