{"id":12611,"date":"2025-09-25T15:23:42","date_gmt":"2025-09-25T13:23:42","guid":{"rendered":"https:\/\/agora.xtec.cat\/escolajverdaguer\/?p=12611"},"modified":"2025-12-30T11:39:42","modified_gmt":"2025-12-30T10:39:42","slug":"pla-de-digitalitzacio-responsable","status":"publish","type":"post","link":"https:\/\/agora.xtec.cat\/escolajverdaguer\/general\/pla-de-digitalitzacio-responsable\/","title":{"rendered":"Pla de digitalitzaci\u00f3 responsable"},"content":{"rendered":"<div><a href=\"https:\/\/drive.google.com\/file\/d\/1y-Vc06ILUILU4gScMHDqo0ZIXV-MEOn0\/view?usp=sharing\" target=\"_blank\" rel=\"noopener\"><img loading=\"lazy\" decoding=\"async\" class=\"wp-image-12614 aligncenter\" src=\"https:\/\/agora.xtec.cat\/escolajverdaguer\/wp-content\/uploads\/usu585\/2025\/09\/QR_guia-families.jpg\" alt=\"\" width=\"363\" height=\"504\" srcset=\"https:\/\/agora.xtec.cat\/escolajverdaguer\/wp-content\/uploads\/usu585\/2025\/09\/QR_guia-families.jpg 1492w, https:\/\/agora.xtec.cat\/escolajverdaguer\/wp-content\/uploads\/usu585\/2025\/09\/QR_guia-families-216x300.jpg 216w, https:\/\/agora.xtec.cat\/escolajverdaguer\/wp-content\/uploads\/usu585\/2025\/09\/QR_guia-families-737x1024.jpg 737w, https:\/\/agora.xtec.cat\/escolajverdaguer\/wp-content\/uploads\/usu585\/2025\/09\/QR_guia-families-768x1068.jpg 768w, https:\/\/agora.xtec.cat\/escolajverdaguer\/wp-content\/uploads\/usu585\/2025\/09\/QR_guia-families-1105x1536.jpg 1105w, https:\/\/agora.xtec.cat\/escolajverdaguer\/wp-content\/uploads\/usu585\/2025\/09\/QR_guia-families-1473x2048.jpg 1473w\" sizes=\"auto, (max-width: 363px) 100vw, 363px\" \/><\/a><\/div>\n<p><!--more--><\/p>\n<div>\n<p>El Departament d\u2019Educaci\u00f3 i Formaci\u00f3 Professional ha impulsat el <a href=\"https:\/\/objenv.gencat.cat\/v4\/public\/estadisticas\/link\/gencat_educacio\/2089\/1\/1541\/54ddb59538fd92da00518df903872c91\/\">Pla de digitalitzaci\u00f3 responsable<\/a>, amb l\u2019objectiu d\u2019assegurar que l\u2019alumnat adquireix la compet\u00e8ncia digital, i de promoure un \u00fas adequat, \u00e8tic, saludable i responsable dels dispositius, per posar-los al servei de l&#8217;aprenentatge.<\/p>\n<ul>\n<li><a href=\"https:\/\/objenv.gencat.cat\/v4\/public\/estadisticas\/link\/gencat_educacio\/2089\/2\/1541\/54ddb59538fd92da00518df903872c91\/\">Guia per acompanyar les fam\u00edlies del Pla de digitalitzaci\u00f3 responsable<\/a><\/li>\n<\/ul>\n<p>Pla de digitalitzaci\u00f3 responsable:<\/p>\n<ul>\n<li><a href=\"https:\/\/objenv.gencat.cat\/v4\/public\/estadisticas\/link\/gencat_educacio\/2089\/3\/1541\/54ddb59538fd92da00518df903872c91\/\">Presentaci\u00f3<\/a> on s\u2019expliquen les mesures principals del Pla, i <a href=\"https:\/\/objenv.gencat.cat\/v4\/public\/estadisticas\/link\/gencat_educacio\/2089\/4\/1541\/54ddb59538fd92da00518df903872c91\/\">videoresum<\/a> de la iniciativa.<\/li>\n<\/ul>\n<\/div>\n<div><\/div>\n","protected":false},"excerpt":{"rendered":"<p>El Departament d\u2019Educaci\u00f3 i Formaci\u00f3 Professional ha impulsat el Pla de digitalitzaci\u00f3 responsable, amb l\u2019objectiu d\u2019assegurar que l\u2019alumnat adquireix la compet\u00e8ncia digital, i de promoure un \u00fas adequat, \u00e8tic, saludable i responsable dels dispositius, per posar-los al servei de l\u2019aprenentatge.<\/p>\n","protected":false},"author":1,"featured_media":12617,"comment_status":"closed","ping_status":"open","sticky":false,"template":"","format":"standard","meta":{"_bbp_topic_count":0,"_bbp_reply_count":0,"_bbp_total_topic_count":0,"_bbp_total_reply_count":0,"_bbp_voice_count":0,"_bbp_anonymous_reply_count":0,"_bbp_topic_count_hidden":0,"_bbp_reply_count_hidden":0,"_bbp_forum_subforum_count":0,"site-sidebar-layout":"default","site-content-layout":"","ast-site-content-layout":"default","site-content-style":"default","site-sidebar-style":"default","ast-global-header-display":"","ast-banner-title-visibility":"","ast-main-header-display":"","ast-hfb-above-header-display":"","ast-hfb-below-header-display":"","ast-hfb-mobile-header-display":"","site-post-title":"","ast-breadcrumbs-content":"","ast-featured-img":"","footer-sml-layout":"","theme-transparent-header-meta":"disabled","adv-header-id-meta":"","stick-header-meta":"","header-above-stick-meta":"","header-main-stick-meta":"","header-below-stick-meta":"","astra-migrate-meta-layouts":"set","ast-page-background-enabled":"default","ast-page-background-meta":{"desktop":{"background-color":"var(--ast-global-color-4)","background-image":"","background-repeat":"repeat","background-position":"center center","background-size":"auto","background-attachment":"scroll","background-type":"","background-media":"","overlay-type":"","overlay-color":"","overlay-opacity":"","overlay-gradient":""},"tablet":{"background-color":"","background-image":"","background-repeat":"repeat","background-position":"center center","background-size":"auto","background-attachment":"scroll","background-type":"","background-media":"","overlay-type":"","overlay-color":"","overlay-opacity":"","overlay-gradient":""},"mobile":{"background-color":"","background-image":"","background-repeat":"repeat","background-position":"center center","background-size":"auto","background-attachment":"scroll","background-type":"","background-media":"","overlay-type":"","overlay-color":"","overlay-opacity":"","overlay-gradient":""}},"ast-content-background-meta":{"desktop":{"background-color":"var(--ast-global-color-5)","background-image":"","background-repeat":"repeat","background-position":"center center","background-size":"auto","background-attachment":"scroll","background-type":"","background-media":"","overlay-type":"","overlay-color":"","overlay-opacity":"","overlay-gradient":""},"tablet":{"background-color":"var(--ast-global-color-5)","background-image":"","background-repeat":"repeat","background-position":"center center","background-size":"auto","background-attachment":"scroll","background-type":"","background-media":"","overlay-type":"","overlay-color":"","overlay-opacity":"","overlay-gradient":""},"mobile":{"background-color":"var(--ast-global-color-5)","background-image":"","background-repeat":"repeat","background-position":"center center","background-size":"auto","background-attachment":"scroll","background-type":"","background-media":"","overlay-type":"","overlay-color":"","overlay-opacity":"","overlay-gradient":""}},"footnotes":""},"categories":[1,45,4],"tags":[],"class_list":["post-12611","post","type-post","status-publish","format-standard","has-post-thumbnail","hentry","category-general","category-internet-segura","category-portada"],"post_mailing_queue_ids":[],"_links":{"self":[{"href":"https:\/\/agora.xtec.cat\/escolajverdaguer\/wp-json\/wp\/v2\/posts\/12611","targetHints":{"allow":["GET"]}}],"collection":[{"href":"https:\/\/agora.xtec.cat\/escolajverdaguer\/wp-json\/wp\/v2\/posts"}],"about":[{"href":"https:\/\/agora.xtec.cat\/escolajverdaguer\/wp-json\/wp\/v2\/types\/post"}],"author":[{"embeddable":true,"href":"https:\/\/agora.xtec.cat\/escolajverdaguer\/wp-json\/wp\/v2\/users\/1"}],"replies":[{"embeddable":true,"href":"https:\/\/agora.xtec.cat\/escolajverdaguer\/wp-json\/wp\/v2\/comments?post=12611"}],"version-history":[{"count":3,"href":"https:\/\/agora.xtec.cat\/escolajverdaguer\/wp-json\/wp\/v2\/posts\/12611\/revisions"}],"predecessor-version":[{"id":12688,"href":"https:\/\/agora.xtec.cat\/escolajverdaguer\/wp-json\/wp\/v2\/posts\/12611\/revisions\/12688"}],"wp:featuredmedia":[{"embeddable":true,"href":"https:\/\/agora.xtec.cat\/escolajverdaguer\/wp-json\/wp\/v2\/media\/12617"}],"wp:attachment":[{"href":"https:\/\/agora.xtec.cat\/escolajverdaguer\/wp-json\/wp\/v2\/media?parent=12611"}],"wp:term":[{"taxonomy":"category","embeddable":true,"href":"https:\/\/agora.xtec.cat\/escolajverdaguer\/wp-json\/wp\/v2\/categories?post=12611"},{"taxonomy":"post_tag","embeddable":true,"href":"https:\/\/agora.xtec.cat\/escolajverdaguer\/wp-json\/wp\/v2\/tags?post=12611"}],"curies":[{"name":"wp","href":"https:\/\/api.w.org\/{rel}","templated":true}]}}