{"id":1253,"date":"2016-11-09T21:55:48","date_gmt":"2016-11-09T20:55:48","guid":{"rendered":"http:\/\/agora.xtec.cat\/escolajverdaguer\/?p=1253"},"modified":"2016-11-09T21:55:48","modified_gmt":"2016-11-09T20:55:48","slug":"la-castanyada-al-jacint-verdaguer","status":"publish","type":"post","link":"https:\/\/agora.xtec.cat\/escolajverdaguer\/primaria\/6e\/la-castanyada-al-jacint-verdaguer\/","title":{"rendered":"LA CASTANYADA AL JACINT VERDAGUER"},"content":{"rendered":"<p><span style=\"font-weight: 400;\">Divendres 28 d\u2019octubre, a la tarda, \u00a0van celebra la castanyada a la pista de l\u2019escola. <\/span><span style=\"font-weight: 400;\">La Castanyada \u00e9s una <\/span><a href=\"https:\/\/ca.wikipedia.org\/wiki\/Festa_popular\"><span style=\"font-weight: 400;\">festa popular<\/span><\/a><span style=\"font-weight: 400;\"> de <\/span><a href=\"https:\/\/ca.wikipedia.org\/wiki\/Catalunya\"><span style=\"font-weight: 400;\">Catalunya<\/span><\/a><span style=\"font-weight: 400;\">,<\/span><span style=\"font-weight: 400;\"> \u00e9s com una celebraci\u00f3 o festa de la tardor. Consisteix en un \u00e0pat en qu\u00e8 es mengen <\/span><a href=\"https:\/\/ca.wikipedia.org\/wiki\/Castanya\"><span style=\"font-weight: 400;\">castanyes<\/span><\/a><span style=\"font-weight: 400;\">, <\/span><a href=\"https:\/\/ca.wikipedia.org\/wiki\/Panellet\"><span style=\"font-weight: 400;\">panellets<\/span><\/a><span style=\"font-weight: 400;\">, <\/span><a href=\"https:\/\/ca.wikipedia.org\/wiki\/Moniato\"><span style=\"font-weight: 400;\">moniatos<\/span><\/a><span style=\"font-weight: 400;\"> i <\/span><a href=\"https:\/\/ca.wikipedia.org\/wiki\/Fruita_confitada\"><span style=\"font-weight: 400;\">fruita confitada<\/span><\/a><span style=\"font-weight: 400;\">. Pels volts d&#8217;aquesta celebraci\u00f3, les castanyeres venen al carrer castanyes torrades i calentes, i generalment embolicades en paper de diari (paperina).<\/span><span style=\"font-weight: 400;\"> Nosaltres a l\u2019escola mengem mandarines i castanyes torrades que ens les fa la Marga, que \u00e9s la nostra cuinera.<\/span><\/p>\n<p><span style=\"font-weight: 400;\">Totes les fam\u00edlies estan convidades a venir a celebrar aquesta festa amb nosaltres. Per les fam\u00edlies noves \u00e9s un moment molt emocionant perqu\u00e8 veuran per primer cop \u00a0al seus fills participar en aquesta festa, i despr\u00e9s d&#8217;acabar els balls \u00a0menjaran mandarines i castanyes amb ells.<\/span><\/p>\n<p><span style=\"font-weight: 400;\">La festa va ser presentada per la Irene i la Carla, alumnes de 6\u00e8; Elles van ser les encarregades de donar pas al preg\u00f3 i els balls. El preg\u00f3 va ser recitat per alumnes de 4t. <\/span><\/p>\n<p><span style=\"font-weight: 400;\">Aquest any, com a novetat, els nens de 5\u00e8 i 6\u00e8 van ballar un nou ball de bastons que s\u2019anomena \u201cLa Boja\u201d,\u00a0<\/span><span style=\"font-weight: 400;\">\u00e9s una <\/span><span style=\"font-weight: 400;\">\u00a0<\/span><a href=\"https:\/\/ca.wikipedia.org\/wiki\/Dansa_popular\"><span style=\"font-weight: 400;\">dansa \u00a0popular<\/span><\/a><span style=\"font-weight: 400;\"> de Catalunya, gr\u00e0cies a Paco L\u00f3pez va arribar a Castelldefels. La resta de cursos van ballar diferents danses t\u00edpiques de la castanyada. <\/span><\/p>\n<p><b>Helena Cruz i Carla<\/b><\/p>\n","protected":false},"excerpt":{"rendered":"<p>Divendres 28 d\u2019octubre, a la tarda, \u00a0van celebra la castanyada a la pista de l\u2019escola. La Castanyada \u00e9s una festa popular de Catalunya, \u00e9s com una celebraci\u00f3 o festa de la tardor. Consisteix en un \u00e0pat en qu\u00e8 es mengen castanyes, panellets, moniatos i fruita confitada. Pels volts d&#8217;aquesta celebraci\u00f3, les castanyeres venen al carrer [&hellip;]<\/p>\n","protected":false},"author":1,"featured_media":0,"comment_status":"closed","ping_status":"open","sticky":false,"template":"","format":"standard","meta":{"_bbp_topic_count":0,"_bbp_reply_count":0,"_bbp_total_topic_count":0,"_bbp_total_reply_count":0,"_bbp_voice_count":0,"_bbp_anonymous_reply_count":0,"_bbp_topic_count_hidden":0,"_bbp_reply_count_hidden":0,"_bbp_forum_subforum_count":0,"site-sidebar-layout":"default","site-content-layout":"","ast-site-content-layout":"","site-content-style":"default","site-sidebar-style":"default","ast-global-header-display":"","ast-banner-title-visibility":"","ast-main-header-display":"","ast-hfb-above-header-display":"","ast-hfb-below-header-display":"","ast-hfb-mobile-header-display":"","site-post-title":"","ast-breadcrumbs-content":"","ast-featured-img":"","footer-sml-layout":"","theme-transparent-header-meta":"","adv-header-id-meta":"","stick-header-meta":"","header-above-stick-meta":"","header-main-stick-meta":"","header-below-stick-meta":"","astra-migrate-meta-layouts":"default","ast-page-background-enabled":"default","ast-page-background-meta":{"desktop":{"background-color":"var(--ast-global-color-4)","background-image":"","background-repeat":"repeat","background-position":"center center","background-size":"auto","background-attachment":"scroll","background-type":"","background-media":"","overlay-type":"","overlay-color":"","overlay-opacity":"","overlay-gradient":""},"tablet":{"background-color":"","background-image":"","background-repeat":"repeat","background-position":"center center","background-size":"auto","background-attachment":"scroll","background-type":"","background-media":"","overlay-type":"","overlay-color":"","overlay-opacity":"","overlay-gradient":""},"mobile":{"background-color":"","background-image":"","background-repeat":"repeat","background-position":"center center","background-size":"auto","background-attachment":"scroll","background-type":"","background-media":"","overlay-type":"","overlay-color":"","overlay-opacity":"","overlay-gradient":""}},"ast-content-background-meta":{"desktop":{"background-color":"var(--ast-global-color-5)","background-image":"","background-repeat":"repeat","background-position":"center center","background-size":"auto","background-attachment":"scroll","background-type":"","background-media":"","overlay-type":"","overlay-color":"","overlay-opacity":"","overlay-gradient":""},"tablet":{"background-color":"var(--ast-global-color-5)","background-image":"","background-repeat":"repeat","background-position":"center center","background-size":"auto","background-attachment":"scroll","background-type":"","background-media":"","overlay-type":"","overlay-color":"","overlay-opacity":"","overlay-gradient":""},"mobile":{"background-color":"var(--ast-global-color-5)","background-image":"","background-repeat":"repeat","background-position":"center center","background-size":"auto","background-attachment":"scroll","background-type":"","background-media":"","overlay-type":"","overlay-color":"","overlay-opacity":"","overlay-gradient":""}},"footnotes":""},"categories":[15],"tags":[],"class_list":["post-1253","post","type-post","status-publish","format-standard","hentry","category-6e"],"post_mailing_queue_ids":[],"_links":{"self":[{"href":"https:\/\/agora.xtec.cat\/escolajverdaguer\/wp-json\/wp\/v2\/posts\/1253","targetHints":{"allow":["GET"]}}],"collection":[{"href":"https:\/\/agora.xtec.cat\/escolajverdaguer\/wp-json\/wp\/v2\/posts"}],"about":[{"href":"https:\/\/agora.xtec.cat\/escolajverdaguer\/wp-json\/wp\/v2\/types\/post"}],"author":[{"embeddable":true,"href":"https:\/\/agora.xtec.cat\/escolajverdaguer\/wp-json\/wp\/v2\/users\/1"}],"replies":[{"embeddable":true,"href":"https:\/\/agora.xtec.cat\/escolajverdaguer\/wp-json\/wp\/v2\/comments?post=1253"}],"version-history":[{"count":1,"href":"https:\/\/agora.xtec.cat\/escolajverdaguer\/wp-json\/wp\/v2\/posts\/1253\/revisions"}],"predecessor-version":[{"id":1254,"href":"https:\/\/agora.xtec.cat\/escolajverdaguer\/wp-json\/wp\/v2\/posts\/1253\/revisions\/1254"}],"wp:attachment":[{"href":"https:\/\/agora.xtec.cat\/escolajverdaguer\/wp-json\/wp\/v2\/media?parent=1253"}],"wp:term":[{"taxonomy":"category","embeddable":true,"href":"https:\/\/agora.xtec.cat\/escolajverdaguer\/wp-json\/wp\/v2\/categories?post=1253"},{"taxonomy":"post_tag","embeddable":true,"href":"https:\/\/agora.xtec.cat\/escolajverdaguer\/wp-json\/wp\/v2\/tags?post=1253"}],"curies":[{"name":"wp","href":"https:\/\/api.w.org\/{rel}","templated":true}]}}