{"id":12087,"date":"2023-06-25T13:22:27","date_gmt":"2023-06-25T11:22:27","guid":{"rendered":"https:\/\/agora.xtec.cat\/escolajverdaguer\/?p=12087"},"modified":"2023-06-25T13:22:27","modified_gmt":"2023-06-25T11:22:27","slug":"campanya-guanyem-un-estiu-lector","status":"publish","type":"post","link":"https:\/\/agora.xtec.cat\/escolajverdaguer\/portada\/campanya-guanyem-un-estiu-lector\/","title":{"rendered":"Campanya \u201cGuanyem un estiu lector\u201d"},"content":{"rendered":"<p><a href=\"https:\/\/agora.xtec.cat\/escolacanalzamora\/wp-content\/uploads\/usu1932\/2023\/05\/guanyem-estiu-lector-768x322-1.jpg\"><img loading=\"lazy\" decoding=\"async\" class=\"size-full wp-image-6464 aligncenter\" src=\"https:\/\/agora.xtec.cat\/escolacanalzamora\/wp-content\/uploads\/usu1932\/2023\/05\/guanyem-estiu-lector-768x322-1.jpg\" sizes=\"auto, (max-width: 768px) 100vw, 768px\" srcset=\"https:\/\/agora.xtec.cat\/escolacanalzamora\/wp-content\/uploads\/usu1932\/2023\/05\/guanyem-estiu-lector-768x322-1.jpg 768w, https:\/\/agora.xtec.cat\/escolacanalzamora\/wp-content\/uploads\/usu1932\/2023\/05\/guanyem-estiu-lector-768x322-1-300x126.jpg 300w\" alt=\"\" width=\"768\" height=\"322\" \/><\/a><\/p>\n<p><!--nextpage--><\/p>\n<p><a href=\"https:\/\/lecxit.cat\/guanyem-un-estiu-lector\/\" target=\"_blank\" rel=\"noopener\"><em><strong>Guanyem un estiu lector<\/strong><\/em><\/a>\u00a0\u00e9s una\u00a0<strong>campanya<\/strong>\u00a0promoguda des del\u00a0<a href=\"http:\/\/www.lecxit.cat\/\" target=\"_blank\" rel=\"noopener\"><strong>Programa LECXIT<\/strong><\/a>\u00a0de la\u00a0<a href=\"https:\/\/fundaciobofill.cat\/\">Fundaci\u00f3 Bofill<\/a>\u00a0<strong>per incentivar la lectura en temps de vacances, dirigida a infants de 3er, 4rt i 5\u00e8 de prim\u00e0ria.<\/strong><\/p>\n<div class=\"ahS2Le\">\n<div class=\"F9yp7e ikZYwf LgNcQe\" dir=\"auto\" role=\"heading\" aria-level=\"1\">S\u2019acosta l\u2019estiu, un per\u00edode llarg de vacances, que suposa, per a molts infants, una aturada en el proc\u00e9s de lectura fins a la tornada a l\u2019escola. Aquesta es pot traduir en una p\u00e8rdua del ritme d\u2019aprenentatges i un increment de les desigualtats educatives. La promoci\u00f3 de la lectura \u00e9s una resposta efica\u00e7 per garantir un inici de curs amb majors garanties d\u2019\u00e8xit.<\/div>\n<\/div>\n<div class=\"cBGGJ OIC90c\" dir=\"auto\">\n<p>El Kit Lector 2023 que rebran els nostres alumnes a l\u2019escola inclou:<br \/>\n\u2013 Carnet Lector<br \/>\n\u2013 Orientacions per a fam\u00edlies<br \/>\n\u2013\u00a0 Adhesiu \u201cSuperlector\/a\u201d<\/p>\n<div>\n<div>\n<div>Fem entre tots i totes un Estiu Lector!<\/div>\n<\/div>\n<\/div>\n<\/div>\n","protected":false},"excerpt":{"rendered":"","protected":false},"author":1,"featured_media":12088,"comment_status":"closed","ping_status":"closed","sticky":false,"template":"","format":"standard","meta":{"_bbp_topic_count":0,"_bbp_reply_count":0,"_bbp_total_topic_count":0,"_bbp_total_reply_count":0,"_bbp_voice_count":0,"_bbp_anonymous_reply_count":0,"_bbp_topic_count_hidden":0,"_bbp_reply_count_hidden":0,"_bbp_forum_subforum_count":0,"site-sidebar-layout":"default","site-content-layout":"","ast-site-content-layout":"","site-content-style":"default","site-sidebar-style":"default","ast-global-header-display":"","ast-banner-title-visibility":"","ast-main-header-display":"","ast-hfb-above-header-display":"","ast-hfb-below-header-display":"","ast-hfb-mobile-header-display":"","site-post-title":"","ast-breadcrumbs-content":"","ast-featured-img":"","footer-sml-layout":"","theme-transparent-header-meta":"","adv-header-id-meta":"","stick-header-meta":"","header-above-stick-meta":"","header-main-stick-meta":"","header-below-stick-meta":"","astra-migrate-meta-layouts":"default","ast-page-background-enabled":"default","ast-page-background-meta":{"desktop":{"background-color":"var(--ast-global-color-4)","background-image":"","background-repeat":"repeat","background-position":"center center","background-size":"auto","background-attachment":"scroll","background-type":"","background-media":"","overlay-type":"","overlay-color":"","overlay-opacity":"","overlay-gradient":""},"tablet":{"background-color":"","background-image":"","background-repeat":"repeat","background-position":"center center","background-size":"auto","background-attachment":"scroll","background-type":"","background-media":"","overlay-type":"","overlay-color":"","overlay-opacity":"","overlay-gradient":""},"mobile":{"background-color":"","background-image":"","background-repeat":"repeat","background-position":"center center","background-size":"auto","background-attachment":"scroll","background-type":"","background-media":"","overlay-type":"","overlay-color":"","overlay-opacity":"","overlay-gradient":""}},"ast-content-background-meta":{"desktop":{"background-color":"var(--ast-global-color-5)","background-image":"","background-repeat":"repeat","background-position":"center center","background-size":"auto","background-attachment":"scroll","background-type":"","background-media":"","overlay-type":"","overlay-color":"","overlay-opacity":"","overlay-gradient":""},"tablet":{"background-color":"var(--ast-global-color-5)","background-image":"","background-repeat":"repeat","background-position":"center center","background-size":"auto","background-attachment":"scroll","background-type":"","background-media":"","overlay-type":"","overlay-color":"","overlay-opacity":"","overlay-gradient":""},"mobile":{"background-color":"var(--ast-global-color-5)","background-image":"","background-repeat":"repeat","background-position":"center center","background-size":"auto","background-attachment":"scroll","background-type":"","background-media":"","overlay-type":"","overlay-color":"","overlay-opacity":"","overlay-gradient":""}},"footnotes":""},"categories":[4],"tags":[],"class_list":["post-12087","post","type-post","status-publish","format-standard","has-post-thumbnail","hentry","category-portada"],"post_mailing_queue_ids":[],"_links":{"self":[{"href":"https:\/\/agora.xtec.cat\/escolajverdaguer\/wp-json\/wp\/v2\/posts\/12087","targetHints":{"allow":["GET"]}}],"collection":[{"href":"https:\/\/agora.xtec.cat\/escolajverdaguer\/wp-json\/wp\/v2\/posts"}],"about":[{"href":"https:\/\/agora.xtec.cat\/escolajverdaguer\/wp-json\/wp\/v2\/types\/post"}],"author":[{"embeddable":true,"href":"https:\/\/agora.xtec.cat\/escolajverdaguer\/wp-json\/wp\/v2\/users\/1"}],"replies":[{"embeddable":true,"href":"https:\/\/agora.xtec.cat\/escolajverdaguer\/wp-json\/wp\/v2\/comments?post=12087"}],"version-history":[{"count":2,"href":"https:\/\/agora.xtec.cat\/escolajverdaguer\/wp-json\/wp\/v2\/posts\/12087\/revisions"}],"predecessor-version":[{"id":12111,"href":"https:\/\/agora.xtec.cat\/escolajverdaguer\/wp-json\/wp\/v2\/posts\/12087\/revisions\/12111"}],"wp:featuredmedia":[{"embeddable":true,"href":"https:\/\/agora.xtec.cat\/escolajverdaguer\/wp-json\/wp\/v2\/media\/12088"}],"wp:attachment":[{"href":"https:\/\/agora.xtec.cat\/escolajverdaguer\/wp-json\/wp\/v2\/media?parent=12087"}],"wp:term":[{"taxonomy":"category","embeddable":true,"href":"https:\/\/agora.xtec.cat\/escolajverdaguer\/wp-json\/wp\/v2\/categories?post=12087"},{"taxonomy":"post_tag","embeddable":true,"href":"https:\/\/agora.xtec.cat\/escolajverdaguer\/wp-json\/wp\/v2\/tags?post=12087"}],"curies":[{"name":"wp","href":"https:\/\/api.w.org\/{rel}","templated":true}]}}