{"id":12064,"date":"2023-04-18T11:01:57","date_gmt":"2023-04-18T09:01:57","guid":{"rendered":"https:\/\/agora.xtec.cat\/escolajverdaguer\/?p=12064"},"modified":"2023-04-18T11:01:57","modified_gmt":"2023-04-18T09:01:57","slug":"guia-de-lectura-per-sant-jordi","status":"publish","type":"post","link":"https:\/\/agora.xtec.cat\/escolajverdaguer\/portada\/guia-de-lectura-per-sant-jordi\/","title":{"rendered":"Guia de lectura per Sant Jordi"},"content":{"rendered":"<p><a href=\"https:\/\/agora.xtec.cat\/escolajverdaguer\/wp-content\/uploads\/usu585\/2023\/04\/Captura-de-pantalla-2023-04-18-a-les-10.52.05.png\"><img loading=\"lazy\" decoding=\"async\" class=\" wp-image-12065 aligncenter\" src=\"https:\/\/agora.xtec.cat\/escolajverdaguer\/wp-content\/uploads\/usu585\/2023\/04\/Captura-de-pantalla-2023-04-18-a-les-10.52.05.png\" alt=\"\" width=\"650\" height=\"486\" srcset=\"https:\/\/agora.xtec.cat\/escolajverdaguer\/wp-content\/uploads\/usu585\/2023\/04\/Captura-de-pantalla-2023-04-18-a-les-10.52.05.png 1110w, https:\/\/agora.xtec.cat\/escolajverdaguer\/wp-content\/uploads\/usu585\/2023\/04\/Captura-de-pantalla-2023-04-18-a-les-10.52.05-300x224.png 300w, https:\/\/agora.xtec.cat\/escolajverdaguer\/wp-content\/uploads\/usu585\/2023\/04\/Captura-de-pantalla-2023-04-18-a-les-10.52.05-1024x766.png 1024w, https:\/\/agora.xtec.cat\/escolajverdaguer\/wp-content\/uploads\/usu585\/2023\/04\/Captura-de-pantalla-2023-04-18-a-les-10.52.05-768x574.png 768w, https:\/\/agora.xtec.cat\/escolajverdaguer\/wp-content\/uploads\/usu585\/2023\/04\/Captura-de-pantalla-2023-04-18-a-les-10.52.05-200x150.png 200w\" sizes=\"auto, (max-width: 650px) 100vw, 650px\" \/><\/a><!--more--><\/p>\n<p>Adjuntem la guia de lectura que han preparat des del Seminari de <strong>biblioteques del Baix Llobregat VI<\/strong>. Volem aprofitar el moment per fer una reflexi\u00f3 sobre la import\u00e0ncia de la lectura en els nens i nenes.<\/p>\n<p>Us hem seleccionat alguns par\u00e0grafs del llibre <strong>\u201cNo m\u2019agrada llegir. Com fer els teus fills lectors\u201d \u00a0del Joan Portell <\/strong>que trobem molt interessants i adients per la diada que celebrarem:<\/p>\n<p><strong>\u00a0<\/strong><strong>\u201cI per qu\u00e8 llegir?. <\/strong>Doncs perqu\u00e8 la lectura \u00e9s el primer ma\u00f3 per crear nens amb pensament aut\u00f2nom \u2026 La lectura pot contribuir de manera decisiva en l\u2019educaci\u00f3 dels vostres fills com a persones i formar-los amb un criteri propi que no els deixi desvalguts. \u00c9s per aix\u00f2, tal com han demostrat estudis recents, que la lectura \u00e9s l\u2019activitat m\u00e9s important en la formaci\u00f3 de l\u2019infant, tant des del punt de vista intern com externament.\u201d<\/p>\n<p><strong>\u00a0<\/strong><strong>\u201cL\u2019entorn familiar \u00e9s vital per motivar a la lectura&#8221;. <\/strong>En una casa hi ha d\u2019haver lectures, \u2013 llibres, c\u00f2mics, diaris, revistes \u2026 -, els nens les han de tenir a l\u2019abast des del primer dia i n\u2019han de mossegar, trencar, observar, gaudir \u2026, des que neixen.<\/p>\n<p><strong>\u00a0I qu\u00e8 podem fer a casa?<\/strong><\/p>\n<ul>\n<li>A casa es poden fer lectures compartides, s\u2019ha de motivar a llegir llibres conjuntament i comentar-ne les virtuts i els defectes. Intentar anar m\u00e9s enll\u00e0 del m\u2019ha agradat o no m\u2019ha agradat i analitzar-ne el missatge\u2026, amb l\u2019objectiu de crear lectors cr\u00edtics, capa\u00e7os que en el futur s\u00e0piguen destriar el gra de la palla.<\/li>\n<li>La lectura i els comentaris o debats al seu entorn han de formar part de la vida de la fam\u00edlia igual que ho s\u00f3n els esports o el men\u00fa de la setmana.<\/li>\n<li>Establir un moment de lectura a casa, estones on tothom agafi el seu llibre i en gaudeixi de manera individual o col\u00b7lectiva. I si un no ho vol fer, que tingui respecte pels altres que s\u2019han pres aquella estona per llegir.<\/li>\n<\/ul>\n<p style=\"text-align: center;\"><span style=\"color: #0000ff;\"><em><strong>Que tingueu una bona diada de Sant Jordi!!!<\/strong><\/em><\/span><\/p>\n<p><iframe class=\"wp-embedded-content\" sandbox=\"allow-scripts\" security=\"restricted\" title=\"Guies de lectura Sant Jordi 2023\" frameborder='0' width='1200' height='675' src='https:\/\/view.genially.com\/6437b127dae808001758d728#?secret=h1hoz22czD' data-secret='h1hoz22czD' scrolling='yes'><\/iframe><\/p>\n","protected":false},"excerpt":{"rendered":"","protected":false},"author":1,"featured_media":12065,"comment_status":"closed","ping_status":"closed","sticky":false,"template":"","format":"standard","meta":{"_bbp_topic_count":0,"_bbp_reply_count":0,"_bbp_total_topic_count":0,"_bbp_total_reply_count":0,"_bbp_voice_count":0,"_bbp_anonymous_reply_count":0,"_bbp_topic_count_hidden":0,"_bbp_reply_count_hidden":0,"_bbp_forum_subforum_count":0,"site-sidebar-layout":"default","site-content-layout":"","ast-site-content-layout":"","site-content-style":"default","site-sidebar-style":"default","ast-global-header-display":"","ast-banner-title-visibility":"","ast-main-header-display":"","ast-hfb-above-header-display":"","ast-hfb-below-header-display":"","ast-hfb-mobile-header-display":"","site-post-title":"","ast-breadcrumbs-content":"","ast-featured-img":"","footer-sml-layout":"","theme-transparent-header-meta":"","adv-header-id-meta":"","stick-header-meta":"","header-above-stick-meta":"","header-main-stick-meta":"","header-below-stick-meta":"","astra-migrate-meta-layouts":"default","ast-page-background-enabled":"default","ast-page-background-meta":{"desktop":{"background-color":"var(--ast-global-color-4)","background-image":"","background-repeat":"repeat","background-position":"center center","background-size":"auto","background-attachment":"scroll","background-type":"","background-media":"","overlay-type":"","overlay-color":"","overlay-opacity":"","overlay-gradient":""},"tablet":{"background-color":"","background-image":"","background-repeat":"repeat","background-position":"center center","background-size":"auto","background-attachment":"scroll","background-type":"","background-media":"","overlay-type":"","overlay-color":"","overlay-opacity":"","overlay-gradient":""},"mobile":{"background-color":"","background-image":"","background-repeat":"repeat","background-position":"center center","background-size":"auto","background-attachment":"scroll","background-type":"","background-media":"","overlay-type":"","overlay-color":"","overlay-opacity":"","overlay-gradient":""}},"ast-content-background-meta":{"desktop":{"background-color":"var(--ast-global-color-5)","background-image":"","background-repeat":"repeat","background-position":"center center","background-size":"auto","background-attachment":"scroll","background-type":"","background-media":"","overlay-type":"","overlay-color":"","overlay-opacity":"","overlay-gradient":""},"tablet":{"background-color":"var(--ast-global-color-5)","background-image":"","background-repeat":"repeat","background-position":"center center","background-size":"auto","background-attachment":"scroll","background-type":"","background-media":"","overlay-type":"","overlay-color":"","overlay-opacity":"","overlay-gradient":""},"mobile":{"background-color":"var(--ast-global-color-5)","background-image":"","background-repeat":"repeat","background-position":"center center","background-size":"auto","background-attachment":"scroll","background-type":"","background-media":"","overlay-type":"","overlay-color":"","overlay-opacity":"","overlay-gradient":""}},"footnotes":""},"categories":[7,4],"tags":[],"class_list":["post-12064","post","type-post","status-publish","format-standard","has-post-thumbnail","hentry","category-afa","category-portada"],"post_mailing_queue_ids":[],"_links":{"self":[{"href":"https:\/\/agora.xtec.cat\/escolajverdaguer\/wp-json\/wp\/v2\/posts\/12064","targetHints":{"allow":["GET"]}}],"collection":[{"href":"https:\/\/agora.xtec.cat\/escolajverdaguer\/wp-json\/wp\/v2\/posts"}],"about":[{"href":"https:\/\/agora.xtec.cat\/escolajverdaguer\/wp-json\/wp\/v2\/types\/post"}],"author":[{"embeddable":true,"href":"https:\/\/agora.xtec.cat\/escolajverdaguer\/wp-json\/wp\/v2\/users\/1"}],"replies":[{"embeddable":true,"href":"https:\/\/agora.xtec.cat\/escolajverdaguer\/wp-json\/wp\/v2\/comments?post=12064"}],"version-history":[{"count":2,"href":"https:\/\/agora.xtec.cat\/escolajverdaguer\/wp-json\/wp\/v2\/posts\/12064\/revisions"}],"predecessor-version":[{"id":12067,"href":"https:\/\/agora.xtec.cat\/escolajverdaguer\/wp-json\/wp\/v2\/posts\/12064\/revisions\/12067"}],"wp:featuredmedia":[{"embeddable":true,"href":"https:\/\/agora.xtec.cat\/escolajverdaguer\/wp-json\/wp\/v2\/media\/12065"}],"wp:attachment":[{"href":"https:\/\/agora.xtec.cat\/escolajverdaguer\/wp-json\/wp\/v2\/media?parent=12064"}],"wp:term":[{"taxonomy":"category","embeddable":true,"href":"https:\/\/agora.xtec.cat\/escolajverdaguer\/wp-json\/wp\/v2\/categories?post=12064"},{"taxonomy":"post_tag","embeddable":true,"href":"https:\/\/agora.xtec.cat\/escolajverdaguer\/wp-json\/wp\/v2\/tags?post=12064"}],"curies":[{"name":"wp","href":"https:\/\/api.w.org\/{rel}","templated":true}]}}