{"id":11996,"date":"2023-01-14T11:47:42","date_gmt":"2023-01-14T10:47:42","guid":{"rendered":"https:\/\/agora.xtec.cat\/escolajverdaguer\/?p=11996"},"modified":"2026-04-30T12:49:12","modified_gmt":"2026-04-30T10:49:12","slug":"programa-salut-integral","status":"publish","type":"post","link":"https:\/\/agora.xtec.cat\/escolajverdaguer\/portada\/programa-salut-integral\/","title":{"rendered":"Programa Salut Integral"},"content":{"rendered":"<p><a href=\"https:\/\/agora.xtec.cat\/escolajverdaguer\/wp-content\/uploads\/usu585\/2023\/01\/0AF7EA05-9870-438C-8F33-C40507432D23.png\"><img loading=\"lazy\" decoding=\"async\" class=\"wp-image-11997 aligncenter\" src=\"https:\/\/agora.xtec.cat\/escolajverdaguer\/wp-content\/uploads\/usu585\/2023\/01\/0AF7EA05-9870-438C-8F33-C40507432D23.png\" alt=\"\" width=\"594\" height=\"422\" srcset=\"https:\/\/agora.xtec.cat\/escolajverdaguer\/wp-content\/uploads\/usu585\/2023\/01\/0AF7EA05-9870-438C-8F33-C40507432D23.png 1748w, https:\/\/agora.xtec.cat\/escolajverdaguer\/wp-content\/uploads\/usu585\/2023\/01\/0AF7EA05-9870-438C-8F33-C40507432D23-300x213.png 300w, https:\/\/agora.xtec.cat\/escolajverdaguer\/wp-content\/uploads\/usu585\/2023\/01\/0AF7EA05-9870-438C-8F33-C40507432D23-1024x727.png 1024w, https:\/\/agora.xtec.cat\/escolajverdaguer\/wp-content\/uploads\/usu585\/2023\/01\/0AF7EA05-9870-438C-8F33-C40507432D23-768x545.png 768w, https:\/\/agora.xtec.cat\/escolajverdaguer\/wp-content\/uploads\/usu585\/2023\/01\/0AF7EA05-9870-438C-8F33-C40507432D23-1536x1090.png 1536w\" sizes=\"auto, (max-width: 594px) 100vw, 594px\" \/><\/a><!--more--><\/p>\n<div class=\"gmail_default\">La nostra escola\u00a0 forma part del <a href=\"https:\/\/www.programasi.org\/\">Programa SI del departament d&#8217;educaci\u00f3.<\/a><\/div>\n<div class=\"gmail_default\">\n<p>\u00c9s un programa de Salut Integral on es pret\u00e9n crear en els nostres infants uns h\u00e0bits saludables que afavoreixin el seu desenvolupament integral.<\/p>\n<div><b>El programa consta de 4 blocs:<\/b><\/div>\n<ul>\n<li><i><b>Activitat f\u00edsica<\/b><\/i><\/li>\n<li><i><b>Gesti\u00f3 de les emocions<\/b><\/i><\/li>\n<li><i><b>Alimentaci\u00f3 saludable<\/b><\/i><\/li>\n<li><i><b>Vida activa<\/b><\/i><\/li>\n<\/ul>\n<div>Aquests blocs es treballen de manera transversal al llarg del curs per\u00f2 durant la setmana vinent que anomenem la <b><i>&#8220;Setmana de la Salut Integral&#8221; <\/i><\/b>farem un treball m\u00e9s intensiu des de les diferents \u00e0rees.<\/div>\n<div>El fil conductor \u00e9s el Cardio, la mascota del cor.<\/div>\n<div>A trav\u00e9s d&#8217;ell anirem canalitzant totes les propostes.<\/div>\n<\/div>\n","protected":false},"excerpt":{"rendered":"","protected":false},"author":1,"featured_media":13028,"comment_status":"closed","ping_status":"closed","sticky":false,"template":"","format":"standard","meta":{"_bbp_topic_count":0,"_bbp_reply_count":0,"_bbp_total_topic_count":0,"_bbp_total_reply_count":0,"_bbp_voice_count":0,"_bbp_anonymous_reply_count":0,"_bbp_topic_count_hidden":0,"_bbp_reply_count_hidden":0,"_bbp_forum_subforum_count":0,"site-sidebar-layout":"default","site-content-layout":"","ast-site-content-layout":"default","site-content-style":"default","site-sidebar-style":"default","ast-global-header-display":"","ast-banner-title-visibility":"","ast-main-header-display":"","ast-hfb-above-header-display":"","ast-hfb-below-header-display":"","ast-hfb-mobile-header-display":"","site-post-title":"","ast-breadcrumbs-content":"","ast-featured-img":"","footer-sml-layout":"","theme-transparent-header-meta":"default","adv-header-id-meta":"","stick-header-meta":"","header-above-stick-meta":"","header-main-stick-meta":"","header-below-stick-meta":"","astra-migrate-meta-layouts":"set","ast-page-background-enabled":"default","ast-page-background-meta":{"desktop":{"background-color":"var(--ast-global-color-4)","background-image":"","background-repeat":"repeat","background-position":"center center","background-size":"auto","background-attachment":"scroll","background-type":"","background-media":"","overlay-type":"","overlay-color":"","overlay-opacity":"","overlay-gradient":""},"tablet":{"background-color":"","background-image":"","background-repeat":"repeat","background-position":"center center","background-size":"auto","background-attachment":"scroll","background-type":"","background-media":"","overlay-type":"","overlay-color":"","overlay-opacity":"","overlay-gradient":""},"mobile":{"background-color":"","background-image":"","background-repeat":"repeat","background-position":"center center","background-size":"auto","background-attachment":"scroll","background-type":"","background-media":"","overlay-type":"","overlay-color":"","overlay-opacity":"","overlay-gradient":""}},"ast-content-background-meta":{"desktop":{"background-color":"var(--ast-global-color-5)","background-image":"","background-repeat":"repeat","background-position":"center center","background-size":"auto","background-attachment":"scroll","background-type":"","background-media":"","overlay-type":"","overlay-color":"","overlay-opacity":"","overlay-gradient":""},"tablet":{"background-color":"var(--ast-global-color-5)","background-image":"","background-repeat":"repeat","background-position":"center center","background-size":"auto","background-attachment":"scroll","background-type":"","background-media":"","overlay-type":"","overlay-color":"","overlay-opacity":"","overlay-gradient":""},"mobile":{"background-color":"var(--ast-global-color-5)","background-image":"","background-repeat":"repeat","background-position":"center center","background-size":"auto","background-attachment":"scroll","background-type":"","background-media":"","overlay-type":"","overlay-color":"","overlay-opacity":"","overlay-gradient":""}},"footnotes":""},"categories":[4,46],"tags":[],"class_list":["post-11996","post","type-post","status-publish","format-standard","has-post-thumbnail","hentry","category-portada","category-salut-i-escola"],"post_mailing_queue_ids":[],"_links":{"self":[{"href":"https:\/\/agora.xtec.cat\/escolajverdaguer\/wp-json\/wp\/v2\/posts\/11996","targetHints":{"allow":["GET"]}}],"collection":[{"href":"https:\/\/agora.xtec.cat\/escolajverdaguer\/wp-json\/wp\/v2\/posts"}],"about":[{"href":"https:\/\/agora.xtec.cat\/escolajverdaguer\/wp-json\/wp\/v2\/types\/post"}],"author":[{"embeddable":true,"href":"https:\/\/agora.xtec.cat\/escolajverdaguer\/wp-json\/wp\/v2\/users\/1"}],"replies":[{"embeddable":true,"href":"https:\/\/agora.xtec.cat\/escolajverdaguer\/wp-json\/wp\/v2\/comments?post=11996"}],"version-history":[{"count":2,"href":"https:\/\/agora.xtec.cat\/escolajverdaguer\/wp-json\/wp\/v2\/posts\/11996\/revisions"}],"predecessor-version":[{"id":13026,"href":"https:\/\/agora.xtec.cat\/escolajverdaguer\/wp-json\/wp\/v2\/posts\/11996\/revisions\/13026"}],"wp:featuredmedia":[{"embeddable":true,"href":"https:\/\/agora.xtec.cat\/escolajverdaguer\/wp-json\/wp\/v2\/media\/13028"}],"wp:attachment":[{"href":"https:\/\/agora.xtec.cat\/escolajverdaguer\/wp-json\/wp\/v2\/media?parent=11996"}],"wp:term":[{"taxonomy":"category","embeddable":true,"href":"https:\/\/agora.xtec.cat\/escolajverdaguer\/wp-json\/wp\/v2\/categories?post=11996"},{"taxonomy":"post_tag","embeddable":true,"href":"https:\/\/agora.xtec.cat\/escolajverdaguer\/wp-json\/wp\/v2\/tags?post=11996"}],"curies":[{"name":"wp","href":"https:\/\/api.w.org\/{rel}","templated":true}]}}