{"id":11708,"date":"2022-04-25T10:29:52","date_gmt":"2022-04-25T08:29:52","guid":{"rendered":"https:\/\/agora.xtec.cat\/escolajverdaguer\/?p=11708"},"modified":"2022-04-25T10:29:52","modified_gmt":"2022-04-25T08:29:52","slug":"jubilacio-duna-gran-mestra-i-millor-persona","status":"publish","type":"post","link":"https:\/\/agora.xtec.cat\/escolajverdaguer\/portada\/jubilacio-duna-gran-mestra-i-millor-persona\/","title":{"rendered":"Jubilaci\u00f3 d&#8217;una &#8216;gran mestra i millor persona&#8217;"},"content":{"rendered":"<p><a href=\"https:\/\/agora.xtec.cat\/escolajverdaguer\/wp-content\/uploads\/usu585\/2022\/04\/foto-comiat.jpeg\"><img loading=\"lazy\" decoding=\"async\" class=\" wp-image-11709 aligncenter\" src=\"https:\/\/agora.xtec.cat\/escolajverdaguer\/wp-content\/uploads\/usu585\/2022\/04\/foto-comiat.jpeg\" alt=\"\" width=\"533\" height=\"333\" srcset=\"https:\/\/agora.xtec.cat\/escolajverdaguer\/wp-content\/uploads\/usu585\/2022\/04\/foto-comiat.jpeg 750w, https:\/\/agora.xtec.cat\/escolajverdaguer\/wp-content\/uploads\/usu585\/2022\/04\/foto-comiat-300x188.jpeg 300w\" sizes=\"auto, (max-width: 533px) 100vw, 533px\" \/><\/a><!--more--><\/p>\n<p style=\"text-align: center;\"><strong>LA MEVA ESCOLA!<\/strong><\/p>\n<p>Aquest 25 d\u2019abril de 2022\u00a0 \u00e9s l\u2019\u00faltim dia com a mestra de l\u2019escola Jacint Verdaguer.<\/p>\n<p>Ha arribat el moment de la meva jubilaci\u00f3 i ara he d\u2019emprendre una nova etapa de la vida.<\/p>\n<p>Durant quasi 30 anys he treballat com a mestra i directora en aquesta, la MEVA ESCOLA i he compartit la doc\u00e8ncia amb molts companys i companyes: equips directius, inspectors\/es, mestres, monitors, administratives, cuinera, conserges, senyores de la neteja, AFA\u2019s, psicopedagogues de l\u2019EAP, mestres del CRP, personal de l\u2019Ajuntament de Castelldefels, i moltes altres persones que han anat intervenint a l\u2019escola, per\u00f2 sobretot, amb molts alumnes i les seves fam\u00edlies.<\/p>\n<p>Us vull donar les gr\u00e0cies a tots i totes vosaltres pel vostre recolzament, afecte, respecte i reconeixement que sempre he sentit i que m\u2019heu fet una millor mestra i persona.<\/p>\n<p>Aquesta ha estat la vocaci\u00f3 de la meva vida i tornaria a repetir-la contant amb la vostra complicitat i l\u2019afecte de tots el meus\u00a0 alumnes que sempre m\u2019han impulsat a superar-me i aprendre m\u00e9s.<\/p>\n<p><strong>Mil gr\u00e0cies i per sempre! Som una fam\u00edlia, la fam\u00edlia del Verdaguer!!<\/strong><\/p>\n<p><em>Gloria Ruiz<\/em><!--more--><\/p>\n","protected":false},"excerpt":{"rendered":"","protected":false},"author":1,"featured_media":0,"comment_status":"closed","ping_status":"closed","sticky":false,"template":"","format":"standard","meta":{"_bbp_topic_count":0,"_bbp_reply_count":0,"_bbp_total_topic_count":0,"_bbp_total_reply_count":0,"_bbp_voice_count":0,"_bbp_anonymous_reply_count":0,"_bbp_topic_count_hidden":0,"_bbp_reply_count_hidden":0,"_bbp_forum_subforum_count":0,"site-sidebar-layout":"default","site-content-layout":"","ast-site-content-layout":"","site-content-style":"default","site-sidebar-style":"default","ast-global-header-display":"","ast-banner-title-visibility":"","ast-main-header-display":"","ast-hfb-above-header-display":"","ast-hfb-below-header-display":"","ast-hfb-mobile-header-display":"","site-post-title":"","ast-breadcrumbs-content":"","ast-featured-img":"","footer-sml-layout":"","theme-transparent-header-meta":"","adv-header-id-meta":"","stick-header-meta":"","header-above-stick-meta":"","header-main-stick-meta":"","header-below-stick-meta":"","astra-migrate-meta-layouts":"default","ast-page-background-enabled":"default","ast-page-background-meta":{"desktop":{"background-color":"var(--ast-global-color-4)","background-image":"","background-repeat":"repeat","background-position":"center center","background-size":"auto","background-attachment":"scroll","background-type":"","background-media":"","overlay-type":"","overlay-color":"","overlay-opacity":"","overlay-gradient":""},"tablet":{"background-color":"","background-image":"","background-repeat":"repeat","background-position":"center center","background-size":"auto","background-attachment":"scroll","background-type":"","background-media":"","overlay-type":"","overlay-color":"","overlay-opacity":"","overlay-gradient":""},"mobile":{"background-color":"","background-image":"","background-repeat":"repeat","background-position":"center center","background-size":"auto","background-attachment":"scroll","background-type":"","background-media":"","overlay-type":"","overlay-color":"","overlay-opacity":"","overlay-gradient":""}},"ast-content-background-meta":{"desktop":{"background-color":"var(--ast-global-color-5)","background-image":"","background-repeat":"repeat","background-position":"center center","background-size":"auto","background-attachment":"scroll","background-type":"","background-media":"","overlay-type":"","overlay-color":"","overlay-opacity":"","overlay-gradient":""},"tablet":{"background-color":"var(--ast-global-color-5)","background-image":"","background-repeat":"repeat","background-position":"center center","background-size":"auto","background-attachment":"scroll","background-type":"","background-media":"","overlay-type":"","overlay-color":"","overlay-opacity":"","overlay-gradient":""},"mobile":{"background-color":"var(--ast-global-color-5)","background-image":"","background-repeat":"repeat","background-position":"center center","background-size":"auto","background-attachment":"scroll","background-type":"","background-media":"","overlay-type":"","overlay-color":"","overlay-opacity":"","overlay-gradient":""}},"footnotes":""},"categories":[4],"tags":[],"class_list":["post-11708","post","type-post","status-publish","format-standard","hentry","category-portada"],"post_mailing_queue_ids":[],"_links":{"self":[{"href":"https:\/\/agora.xtec.cat\/escolajverdaguer\/wp-json\/wp\/v2\/posts\/11708","targetHints":{"allow":["GET"]}}],"collection":[{"href":"https:\/\/agora.xtec.cat\/escolajverdaguer\/wp-json\/wp\/v2\/posts"}],"about":[{"href":"https:\/\/agora.xtec.cat\/escolajverdaguer\/wp-json\/wp\/v2\/types\/post"}],"author":[{"embeddable":true,"href":"https:\/\/agora.xtec.cat\/escolajverdaguer\/wp-json\/wp\/v2\/users\/1"}],"replies":[{"embeddable":true,"href":"https:\/\/agora.xtec.cat\/escolajverdaguer\/wp-json\/wp\/v2\/comments?post=11708"}],"version-history":[{"count":2,"href":"https:\/\/agora.xtec.cat\/escolajverdaguer\/wp-json\/wp\/v2\/posts\/11708\/revisions"}],"predecessor-version":[{"id":11711,"href":"https:\/\/agora.xtec.cat\/escolajverdaguer\/wp-json\/wp\/v2\/posts\/11708\/revisions\/11711"}],"wp:attachment":[{"href":"https:\/\/agora.xtec.cat\/escolajverdaguer\/wp-json\/wp\/v2\/media?parent=11708"}],"wp:term":[{"taxonomy":"category","embeddable":true,"href":"https:\/\/agora.xtec.cat\/escolajverdaguer\/wp-json\/wp\/v2\/categories?post=11708"},{"taxonomy":"post_tag","embeddable":true,"href":"https:\/\/agora.xtec.cat\/escolajverdaguer\/wp-json\/wp\/v2\/tags?post=11708"}],"curies":[{"name":"wp","href":"https:\/\/api.w.org\/{rel}","templated":true}]}}