{"id":11245,"date":"2021-09-09T09:05:03","date_gmt":"2021-09-09T07:05:03","guid":{"rendered":"https:\/\/agora.xtec.cat\/escolajverdaguer\/?p=11245"},"modified":"2021-09-12T18:03:37","modified_gmt":"2021-09-12T16:03:37","slug":"gracies-de-tot-cor","status":"publish","type":"post","link":"https:\/\/agora.xtec.cat\/escolajverdaguer\/portada\/gracies-de-tot-cor\/","title":{"rendered":"Gr\u00e0cies de tot cor!"},"content":{"rendered":"<p><a href=\"https:\/\/agora.xtec.cat\/escolajverdaguer\/wp-content\/uploads\/usu585\/2021\/09\/lola.jpeg\"><img loading=\"lazy\" decoding=\"async\" class=\"alignnone wp-image-11246\" src=\"https:\/\/agora.xtec.cat\/escolajverdaguer\/wp-content\/uploads\/usu585\/2021\/09\/lola.jpeg\" alt=\"\" width=\"209\" height=\"356\" srcset=\"https:\/\/agora.xtec.cat\/escolajverdaguer\/wp-content\/uploads\/usu585\/2021\/09\/lola.jpeg 577w, https:\/\/agora.xtec.cat\/escolajverdaguer\/wp-content\/uploads\/usu585\/2021\/09\/lola-176x300.jpeg 176w\" sizes=\"auto, (max-width: 209px) 100vw, 209px\" \/><\/a><\/p>\n<p style=\"text-align: center;\">Aquest curs 2021\/22 ha arribat l\u2019hora de la meva jubilaci\u00f3 com a mestra,<\/p>\n<p style=\"text-align: center;\">lligada a aquests \u00faltims 26 anys a l\u2019escola Jacint Verdaguer.<!--more--><\/p>\n<p style=\"text-align: center;\">Aqu\u00ed he trobat excel\u00b7lents companys\/es que formen una escola:<\/p>\n<p style=\"text-align: center;\">mestres, monitors, cuineres, administratives, conserges, senyores de la neteja, CRP, EAP, AFAS, i altres persones vinculades al<\/p>\n<p style=\"text-align: center;\">centre i formadors\/es, presents i passats i , principalment els alumnes i les fam\u00edlies.<\/p>\n<p style=\"text-align: center;\">Vull agrair a tots i totes vosaltres el vostre acompanyament, recolzament, respecte i reconeixement que m\u2019ha fet cr\u00e9ixer com a<\/p>\n<p style=\"text-align: center;\">persona i m\u2019ha fet sentir-me molt feli\u00e7 i orgullosa de la meva professi\u00f3.<\/p>\n<p style=\"text-align: center;\">Esteu i estareu al meu cor i als meus records al llarg de la meva vida.<\/p>\n<p style=\"text-align: center;\">Sou vosaltres els que m\u2019heu ensenyat cada dia,<\/p>\n<p style=\"text-align: center;\">amb la vostra actitud, afecte i sinceritat.<\/p>\n<p style=\"text-align: center;\">GR\u00c0CIES, GR\u00c0CIES, GR\u00c0CIES!!!<\/p>\n<p style=\"text-align: center;\">DE TOT COR!!<\/p>\n<p style=\"text-align: center;\">FINS SEMPRE FAM\u00cdLIA VERDAGUER!!!<\/p>\n<p style=\"text-align: center;\"><strong>Lola Ricart<\/strong><\/p>\n<p style=\"text-align: center;\">\n","protected":false},"excerpt":{"rendered":"<p>Aquest curs 2021\/22 ha arribat l\u2019hora de la meva jubilaci\u00f3 com a mestra, lligada a aquests \u00faltims 26 anys a l\u2019escola Jacint Verdaguer.<\/p>\n","protected":false},"author":1,"featured_media":0,"comment_status":"closed","ping_status":"closed","sticky":false,"template":"","format":"standard","meta":{"_bbp_topic_count":0,"_bbp_reply_count":0,"_bbp_total_topic_count":0,"_bbp_total_reply_count":0,"_bbp_voice_count":0,"_bbp_anonymous_reply_count":0,"_bbp_topic_count_hidden":0,"_bbp_reply_count_hidden":0,"_bbp_forum_subforum_count":0,"site-sidebar-layout":"default","site-content-layout":"","ast-site-content-layout":"","site-content-style":"default","site-sidebar-style":"default","ast-global-header-display":"","ast-banner-title-visibility":"","ast-main-header-display":"","ast-hfb-above-header-display":"","ast-hfb-below-header-display":"","ast-hfb-mobile-header-display":"","site-post-title":"","ast-breadcrumbs-content":"","ast-featured-img":"","footer-sml-layout":"","theme-transparent-header-meta":"","adv-header-id-meta":"","stick-header-meta":"","header-above-stick-meta":"","header-main-stick-meta":"","header-below-stick-meta":"","astra-migrate-meta-layouts":"default","ast-page-background-enabled":"default","ast-page-background-meta":{"desktop":{"background-color":"var(--ast-global-color-4)","background-image":"","background-repeat":"repeat","background-position":"center center","background-size":"auto","background-attachment":"scroll","background-type":"","background-media":"","overlay-type":"","overlay-color":"","overlay-opacity":"","overlay-gradient":""},"tablet":{"background-color":"","background-image":"","background-repeat":"repeat","background-position":"center center","background-size":"auto","background-attachment":"scroll","background-type":"","background-media":"","overlay-type":"","overlay-color":"","overlay-opacity":"","overlay-gradient":""},"mobile":{"background-color":"","background-image":"","background-repeat":"repeat","background-position":"center center","background-size":"auto","background-attachment":"scroll","background-type":"","background-media":"","overlay-type":"","overlay-color":"","overlay-opacity":"","overlay-gradient":""}},"ast-content-background-meta":{"desktop":{"background-color":"var(--ast-global-color-5)","background-image":"","background-repeat":"repeat","background-position":"center center","background-size":"auto","background-attachment":"scroll","background-type":"","background-media":"","overlay-type":"","overlay-color":"","overlay-opacity":"","overlay-gradient":""},"tablet":{"background-color":"var(--ast-global-color-5)","background-image":"","background-repeat":"repeat","background-position":"center center","background-size":"auto","background-attachment":"scroll","background-type":"","background-media":"","overlay-type":"","overlay-color":"","overlay-opacity":"","overlay-gradient":""},"mobile":{"background-color":"var(--ast-global-color-5)","background-image":"","background-repeat":"repeat","background-position":"center center","background-size":"auto","background-attachment":"scroll","background-type":"","background-media":"","overlay-type":"","overlay-color":"","overlay-opacity":"","overlay-gradient":""}},"footnotes":""},"categories":[4],"tags":[],"class_list":["post-11245","post","type-post","status-publish","format-standard","hentry","category-portada"],"post_mailing_queue_ids":[],"_links":{"self":[{"href":"https:\/\/agora.xtec.cat\/escolajverdaguer\/wp-json\/wp\/v2\/posts\/11245","targetHints":{"allow":["GET"]}}],"collection":[{"href":"https:\/\/agora.xtec.cat\/escolajverdaguer\/wp-json\/wp\/v2\/posts"}],"about":[{"href":"https:\/\/agora.xtec.cat\/escolajverdaguer\/wp-json\/wp\/v2\/types\/post"}],"author":[{"embeddable":true,"href":"https:\/\/agora.xtec.cat\/escolajverdaguer\/wp-json\/wp\/v2\/users\/1"}],"replies":[{"embeddable":true,"href":"https:\/\/agora.xtec.cat\/escolajverdaguer\/wp-json\/wp\/v2\/comments?post=11245"}],"version-history":[{"count":3,"href":"https:\/\/agora.xtec.cat\/escolajverdaguer\/wp-json\/wp\/v2\/posts\/11245\/revisions"}],"predecessor-version":[{"id":11286,"href":"https:\/\/agora.xtec.cat\/escolajverdaguer\/wp-json\/wp\/v2\/posts\/11245\/revisions\/11286"}],"wp:attachment":[{"href":"https:\/\/agora.xtec.cat\/escolajverdaguer\/wp-json\/wp\/v2\/media?parent=11245"}],"wp:term":[{"taxonomy":"category","embeddable":true,"href":"https:\/\/agora.xtec.cat\/escolajverdaguer\/wp-json\/wp\/v2\/categories?post=11245"},{"taxonomy":"post_tag","embeddable":true,"href":"https:\/\/agora.xtec.cat\/escolajverdaguer\/wp-json\/wp\/v2\/tags?post=11245"}],"curies":[{"name":"wp","href":"https:\/\/api.w.org\/{rel}","templated":true}]}}