{"id":10391,"date":"2020-01-15T20:52:56","date_gmt":"2020-01-15T19:52:56","guid":{"rendered":"http:\/\/agora.xtec.cat\/escolajverdaguer\/?p=10391"},"modified":"2020-01-15T20:58:23","modified_gmt":"2020-01-15T19:58:23","slug":"tots-contra-el-bullying","status":"publish","type":"post","link":"https:\/\/agora.xtec.cat\/escolajverdaguer\/portada\/tots-contra-el-bullying\/","title":{"rendered":"Tots contra el bullying"},"content":{"rendered":"<p><a href=\"https:\/\/agora.xtec.cat\/escolajverdaguer\/wp-content\/uploads\/usu585\/2020\/01\/bullyingbarc\u0327a.jpg\"><img loading=\"lazy\" decoding=\"async\" class=\"size-full wp-image-10392 aligncenter\" src=\"https:\/\/agora.xtec.cat\/escolajverdaguer\/wp-content\/uploads\/usu585\/2020\/01\/bullyingbarc\u0327a.jpg\" alt=\"\" width=\"567\" height=\"189\" srcset=\"https:\/\/agora.xtec.cat\/escolajverdaguer\/wp-content\/uploads\/usu585\/2020\/01\/bullyingbarc\u0327a.jpg 567w, https:\/\/agora.xtec.cat\/escolajverdaguer\/wp-content\/uploads\/usu585\/2020\/01\/bullyingbarc\u0327a-300x100.jpg 300w\" sizes=\"auto, (max-width: 567px) 100vw, 567px\" \/><\/a>Donat que l&#8217;Escola est\u00e0 immersa en el <a href=\"https:\/\/agora.xtec.cat\/escolajverdaguer\/portada\/projectes-dinnovacio-que-treballem-a-lescola-jacint-verdaguer\/\" target=\"_blank\" rel=\"noopener noreferrer\">Projecte d&#8217;innovaci\u00f3 #Aqu\u00edproubullying<\/a> i seguint <strong>la l\u00ednia de treball emocional del centre<\/strong>, el proper mes de febrer comencem el projecte <strong>&#8220;Tots contra el Bullying&#8221; amb la Fundaci\u00f3 Bar\u00e7a<\/strong>, i que es dur\u00e0 a terme durant la resta del curs.<\/p>\n<p>Dins el Programa d\u2019educaci\u00f3 en valors de la Fundaci\u00f3 del FC Barcelona, treballarem com detectar i prevenir qu\u00e8 \u00e9s el \u201cBullying\u201d, l\u2019assetjament escolar que poden patir companys i companyes dins i fora l\u2019aula.<\/p>\n","protected":false},"excerpt":{"rendered":"<p>Donat que l&#8217;Escola est\u00e0 immersa en el Projecte d&#8217;innovaci\u00f3 #Aqu\u00edproubullying i seguint la l\u00ednia de treball emocional del centre, el proper mes de febrer comencem el projecte &#8220;Tots contra el Bullying&#8221; amb la Fundaci\u00f3 Bar\u00e7a, i que es dur\u00e0 a terme durant la resta del curs. Dins el Programa d\u2019educaci\u00f3 en valors de la Fundaci\u00f3 [&hellip;]<\/p>\n","protected":false},"author":1,"featured_media":10392,"comment_status":"closed","ping_status":"closed","sticky":false,"template":"","format":"standard","meta":{"_bbp_topic_count":0,"_bbp_reply_count":0,"_bbp_total_topic_count":0,"_bbp_total_reply_count":0,"_bbp_voice_count":0,"_bbp_anonymous_reply_count":0,"_bbp_topic_count_hidden":0,"_bbp_reply_count_hidden":0,"_bbp_forum_subforum_count":0,"site-sidebar-layout":"default","site-content-layout":"","ast-site-content-layout":"","site-content-style":"default","site-sidebar-style":"default","ast-global-header-display":"","ast-banner-title-visibility":"","ast-main-header-display":"","ast-hfb-above-header-display":"","ast-hfb-below-header-display":"","ast-hfb-mobile-header-display":"","site-post-title":"","ast-breadcrumbs-content":"","ast-featured-img":"","footer-sml-layout":"","theme-transparent-header-meta":"","adv-header-id-meta":"","stick-header-meta":"","header-above-stick-meta":"","header-main-stick-meta":"","header-below-stick-meta":"","astra-migrate-meta-layouts":"default","ast-page-background-enabled":"default","ast-page-background-meta":{"desktop":{"background-color":"var(--ast-global-color-4)","background-image":"","background-repeat":"repeat","background-position":"center center","background-size":"auto","background-attachment":"scroll","background-type":"","background-media":"","overlay-type":"","overlay-color":"","overlay-opacity":"","overlay-gradient":""},"tablet":{"background-color":"","background-image":"","background-repeat":"repeat","background-position":"center center","background-size":"auto","background-attachment":"scroll","background-type":"","background-media":"","overlay-type":"","overlay-color":"","overlay-opacity":"","overlay-gradient":""},"mobile":{"background-color":"","background-image":"","background-repeat":"repeat","background-position":"center center","background-size":"auto","background-attachment":"scroll","background-type":"","background-media":"","overlay-type":"","overlay-color":"","overlay-opacity":"","overlay-gradient":""}},"ast-content-background-meta":{"desktop":{"background-color":"var(--ast-global-color-5)","background-image":"","background-repeat":"repeat","background-position":"center center","background-size":"auto","background-attachment":"scroll","background-type":"","background-media":"","overlay-type":"","overlay-color":"","overlay-opacity":"","overlay-gradient":""},"tablet":{"background-color":"var(--ast-global-color-5)","background-image":"","background-repeat":"repeat","background-position":"center center","background-size":"auto","background-attachment":"scroll","background-type":"","background-media":"","overlay-type":"","overlay-color":"","overlay-opacity":"","overlay-gradient":""},"mobile":{"background-color":"var(--ast-global-color-5)","background-image":"","background-repeat":"repeat","background-position":"center center","background-size":"auto","background-attachment":"scroll","background-type":"","background-media":"","overlay-type":"","overlay-color":"","overlay-opacity":"","overlay-gradient":""}},"footnotes":""},"categories":[43,4],"tags":[],"class_list":["post-10391","post","type-post","status-publish","format-standard","has-post-thumbnail","hentry","category-educacio-fisica","category-portada"],"post_mailing_queue_ids":[],"_links":{"self":[{"href":"https:\/\/agora.xtec.cat\/escolajverdaguer\/wp-json\/wp\/v2\/posts\/10391","targetHints":{"allow":["GET"]}}],"collection":[{"href":"https:\/\/agora.xtec.cat\/escolajverdaguer\/wp-json\/wp\/v2\/posts"}],"about":[{"href":"https:\/\/agora.xtec.cat\/escolajverdaguer\/wp-json\/wp\/v2\/types\/post"}],"author":[{"embeddable":true,"href":"https:\/\/agora.xtec.cat\/escolajverdaguer\/wp-json\/wp\/v2\/users\/1"}],"replies":[{"embeddable":true,"href":"https:\/\/agora.xtec.cat\/escolajverdaguer\/wp-json\/wp\/v2\/comments?post=10391"}],"version-history":[{"count":3,"href":"https:\/\/agora.xtec.cat\/escolajverdaguer\/wp-json\/wp\/v2\/posts\/10391\/revisions"}],"predecessor-version":[{"id":10395,"href":"https:\/\/agora.xtec.cat\/escolajverdaguer\/wp-json\/wp\/v2\/posts\/10391\/revisions\/10395"}],"wp:featuredmedia":[{"embeddable":true,"href":"https:\/\/agora.xtec.cat\/escolajverdaguer\/wp-json\/wp\/v2\/media\/10392"}],"wp:attachment":[{"href":"https:\/\/agora.xtec.cat\/escolajverdaguer\/wp-json\/wp\/v2\/media?parent=10391"}],"wp:term":[{"taxonomy":"category","embeddable":true,"href":"https:\/\/agora.xtec.cat\/escolajverdaguer\/wp-json\/wp\/v2\/categories?post=10391"},{"taxonomy":"post_tag","embeddable":true,"href":"https:\/\/agora.xtec.cat\/escolajverdaguer\/wp-json\/wp\/v2\/tags?post=10391"}],"curies":[{"name":"wp","href":"https:\/\/api.w.org\/{rel}","templated":true}]}}