{"id":10138,"date":"2019-09-09T16:51:41","date_gmt":"2019-09-09T14:51:41","guid":{"rendered":"http:\/\/agora.xtec.cat\/escolajverdaguer\/?p=10138"},"modified":"2019-09-09T17:05:35","modified_gmt":"2019-09-09T15:05:35","slug":"projecte-dinnovacio-aquiproubullying","status":"publish","type":"post","link":"https:\/\/agora.xtec.cat\/escolajverdaguer\/general\/projecte-dinnovacio-aquiproubullying\/","title":{"rendered":"Projecte d&#8217;innovaci\u00f3 #aquiproubullying"},"content":{"rendered":"<p style=\"text-align: center;\"><a href=\"https:\/\/agora.xtec.cat\/escolajverdaguer\/wp-content\/uploads\/usu585\/2019\/09\/Captura-de-pantalla-2019-09-09-a-les-14.22.14.png\"><img loading=\"lazy\" decoding=\"async\" class=\"size-full wp-image-10140 aligncenter\" src=\"https:\/\/agora.xtec.cat\/escolajverdaguer\/wp-content\/uploads\/usu585\/2019\/09\/Captura-de-pantalla-2019-09-09-a-les-14.22.14.png\" alt=\"\" width=\"687\" height=\"384\" srcset=\"https:\/\/agora.xtec.cat\/escolajverdaguer\/wp-content\/uploads\/usu585\/2019\/09\/Captura-de-pantalla-2019-09-09-a-les-14.22.14.png 687w, https:\/\/agora.xtec.cat\/escolajverdaguer\/wp-content\/uploads\/usu585\/2019\/09\/Captura-de-pantalla-2019-09-09-a-les-14.22.14-300x168.png 300w\" sizes=\"auto, (max-width: 687px) 100vw, 687px\" \/><\/a>A l\u2019Escola Jacint Verdaguer tenim el nostre Projecte de gesti\u00f3 de conflictes i mediaci\u00f3 per a fer front als problemes de conviv\u00e8ncia. Ara volem anar una mica m\u00e9s enll\u00e0 amb el <em><strong>projecte d\u2019innovaci\u00f3 pedag\u00f2gica<\/strong><\/em> <u><b>#aquiproubullying<\/b><\/u>.<!--more--><\/p>\n<p class=\"western\">Al nostre projecte educatiu de centre, consta que volem ser un centre integrador, procurant una escolaritzaci\u00f3 inclusiva, per aconseguir la cohesi\u00f3 social dintre d\u2019un context multicultural i amb una bona conviv\u00e8ncia .<\/p>\n<p class=\"western\">\u00c9s per aix\u00f2 que a l\u2019Escola Jacint Verdaguer tenim un projecte, gesti\u00f3 de conflictes i mediaci\u00f3 per a fer front als problemes de conviv\u00e8ncia. Ara volem anar una mica m\u00e9s enll\u00e0 amb el projecte d\u2019innovaci\u00f3 pedag\u00f2gica <u><b>#aquiproubullying<\/b><\/u> (la durada formativa ser\u00e0 de 2 cursos escolars).<\/p>\n<p class=\"western\">Aquest projecte est\u00e0 liderat per un equip de treball que rebr\u00e0 una formaci\u00f3, amb l\u2019objectiu d\u2019elaborar un projecte propi que ens ajudi a prevenir, detectar i intervenir davant de l\u2019assetjament.<\/p>\n<p class=\"western\">En general, el nostre clima de conviv\u00e8ncia \u00e9s bo, i en les enquestes de satisfacci\u00f3 a les fam\u00edlies, la valoraci\u00f3 dels pares \u00e9s satisfact\u00f2ria, per\u00f2 aix\u00ed i tot volem millorar i sobretot prevenir situacions i conductes contr\u00e0ries a la conviv\u00e8ncia.<\/p>\n<p class=\"western\">Per tant, valorem la necessitat de formar part d\u2019aquest <em><strong>projecte d\u2019innovaci\u00f3 pedag\u00f2gica<\/strong><\/em> per tal de disposar de recursos propis per prevenir qualsevol tipus d\u2019assetjament, conscienciant a tota la comunitat educativa, i als nostres alumnes.<\/p>\n<p><a href=\"https:\/\/agora.xtec.cat\/escolajverdaguer\/wp-content\/uploads\/usu585\/2019\/09\/aquiproubullying.pdf\" target=\"_blank\" rel=\"noopener noreferrer\"><img loading=\"lazy\" decoding=\"async\" class=\"size-full wp-image-10143 aligncenter\" src=\"https:\/\/agora.xtec.cat\/escolajverdaguer\/wp-content\/uploads\/usu585\/2019\/09\/Captura-de-pantalla-2019-09-09-a-les-16.48.44.png\" alt=\"\" width=\"546\" height=\"746\" srcset=\"https:\/\/agora.xtec.cat\/escolajverdaguer\/wp-content\/uploads\/usu585\/2019\/09\/Captura-de-pantalla-2019-09-09-a-les-16.48.44.png 546w, https:\/\/agora.xtec.cat\/escolajverdaguer\/wp-content\/uploads\/usu585\/2019\/09\/Captura-de-pantalla-2019-09-09-a-les-16.48.44-220x300.png 220w\" sizes=\"auto, (max-width: 546px) 100vw, 546px\" \/><\/a><\/p>\n<p>&nbsp;<\/p>\n","protected":false},"excerpt":{"rendered":"<p>A l\u2019Escola Jacint Verdaguer tenim el nostre Projecte de gesti\u00f3 de conflictes i mediaci\u00f3 per a fer front als problemes de conviv\u00e8ncia. Ara volem anar una mica m\u00e9s enll\u00e0 amb el projecte d\u2019innovaci\u00f3 pedag\u00f2gica #aquiproubullying.<\/p>\n","protected":false},"author":1,"featured_media":10140,"comment_status":"closed","ping_status":"closed","sticky":false,"template":"","format":"standard","meta":{"_bbp_topic_count":0,"_bbp_reply_count":0,"_bbp_total_topic_count":0,"_bbp_total_reply_count":0,"_bbp_voice_count":0,"_bbp_anonymous_reply_count":0,"_bbp_topic_count_hidden":0,"_bbp_reply_count_hidden":0,"_bbp_forum_subforum_count":0,"site-sidebar-layout":"default","site-content-layout":"","ast-site-content-layout":"","site-content-style":"default","site-sidebar-style":"default","ast-global-header-display":"","ast-banner-title-visibility":"","ast-main-header-display":"","ast-hfb-above-header-display":"","ast-hfb-below-header-display":"","ast-hfb-mobile-header-display":"","site-post-title":"","ast-breadcrumbs-content":"","ast-featured-img":"","footer-sml-layout":"","theme-transparent-header-meta":"","adv-header-id-meta":"","stick-header-meta":"","header-above-stick-meta":"","header-main-stick-meta":"","header-below-stick-meta":"","astra-migrate-meta-layouts":"default","ast-page-background-enabled":"default","ast-page-background-meta":{"desktop":{"background-color":"var(--ast-global-color-4)","background-image":"","background-repeat":"repeat","background-position":"center center","background-size":"auto","background-attachment":"scroll","background-type":"","background-media":"","overlay-type":"","overlay-color":"","overlay-opacity":"","overlay-gradient":""},"tablet":{"background-color":"","background-image":"","background-repeat":"repeat","background-position":"center center","background-size":"auto","background-attachment":"scroll","background-type":"","background-media":"","overlay-type":"","overlay-color":"","overlay-opacity":"","overlay-gradient":""},"mobile":{"background-color":"","background-image":"","background-repeat":"repeat","background-position":"center center","background-size":"auto","background-attachment":"scroll","background-type":"","background-media":"","overlay-type":"","overlay-color":"","overlay-opacity":"","overlay-gradient":""}},"ast-content-background-meta":{"desktop":{"background-color":"var(--ast-global-color-5)","background-image":"","background-repeat":"repeat","background-position":"center center","background-size":"auto","background-attachment":"scroll","background-type":"","background-media":"","overlay-type":"","overlay-color":"","overlay-opacity":"","overlay-gradient":""},"tablet":{"background-color":"var(--ast-global-color-5)","background-image":"","background-repeat":"repeat","background-position":"center center","background-size":"auto","background-attachment":"scroll","background-type":"","background-media":"","overlay-type":"","overlay-color":"","overlay-opacity":"","overlay-gradient":""},"mobile":{"background-color":"var(--ast-global-color-5)","background-image":"","background-repeat":"repeat","background-position":"center center","background-size":"auto","background-attachment":"scroll","background-type":"","background-media":"","overlay-type":"","overlay-color":"","overlay-opacity":"","overlay-gradient":""}},"footnotes":""},"categories":[34,1,4],"tags":[],"class_list":["post-10138","post","type-post","status-publish","format-standard","has-post-thumbnail","hentry","category-experiencies-democions","category-general","category-portada"],"post_mailing_queue_ids":[],"_links":{"self":[{"href":"https:\/\/agora.xtec.cat\/escolajverdaguer\/wp-json\/wp\/v2\/posts\/10138","targetHints":{"allow":["GET"]}}],"collection":[{"href":"https:\/\/agora.xtec.cat\/escolajverdaguer\/wp-json\/wp\/v2\/posts"}],"about":[{"href":"https:\/\/agora.xtec.cat\/escolajverdaguer\/wp-json\/wp\/v2\/types\/post"}],"author":[{"embeddable":true,"href":"https:\/\/agora.xtec.cat\/escolajverdaguer\/wp-json\/wp\/v2\/users\/1"}],"replies":[{"embeddable":true,"href":"https:\/\/agora.xtec.cat\/escolajverdaguer\/wp-json\/wp\/v2\/comments?post=10138"}],"version-history":[{"count":4,"href":"https:\/\/agora.xtec.cat\/escolajverdaguer\/wp-json\/wp\/v2\/posts\/10138\/revisions"}],"predecessor-version":[{"id":10148,"href":"https:\/\/agora.xtec.cat\/escolajverdaguer\/wp-json\/wp\/v2\/posts\/10138\/revisions\/10148"}],"wp:featuredmedia":[{"embeddable":true,"href":"https:\/\/agora.xtec.cat\/escolajverdaguer\/wp-json\/wp\/v2\/media\/10140"}],"wp:attachment":[{"href":"https:\/\/agora.xtec.cat\/escolajverdaguer\/wp-json\/wp\/v2\/media?parent=10138"}],"wp:term":[{"taxonomy":"category","embeddable":true,"href":"https:\/\/agora.xtec.cat\/escolajverdaguer\/wp-json\/wp\/v2\/categories?post=10138"},{"taxonomy":"post_tag","embeddable":true,"href":"https:\/\/agora.xtec.cat\/escolajverdaguer\/wp-json\/wp\/v2\/tags?post=10138"}],"curies":[{"name":"wp","href":"https:\/\/api.w.org\/{rel}","templated":true}]}}