{"id":2270,"date":"2022-11-25T13:01:01","date_gmt":"2022-11-25T12:01:01","guid":{"rendered":"https:\/\/agora.xtec.cat\/escolajujol\/?p=2270"},"modified":"2025-01-17T10:02:50","modified_gmt":"2025-01-17T09:02:50","slug":"diada-de-la-musica-santa-cecilia-2022","status":"publish","type":"post","link":"https:\/\/agora.xtec.cat\/escolajujol\/general\/diada-de-la-musica-santa-cecilia-2022\/","title":{"rendered":"DIADA DE LA M\u00daSICA Santa Cec\u00edlia 2022"},"content":{"rendered":"<p>El dia 22 de novembre l&#8217;alumnat de sis\u00e8 i algunes fam\u00edlies hem fet un concert per celebrar la DIADA DE LA M\u00daSICA amb Santa Cec\u00edlia, patrona de la m\u00fasica.<\/p>\n<p>Esperem que gaudiu!!!<\/p>\n<p><iframe loading=\"lazy\" title=\"Santa Cec\u00edlia Jujol (2022)\" width=\"500\" height=\"281\" src=\"https:\/\/www.youtube.com\/embed\/TgFSeqx34ZY?feature=oembed\" frameborder=\"0\" allow=\"accelerometer; autoplay; clipboard-write; encrypted-media; gyroscope; picture-in-picture; web-share\" referrerpolicy=\"strict-origin-when-cross-origin\" allowfullscreen><\/iframe><\/p>\n","protected":false},"excerpt":{"rendered":"<p>El dia 22 de novembre l&#8217;alumnat de sis\u00e8 i algunes fam\u00edlies hem fet un concert per celebrar la DIADA DE LA M\u00daSICA amb Santa Cec\u00edlia, patrona de la m\u00fasica.<br \/>\nEsperem que gaudiu!!!<\/p>\n","protected":false},"author":1,"featured_media":2273,"comment_status":"open","ping_status":"closed","sticky":false,"template":"","format":"standard","meta":{"_bbp_topic_count":0,"_bbp_reply_count":0,"_bbp_total_topic_count":0,"_bbp_total_reply_count":0,"_bbp_voice_count":0,"_bbp_anonymous_reply_count":0,"_bbp_topic_count_hidden":0,"_bbp_reply_count_hidden":0,"_bbp_forum_subforum_count":0,"footnotes":""},"categories":[1,4],"tags":[],"class_list":["post-2270","post","type-post","status-publish","format-standard","has-post-thumbnail","hentry","category-general","category-portada"],"post_mailing_queue_ids":[],"_links":{"self":[{"href":"https:\/\/agora.xtec.cat\/escolajujol\/wp-json\/wp\/v2\/posts\/2270","targetHints":{"allow":["GET"]}}],"collection":[{"href":"https:\/\/agora.xtec.cat\/escolajujol\/wp-json\/wp\/v2\/posts"}],"about":[{"href":"https:\/\/agora.xtec.cat\/escolajujol\/wp-json\/wp\/v2\/types\/post"}],"author":[{"embeddable":true,"href":"https:\/\/agora.xtec.cat\/escolajujol\/wp-json\/wp\/v2\/users\/1"}],"replies":[{"embeddable":true,"href":"https:\/\/agora.xtec.cat\/escolajujol\/wp-json\/wp\/v2\/comments?post=2270"}],"version-history":[{"count":2,"href":"https:\/\/agora.xtec.cat\/escolajujol\/wp-json\/wp\/v2\/posts\/2270\/revisions"}],"predecessor-version":[{"id":2272,"href":"https:\/\/agora.xtec.cat\/escolajujol\/wp-json\/wp\/v2\/posts\/2270\/revisions\/2272"}],"wp:featuredmedia":[{"embeddable":true,"href":"https:\/\/agora.xtec.cat\/escolajujol\/wp-json\/wp\/v2\/media\/2273"}],"wp:attachment":[{"href":"https:\/\/agora.xtec.cat\/escolajujol\/wp-json\/wp\/v2\/media?parent=2270"}],"wp:term":[{"taxonomy":"category","embeddable":true,"href":"https:\/\/agora.xtec.cat\/escolajujol\/wp-json\/wp\/v2\/categories?post=2270"},{"taxonomy":"post_tag","embeddable":true,"href":"https:\/\/agora.xtec.cat\/escolajujol\/wp-json\/wp\/v2\/tags?post=2270"}],"curies":[{"name":"wp","href":"https:\/\/api.w.org\/{rel}","templated":true}]}}