{"id":2320,"date":"2026-01-30T23:51:29","date_gmt":"2026-01-30T22:51:29","guid":{"rendered":"https:\/\/agora.xtec.cat\/escolajuansalamero\/?p=2320"},"modified":"2026-01-30T23:51:48","modified_gmt":"2026-01-30T22:51:48","slug":"visita-de-faga-dins-del-projecte-cueme","status":"publish","type":"post","link":"https:\/\/agora.xtec.cat\/escolajuansalamero\/portada\/visita-de-faga-dins-del-projecte-cueme\/","title":{"rendered":"Visita de FAGA dins del projecte CUEME"},"content":{"rendered":"<p data-start=\"325\" data-end=\"613\">Aquesta setmana hem rebut a l\u2019escola la visita de la direcci\u00f3 de <strong data-start=\"386\" data-end=\"446\">FAGA (Associaci\u00f3 de Familiars de persones amb Alzheimer)<\/strong>, que va venir a con\u00e8ixer de prop el projecte de creaci\u00f3 d\u2019una cooperativa que est\u00e0 impulsant l\u2019alumnat de Cicle Superior dins del programa <strong data-start=\"568\" data-end=\"577\"><a href=\"https:\/\/www.diba.cat\/ca\/web\/cueme\">CUEME<\/a>.<\/strong><\/p>\n<p data-start=\"615\" data-end=\"1167\">Durant la trobada, la directora de l\u2019entitat i el gerent, la Meri i el Juanjo, van compartir amb els infants qu\u00e8 \u00e9s FAGA, com va n\u00e9ixer l\u2019associaci\u00f3, qui la forma, quina estructura t\u00e9, quins projectes i programes duen a terme i d\u2019on provenen els seus ingressos. Tamb\u00e9 van explicar quines despeses implica el funcionament de l\u2019entitat i van donar resposta a totes les preguntes que l\u2019alumnat havia preparat pr\u00e8viament. L\u2019objectiu de la visita era ajudar els nens i nenes en el proc\u00e9s de creaci\u00f3 de la seva cooperativa i resoldre dubtes relacionats amb el seu projecte social.<\/p>\n<blockquote>\n<p data-start=\"1169\" data-end=\"1457\">Actualment, l\u2019alumnat treballa en la creaci\u00f3 de la Cooperativa <strong data-start=\"1242\" data-end=\"1259\">Sant Salamero<\/strong>, que t\u00e9 com a objectiu recaptar fons socials mitjan\u00e7ant la venda de manualitats elaborades a l\u2019escola. Aquests productes es posaran a la venda el proper <strong data-start=\"1413\" data-end=\"1456\">23 d\u2019abril de 2026, diada de Sant Jordi<\/strong>.<\/p>\n<\/blockquote>\n<p data-start=\"1459\" data-end=\"1657\">Els infants han escollit FAGA com a entitat destinat\u00e0ria del donatiu social, una decisi\u00f3 que posa en valor la import\u00e0ncia de donar visibilitat a l\u2019Alzheimer i als reptes que genera aquesta malaltia.<\/p>\n<p data-start=\"1659\" data-end=\"1845\">Des de FAGA van felicitar l\u2019alumnat per la seva creativitat, implicaci\u00f3 i il\u00b7lusi\u00f3, i van agrair a l\u2019escola que compti un altre cop amb l\u2019entitat per al desenvolupament dels seus projectes educatius.<\/p>\n<p data-start=\"1847\" data-end=\"2036\">Despr\u00e9s de Sant Jordi, FAGA i l\u2019Escola Juan Salamero continuaran la seva col\u00b7laboraci\u00f3 amb accions i activitats intergeneracionals entre els infants i les persones usu\u00e0ries de l\u2019associaci\u00f3.<\/p>\n","protected":false},"excerpt":{"rendered":"<p>La direcci\u00f3 de FAGA ha visitat l\u2019escola per con\u00e8ixer el projecte de cooperativa que impulsa l\u2019alumnat dins del programa CUEME i compartir amb els infants la tasca social que desenvolupa l\u2019entitat.<\/p>\n","protected":false},"author":1,"featured_media":2321,"comment_status":"open","ping_status":"open","sticky":false,"template":"","format":"standard","meta":{"_bbp_topic_count":0,"_bbp_reply_count":0,"_bbp_total_topic_count":0,"_bbp_total_reply_count":0,"_bbp_voice_count":0,"_bbp_anonymous_reply_count":0,"_bbp_topic_count_hidden":0,"_bbp_reply_count_hidden":0,"_bbp_forum_subforum_count":0,"site-sidebar-layout":"default","site-content-layout":"","ast-site-content-layout":"default","site-content-style":"default","site-sidebar-style":"default","ast-global-header-display":"","ast-banner-title-visibility":"","ast-main-header-display":"","ast-hfb-above-header-display":"","ast-hfb-below-header-display":"","ast-hfb-mobile-header-display":"","site-post-title":"","ast-breadcrumbs-content":"","ast-featured-img":"","footer-sml-layout":"","theme-transparent-header-meta":"default","adv-header-id-meta":"","stick-header-meta":"","header-above-stick-meta":"","header-main-stick-meta":"","header-below-stick-meta":"","astra-migrate-meta-layouts":"set","ast-page-background-enabled":"default","ast-page-background-meta":{"desktop":{"background-color":"var(--ast-global-color-4)","background-image":"","background-repeat":"repeat","background-position":"center center","background-size":"auto","background-attachment":"scroll","background-type":"","background-media":"","overlay-type":"","overlay-color":"","overlay-opacity":"","overlay-gradient":""},"tablet":{"background-color":"","background-image":"","background-repeat":"repeat","background-position":"center center","background-size":"auto","background-attachment":"scroll","background-type":"","background-media":"","overlay-type":"","overlay-color":"","overlay-opacity":"","overlay-gradient":""},"mobile":{"background-color":"","background-image":"","background-repeat":"repeat","background-position":"center center","background-size":"auto","background-attachment":"scroll","background-type":"","background-media":"","overlay-type":"","overlay-color":"","overlay-opacity":"","overlay-gradient":""}},"ast-content-background-meta":{"desktop":{"background-color":"var(--ast-global-color-5)","background-image":"","background-repeat":"repeat","background-position":"center center","background-size":"auto","background-attachment":"scroll","background-type":"","background-media":"","overlay-type":"","overlay-color":"","overlay-opacity":"","overlay-gradient":""},"tablet":{"background-color":"var(--ast-global-color-5)","background-image":"","background-repeat":"repeat","background-position":"center center","background-size":"auto","background-attachment":"scroll","background-type":"","background-media":"","overlay-type":"","overlay-color":"","overlay-opacity":"","overlay-gradient":""},"mobile":{"background-color":"var(--ast-global-color-5)","background-image":"","background-repeat":"repeat","background-position":"center center","background-size":"auto","background-attachment":"scroll","background-type":"","background-media":"","overlay-type":"","overlay-color":"","overlay-opacity":"","overlay-gradient":""}},"footnotes":""},"categories":[67,4],"tags":[86,85,120],"class_list":["post-2320","post","type-post","status-publish","format-standard","has-post-thumbnail","hentry","category-cicle-superior","category-portada","tag-alzheimer","tag-faga","tag-sant-jordi"],"post_mailing_queue_ids":[],"_links":{"self":[{"href":"https:\/\/agora.xtec.cat\/escolajuansalamero\/wp-json\/wp\/v2\/posts\/2320","targetHints":{"allow":["GET"]}}],"collection":[{"href":"https:\/\/agora.xtec.cat\/escolajuansalamero\/wp-json\/wp\/v2\/posts"}],"about":[{"href":"https:\/\/agora.xtec.cat\/escolajuansalamero\/wp-json\/wp\/v2\/types\/post"}],"author":[{"embeddable":true,"href":"https:\/\/agora.xtec.cat\/escolajuansalamero\/wp-json\/wp\/v2\/users\/1"}],"replies":[{"embeddable":true,"href":"https:\/\/agora.xtec.cat\/escolajuansalamero\/wp-json\/wp\/v2\/comments?post=2320"}],"version-history":[{"count":2,"href":"https:\/\/agora.xtec.cat\/escolajuansalamero\/wp-json\/wp\/v2\/posts\/2320\/revisions"}],"predecessor-version":[{"id":2323,"href":"https:\/\/agora.xtec.cat\/escolajuansalamero\/wp-json\/wp\/v2\/posts\/2320\/revisions\/2323"}],"wp:featuredmedia":[{"embeddable":true,"href":"https:\/\/agora.xtec.cat\/escolajuansalamero\/wp-json\/wp\/v2\/media\/2321"}],"wp:attachment":[{"href":"https:\/\/agora.xtec.cat\/escolajuansalamero\/wp-json\/wp\/v2\/media?parent=2320"}],"wp:term":[{"taxonomy":"category","embeddable":true,"href":"https:\/\/agora.xtec.cat\/escolajuansalamero\/wp-json\/wp\/v2\/categories?post=2320"},{"taxonomy":"post_tag","embeddable":true,"href":"https:\/\/agora.xtec.cat\/escolajuansalamero\/wp-json\/wp\/v2\/tags?post=2320"}],"curies":[{"name":"wp","href":"https:\/\/api.w.org\/{rel}","templated":true}]}}