{"id":2287,"date":"2025-12-17T19:23:27","date_gmt":"2025-12-17T18:23:27","guid":{"rendered":"https:\/\/agora.xtec.cat\/escolajuansalamero\/?p=2287"},"modified":"2025-12-17T19:23:27","modified_gmt":"2025-12-17T18:23:27","slug":"recaptacio-solidaria-per-la-marato-de-tv3","status":"publish","type":"post","link":"https:\/\/agora.xtec.cat\/escolajuansalamero\/general\/recaptacio-solidaria-per-la-marato-de-tv3\/","title":{"rendered":"Recaptaci\u00f3 solid\u00e0ria per La Marat\u00f3 de TV3"},"content":{"rendered":"<p data-start=\"248\" data-end=\"950\">A l\u2019Escola Joan Salamero estem molt orgullosos de la resposta solid\u00e0ria de tota la nostra comunitat educativa! Aquest curs, en la <strong data-start=\"378\" data-end=\"432\">quarta edici\u00f3 del nostre T\u00fanel del Terror solidari<\/strong>, vam fer una crida a participar-hi amb un donatiu a favor de <a href=\"https:\/\/www.3cat.cat\/tv3\/marato\/el-cancer-centrara-la-34a-edicio-de-la-marato-de-3cat\/noticia\/3333818\"><strong data-start=\"494\" data-end=\"519\">La Marat\u00f3 de TV3 2025<\/strong><\/a>, dedicada a la recerca contra el <strong data-start=\"553\" data-end=\"563\">c\u00e0ncer<\/strong>. Aquesta iniciativa forma part d\u2019un projecte solidari de la Fundaci\u00f3 La Marat\u00f3 de TV3 que destina els fons recaptats a impulsar la <strong data-start=\"698\" data-end=\"799\">investigaci\u00f3 oncol\u00f2gica i la sensibilitzaci\u00f3 sobre prevenci\u00f3 i detecci\u00f3 preco\u00e7 d\u2019aquesta malaltia<\/strong>, amb l\u2019objectiu de millorar la qualitat de vida de les persones afectades i avan\u00e7ar en el coneixement cient\u00edfic.<\/p>\n<p data-start=\"248\" data-end=\"950\">Ens fa molta il\u00b7lusi\u00f3 compartir que, gr\u00e0cies a la participaci\u00f3 de fam\u00edlies, alumnat, mestres i tota la comunitat educativa, <strong data-start=\"1055\" data-end=\"1089\">hem recaptat un total de 156 \u20ac<\/strong> que s\u2019han lliurat a La Marat\u00f3 de TV3. Aquesta suma prov\u00e9 dels <strong data-start=\"1152\" data-end=\"1205\">donatius que es van fer per poder entrar al t\u00fanel<\/strong> per part de nens, nenes i fam\u00edlies, i reflecteix el comprom\u00eds i la solidaritat de totes i tots.<\/p>\n<p data-start=\"1305\" data-end=\"1552\">Si encara no has llegit com va ser aquella jornada tan especial, ho pots veure aqu\u00ed:<br data-start=\"1403\" data-end=\"1406\" \/>\ud83d\udc49 <a class=\"decorated-link\" href=\"https:\/\/agora.xtec.cat\/escolajuansalamero\/portada\/quarta-edicio-del-tunel-del-terror-solidari\/\" target=\"_new\" rel=\"noopener\" data-start=\"1409\" data-end=\"1550\">Quarta edici\u00f3 del T\u00fanel del Terror solidari<\/a><\/p>\n<p data-start=\"1554\" data-end=\"1841\">Des de l\u2019escola volem expressar el nostre <strong data-start=\"1596\" data-end=\"1616\">agra\u00efment sincer<\/strong> a totes les persones que han participat i han fet possible aquest projecte solidari. Accions com aquesta ens recorden que junts i juntes podem sumar petits gestos que contribueixen a causes que importen a la nostra societat.<\/p>\n","protected":false},"excerpt":{"rendered":"<p>Gr\u00e0cies al T\u00fanel del Terror solidari, l\u2019Escola Joan Salamero ha recaptat 156 \u20ac per a La Marat\u00f3 de TV3 2025, dedicada a la investigaci\u00f3 contra el c\u00e0ncer, amb la participaci\u00f3 de fam\u00edlies, alumnat i comunitat educativa<\/p>\n","protected":false},"author":1,"featured_media":2288,"comment_status":"open","ping_status":"open","sticky":false,"template":"","format":"standard","meta":{"_bbp_topic_count":0,"_bbp_reply_count":0,"_bbp_total_topic_count":0,"_bbp_total_reply_count":0,"_bbp_voice_count":0,"_bbp_anonymous_reply_count":0,"_bbp_topic_count_hidden":0,"_bbp_reply_count_hidden":0,"_bbp_forum_subforum_count":0,"site-sidebar-layout":"default","site-content-layout":"","ast-site-content-layout":"default","site-content-style":"default","site-sidebar-style":"default","ast-global-header-display":"","ast-banner-title-visibility":"","ast-main-header-display":"","ast-hfb-above-header-display":"","ast-hfb-below-header-display":"","ast-hfb-mobile-header-display":"","site-post-title":"","ast-breadcrumbs-content":"","ast-featured-img":"","footer-sml-layout":"","theme-transparent-header-meta":"default","adv-header-id-meta":"","stick-header-meta":"","header-above-stick-meta":"","header-main-stick-meta":"","header-below-stick-meta":"","astra-migrate-meta-layouts":"set","ast-page-background-enabled":"default","ast-page-background-meta":{"desktop":{"background-color":"var(--ast-global-color-4)","background-image":"","background-repeat":"repeat","background-position":"center center","background-size":"auto","background-attachment":"scroll","background-type":"","background-media":"","overlay-type":"","overlay-color":"","overlay-opacity":"","overlay-gradient":""},"tablet":{"background-color":"","background-image":"","background-repeat":"repeat","background-position":"center center","background-size":"auto","background-attachment":"scroll","background-type":"","background-media":"","overlay-type":"","overlay-color":"","overlay-opacity":"","overlay-gradient":""},"mobile":{"background-color":"","background-image":"","background-repeat":"repeat","background-position":"center center","background-size":"auto","background-attachment":"scroll","background-type":"","background-media":"","overlay-type":"","overlay-color":"","overlay-opacity":"","overlay-gradient":""}},"ast-content-background-meta":{"desktop":{"background-color":"var(--ast-global-color-5)","background-image":"","background-repeat":"repeat","background-position":"center center","background-size":"auto","background-attachment":"scroll","background-type":"","background-media":"","overlay-type":"","overlay-color":"","overlay-opacity":"","overlay-gradient":""},"tablet":{"background-color":"var(--ast-global-color-5)","background-image":"","background-repeat":"repeat","background-position":"center center","background-size":"auto","background-attachment":"scroll","background-type":"","background-media":"","overlay-type":"","overlay-color":"","overlay-opacity":"","overlay-gradient":""},"mobile":{"background-color":"var(--ast-global-color-5)","background-image":"","background-repeat":"repeat","background-position":"center center","background-size":"auto","background-attachment":"scroll","background-type":"","background-media":"","overlay-type":"","overlay-color":"","overlay-opacity":"","overlay-gradient":""}},"footnotes":""},"categories":[1,4],"tags":[],"class_list":["post-2287","post","type-post","status-publish","format-standard","has-post-thumbnail","hentry","category-general","category-portada"],"post_mailing_queue_ids":[],"_links":{"self":[{"href":"https:\/\/agora.xtec.cat\/escolajuansalamero\/wp-json\/wp\/v2\/posts\/2287","targetHints":{"allow":["GET"]}}],"collection":[{"href":"https:\/\/agora.xtec.cat\/escolajuansalamero\/wp-json\/wp\/v2\/posts"}],"about":[{"href":"https:\/\/agora.xtec.cat\/escolajuansalamero\/wp-json\/wp\/v2\/types\/post"}],"author":[{"embeddable":true,"href":"https:\/\/agora.xtec.cat\/escolajuansalamero\/wp-json\/wp\/v2\/users\/1"}],"replies":[{"embeddable":true,"href":"https:\/\/agora.xtec.cat\/escolajuansalamero\/wp-json\/wp\/v2\/comments?post=2287"}],"version-history":[{"count":1,"href":"https:\/\/agora.xtec.cat\/escolajuansalamero\/wp-json\/wp\/v2\/posts\/2287\/revisions"}],"predecessor-version":[{"id":2289,"href":"https:\/\/agora.xtec.cat\/escolajuansalamero\/wp-json\/wp\/v2\/posts\/2287\/revisions\/2289"}],"wp:featuredmedia":[{"embeddable":true,"href":"https:\/\/agora.xtec.cat\/escolajuansalamero\/wp-json\/wp\/v2\/media\/2288"}],"wp:attachment":[{"href":"https:\/\/agora.xtec.cat\/escolajuansalamero\/wp-json\/wp\/v2\/media?parent=2287"}],"wp:term":[{"taxonomy":"category","embeddable":true,"href":"https:\/\/agora.xtec.cat\/escolajuansalamero\/wp-json\/wp\/v2\/categories?post=2287"},{"taxonomy":"post_tag","embeddable":true,"href":"https:\/\/agora.xtec.cat\/escolajuansalamero\/wp-json\/wp\/v2\/tags?post=2287"}],"curies":[{"name":"wp","href":"https:\/\/api.w.org\/{rel}","templated":true}]}}