{"id":2201,"date":"2025-11-03T15:37:11","date_gmt":"2025-11-03T14:37:11","guid":{"rendered":"https:\/\/agora.xtec.cat\/escolajuansalamero\/?p=2201"},"modified":"2025-11-03T15:38:54","modified_gmt":"2025-11-03T14:38:54","slug":"quarta-edicio-del-tunel-del-terror-solidari","status":"publish","type":"post","link":"https:\/\/agora.xtec.cat\/escolajuansalamero\/portada\/quarta-edicio-del-tunel-del-terror-solidari\/","title":{"rendered":"Quarta edici\u00f3 del t\u00fanel del terror solidari"},"content":{"rendered":"<p data-start=\"149\" data-end=\"714\">Aquest Halloween hem tornat a viure una tradici\u00f3 molt especial a l\u2019Escola Juan Salamero: el nostre <strong data-start=\"248\" data-end=\"268\">t\u00fanel del terror<\/strong>, que celebrem amb il\u00b7lusi\u00f3 des de fa quatre anys. Per\u00f2 aquest any hi havia un motiu encara m\u00e9s gran per fer soroll: l\u2019entrada al t\u00fanel (per part de l\u2019alumnat i de les fam\u00edlies) s\u2019ha fet mitjan\u00e7ant un <strong data-start=\"469\" data-end=\"503\">donatiu per a la Marat\u00f3 de TV3<\/strong>, destinat a la investigaci\u00f3 contra el c\u00e0ncer. La Marat\u00f3, com sabeu, \u00e9s un projecte solidari de Televisi\u00f3 de Catalunya que recapta fons per impulsar la recerca cient\u00edfica. <span class=\"\" data-state=\"closed\"><span class=\"ms-1 inline-flex max-w-full items-center relative top-[-0.094rem] animate-[show_150ms_ease-in]\" data-testid=\"webpage-citation-pill\"><a class=\"flex h-4.5 overflow-hidden rounded-xl px-2 text-[9px] font-medium transition-colors duration-150 ease-in-out text-token-text-secondary! bg-[#F4F4F4]! dark:bg-[#303030]!\" href=\"https:\/\/www.3cat.cat\/tv3\/marato\/es\/que-es-la-marato\/?utm_source=chatgpt.com\" target=\"_blank\" rel=\"noopener\"><span class=\"relative start-0 bottom-0 flex h-full w-full items-center\"><span class=\"flex h-4 w-full items-center justify-between\"><span class=\"max-w-[15ch] grow truncate overflow-hidden text-center\">3cat.cat<\/span><span class=\"-me-1 flex h-full items-center rounded-full px-1 text-[#8F8F8F]\">+2<\/span><\/span><span class=\"flex h-4 w-full items-center justify-between absolute\"><span class=\"max-w-[15ch] grow truncate overflow-hidden text-center\">elperiodico.com<\/span><span class=\"-me-1 flex h-full items-center rounded-full px-1 text-[#8F8F8F]\">+2<\/span><\/span><\/span><\/a><\/span><\/span><\/p>\n<p data-start=\"716\" data-end=\"1247\">La implicaci\u00f3 de la comunitat ha estat impressionant. A m\u00e9s, hem tingut la pres\u00e8ncia de mitjans importants: <strong data-start=\"824\" data-end=\"831\">TV3<\/strong> i <strong data-start=\"834\" data-end=\"845\">Gav\u00e0 TV<\/strong> han vingut a gravar l\u2019acte i recollir testimonis de mestres, fam\u00edlies i nens i nenes. Podeu veure\u2019n un fragment en aquest reportatge de Gav\u00e0 TV: <a class=\"decorated-link\" href=\"https:\/\/www.gavatv.cat\/lescola-juan-salamero-esdeve-un-tunel-del-terror\/\" target=\"_new\" rel=\"noopener\" data-start=\"991\" data-end=\"1110\">La nostra escola esdev\u00e9 un t\u00fanel del terror<\/a>, i tamb\u00e9 una s\u00edntesi en <a class=\"decorated-link\" href=\"https:\/\/www.instagram.com\/reel\/DQem3AmCDMD\/?igsh=bW12bTVwOHN0M21u\" target=\"_new\" rel=\"noopener\" data-start=\"1154\" data-end=\"1246\">v\u00eddeo a Instagram<\/a>.<\/p>\n<p data-start=\"1249\" data-end=\"1689\">Aquest esdeveniment solidari ha estat molt m\u00e9s que una festa d\u2019Halloween: ha estat una acci\u00f3 <strong data-start=\"1342\" data-end=\"1383\">de comunitat, generositat i comprom\u00eds<\/strong> amb una causa que ens toca a tots. Volem agrair sincerament a totes les fam\u00edlies, alumnat i mestres que han participat i fet possible aquest projecte, aix\u00ed com als mitjans que han donat visibilitat a la nostra iniciativa. Gr\u00e0cies per compartir por, diversi\u00f3 i esperances\u2026 tot al servei de la investigaci\u00f3!<\/p>\n","protected":false},"excerpt":{"rendered":"<p>La nostra escola ha tornat a convertir-se en un aut\u00e8ntic t\u00fanel del terror, una activitat ja tradicional que enguany ha tingut un prop\u00f2sit solidari: recaptar fons per a La Marat\u00f3 de TV3, dedicada a la investigaci\u00f3 contra el c\u00e0ncer.<\/p>\n","protected":false},"author":1,"featured_media":2202,"comment_status":"open","ping_status":"open","sticky":false,"template":"","format":"standard","meta":{"_bbp_topic_count":0,"_bbp_reply_count":0,"_bbp_total_topic_count":0,"_bbp_total_reply_count":0,"_bbp_voice_count":0,"_bbp_anonymous_reply_count":0,"_bbp_topic_count_hidden":0,"_bbp_reply_count_hidden":0,"_bbp_forum_subforum_count":0,"site-sidebar-layout":"default","site-content-layout":"","ast-site-content-layout":"default","site-content-style":"default","site-sidebar-style":"default","ast-global-header-display":"","ast-banner-title-visibility":"","ast-main-header-display":"","ast-hfb-above-header-display":"","ast-hfb-below-header-display":"","ast-hfb-mobile-header-display":"","site-post-title":"","ast-breadcrumbs-content":"","ast-featured-img":"","footer-sml-layout":"","theme-transparent-header-meta":"default","adv-header-id-meta":"","stick-header-meta":"","header-above-stick-meta":"","header-main-stick-meta":"","header-below-stick-meta":"","astra-migrate-meta-layouts":"set","ast-page-background-enabled":"default","ast-page-background-meta":{"desktop":{"background-color":"var(--ast-global-color-4)","background-image":"","background-repeat":"repeat","background-position":"center center","background-size":"auto","background-attachment":"scroll","background-type":"","background-media":"","overlay-type":"","overlay-color":"","overlay-opacity":"","overlay-gradient":""},"tablet":{"background-color":"","background-image":"","background-repeat":"repeat","background-position":"center center","background-size":"auto","background-attachment":"scroll","background-type":"","background-media":"","overlay-type":"","overlay-color":"","overlay-opacity":"","overlay-gradient":""},"mobile":{"background-color":"","background-image":"","background-repeat":"repeat","background-position":"center center","background-size":"auto","background-attachment":"scroll","background-type":"","background-media":"","overlay-type":"","overlay-color":"","overlay-opacity":"","overlay-gradient":""}},"ast-content-background-meta":{"desktop":{"background-color":"var(--ast-global-color-5)","background-image":"","background-repeat":"repeat","background-position":"center center","background-size":"auto","background-attachment":"scroll","background-type":"","background-media":"","overlay-type":"","overlay-color":"","overlay-opacity":"","overlay-gradient":""},"tablet":{"background-color":"var(--ast-global-color-5)","background-image":"","background-repeat":"repeat","background-position":"center center","background-size":"auto","background-attachment":"scroll","background-type":"","background-media":"","overlay-type":"","overlay-color":"","overlay-opacity":"","overlay-gradient":""},"mobile":{"background-color":"var(--ast-global-color-5)","background-image":"","background-repeat":"repeat","background-position":"center center","background-size":"auto","background-attachment":"scroll","background-type":"","background-media":"","overlay-type":"","overlay-color":"","overlay-opacity":"","overlay-gradient":""}},"footnotes":""},"categories":[4],"tags":[],"class_list":["post-2201","post","type-post","status-publish","format-standard","has-post-thumbnail","hentry","category-portada"],"post_mailing_queue_ids":[],"_links":{"self":[{"href":"https:\/\/agora.xtec.cat\/escolajuansalamero\/wp-json\/wp\/v2\/posts\/2201","targetHints":{"allow":["GET"]}}],"collection":[{"href":"https:\/\/agora.xtec.cat\/escolajuansalamero\/wp-json\/wp\/v2\/posts"}],"about":[{"href":"https:\/\/agora.xtec.cat\/escolajuansalamero\/wp-json\/wp\/v2\/types\/post"}],"author":[{"embeddable":true,"href":"https:\/\/agora.xtec.cat\/escolajuansalamero\/wp-json\/wp\/v2\/users\/1"}],"replies":[{"embeddable":true,"href":"https:\/\/agora.xtec.cat\/escolajuansalamero\/wp-json\/wp\/v2\/comments?post=2201"}],"version-history":[{"count":3,"href":"https:\/\/agora.xtec.cat\/escolajuansalamero\/wp-json\/wp\/v2\/posts\/2201\/revisions"}],"predecessor-version":[{"id":2205,"href":"https:\/\/agora.xtec.cat\/escolajuansalamero\/wp-json\/wp\/v2\/posts\/2201\/revisions\/2205"}],"wp:featuredmedia":[{"embeddable":true,"href":"https:\/\/agora.xtec.cat\/escolajuansalamero\/wp-json\/wp\/v2\/media\/2202"}],"wp:attachment":[{"href":"https:\/\/agora.xtec.cat\/escolajuansalamero\/wp-json\/wp\/v2\/media?parent=2201"}],"wp:term":[{"taxonomy":"category","embeddable":true,"href":"https:\/\/agora.xtec.cat\/escolajuansalamero\/wp-json\/wp\/v2\/categories?post=2201"},{"taxonomy":"post_tag","embeddable":true,"href":"https:\/\/agora.xtec.cat\/escolajuansalamero\/wp-json\/wp\/v2\/tags?post=2201"}],"curies":[{"name":"wp","href":"https:\/\/api.w.org\/{rel}","templated":true}]}}