{"id":2095,"date":"2025-09-22T15:48:03","date_gmt":"2025-09-22T13:48:03","guid":{"rendered":"https:\/\/agora.xtec.cat\/escolajuansalamero\/?p=2095"},"modified":"2025-11-10T14:52:11","modified_gmt":"2025-11-10T13:52:11","slug":"pla-de-digitalitzacio-responsable","status":"publish","type":"post","link":"https:\/\/agora.xtec.cat\/escolajuansalamero\/general\/pla-de-digitalitzacio-responsable\/","title":{"rendered":"Pla de Digitalitzaci\u00f3 Responsable"},"content":{"rendered":"<p data-start=\"299\" data-end=\"542\">Aquest curs comencem a implementar a la nostra escola el <strong data-start=\"356\" data-end=\"393\">Pla de Digitalitzaci\u00f3 Responsable<\/strong>, una iniciativa del Departament d\u2019Educaci\u00f3 per garantir que l\u2019alumnat adquireixi compet\u00e8ncies digitals d\u2019una manera <strong data-start=\"510\" data-end=\"539\">segura, \u00e8tica i saludable<\/strong>.<\/p>\n<p data-start=\"544\" data-end=\"985\">El pla inclou diverses mesures: la <strong data-start=\"579\" data-end=\"646\">prohibici\u00f3 de l\u2019\u00fas de tel\u00e8fons m\u00f2bils i rellotges intel\u00b7ligents<\/strong> a totes les etapes educatives obligat\u00f2ries, la <strong data-start=\"694\" data-end=\"757\">distribuci\u00f3 de port\u00e0tils a l\u2019alumnat de 5\u00e8 i 6\u00e8 de prim\u00e0ria<\/strong> i el foment de la responsabilitat en el seu \u00fas. Tamb\u00e9 es reforcen les compet\u00e8ncies digitals, l\u2019educaci\u00f3 medi\u00e0tica per detectar not\u00edcies falses i la formaci\u00f3 del professorat en tecnologies digitals i intel\u00b7lig\u00e8ncia artificial.<\/p>\n<p data-start=\"987\" data-end=\"1202\">Aquest projecte vol implicar tamb\u00e9 les fam\u00edlies. Per aix\u00f2, el Departament ha creat una <strong data-start=\"1074\" data-end=\"1148\">guia per acompanyar-les en l\u2019educaci\u00f3 digital dels seus fills i filles<\/strong> i en promoure un \u00fas responsable de les tecnologies.<\/p>\n<p data-start=\"1204\" data-end=\"1422\">Per m\u00e9s informaci\u00f3, podeu consultar aquests recursos:<br data-start=\"1257\" data-end=\"1260\" \/>\ud83d\udcc4 <span class=\"\" data-state=\"closed\"><a class=\"cursor-pointer\" href=\"https:\/\/projectes.xtec.cat\/digital\/noticies\/portada\/guia-per-acompanyar-les-families-en-lus-dels-mobils-en-infants-i-joves\/\" data-start=\"1263\" data-end=\"1325\">Guia per a les fam\u00edlies<\/a><\/span><br data-start=\"1325\" data-end=\"1328\" \/>\ud83d\udcc4 <span class=\"\" data-state=\"closed\"><a class=\"cursor-pointer\" href=\"https:\/\/educacio.gencat.cat\/ca\/departament\/linies-estrategiques\/pla-digitalitzacio-responsable\/index.html\" data-start=\"1331\" data-end=\"1420\">Pla de Digitalitzaci\u00f3 Responsable<\/a><\/span><\/p>\n<p data-start=\"1424\" data-end=\"1609\">Amb aquest pla, fem un pas endavant per educar en un <strong data-start=\"1477\" data-end=\"1523\">\u00fas cr\u00edtic i responsable de les tecnologies<\/strong>, preparant el nostre alumnat per afrontar amb seguretat i autonomia el m\u00f3n digital.<\/p>\n","protected":false},"excerpt":{"rendered":"<p>Aquest curs comencem a implementar a la nostra escola el Pla de Digitalitzaci\u00f3 Responsable, una iniciativa del Departament d\u2019Educaci\u00f3 per [&hellip;]<\/p>\n","protected":false},"author":1,"featured_media":2096,"comment_status":"open","ping_status":"open","sticky":false,"template":"","format":"standard","meta":{"_bbp_topic_count":0,"_bbp_reply_count":0,"_bbp_total_topic_count":0,"_bbp_total_reply_count":0,"_bbp_voice_count":0,"_bbp_anonymous_reply_count":0,"_bbp_topic_count_hidden":0,"_bbp_reply_count_hidden":0,"_bbp_forum_subforum_count":0,"site-sidebar-layout":"default","site-content-layout":"","ast-site-content-layout":"default","site-content-style":"default","site-sidebar-style":"default","ast-global-header-display":"","ast-banner-title-visibility":"","ast-main-header-display":"","ast-hfb-above-header-display":"","ast-hfb-below-header-display":"","ast-hfb-mobile-header-display":"","site-post-title":"","ast-breadcrumbs-content":"","ast-featured-img":"","footer-sml-layout":"","theme-transparent-header-meta":"default","adv-header-id-meta":"","stick-header-meta":"","header-above-stick-meta":"","header-main-stick-meta":"","header-below-stick-meta":"","astra-migrate-meta-layouts":"set","ast-page-background-enabled":"default","ast-page-background-meta":{"desktop":{"background-color":"var(--ast-global-color-4)","background-image":"","background-repeat":"repeat","background-position":"center center","background-size":"auto","background-attachment":"scroll","background-type":"","background-media":"","overlay-type":"","overlay-color":"","overlay-opacity":"","overlay-gradient":""},"tablet":{"background-color":"","background-image":"","background-repeat":"repeat","background-position":"center center","background-size":"auto","background-attachment":"scroll","background-type":"","background-media":"","overlay-type":"","overlay-color":"","overlay-opacity":"","overlay-gradient":""},"mobile":{"background-color":"","background-image":"","background-repeat":"repeat","background-position":"center center","background-size":"auto","background-attachment":"scroll","background-type":"","background-media":"","overlay-type":"","overlay-color":"","overlay-opacity":"","overlay-gradient":""}},"ast-content-background-meta":{"desktop":{"background-color":"var(--ast-global-color-5)","background-image":"","background-repeat":"repeat","background-position":"center center","background-size":"auto","background-attachment":"scroll","background-type":"","background-media":"","overlay-type":"","overlay-color":"","overlay-opacity":"","overlay-gradient":""},"tablet":{"background-color":"var(--ast-global-color-5)","background-image":"","background-repeat":"repeat","background-position":"center center","background-size":"auto","background-attachment":"scroll","background-type":"","background-media":"","overlay-type":"","overlay-color":"","overlay-opacity":"","overlay-gradient":""},"mobile":{"background-color":"var(--ast-global-color-5)","background-image":"","background-repeat":"repeat","background-position":"center center","background-size":"auto","background-attachment":"scroll","background-type":"","background-media":"","overlay-type":"","overlay-color":"","overlay-opacity":"","overlay-gradient":""}},"footnotes":""},"categories":[1,4],"tags":[110],"class_list":["post-2095","post","type-post","status-publish","format-standard","has-post-thumbnail","hentry","category-general","category-portada","tag-pla-de-digitalitzacio-responsable"],"post_mailing_queue_ids":[],"_links":{"self":[{"href":"https:\/\/agora.xtec.cat\/escolajuansalamero\/wp-json\/wp\/v2\/posts\/2095","targetHints":{"allow":["GET"]}}],"collection":[{"href":"https:\/\/agora.xtec.cat\/escolajuansalamero\/wp-json\/wp\/v2\/posts"}],"about":[{"href":"https:\/\/agora.xtec.cat\/escolajuansalamero\/wp-json\/wp\/v2\/types\/post"}],"author":[{"embeddable":true,"href":"https:\/\/agora.xtec.cat\/escolajuansalamero\/wp-json\/wp\/v2\/users\/1"}],"replies":[{"embeddable":true,"href":"https:\/\/agora.xtec.cat\/escolajuansalamero\/wp-json\/wp\/v2\/comments?post=2095"}],"version-history":[{"count":2,"href":"https:\/\/agora.xtec.cat\/escolajuansalamero\/wp-json\/wp\/v2\/posts\/2095\/revisions"}],"predecessor-version":[{"id":2230,"href":"https:\/\/agora.xtec.cat\/escolajuansalamero\/wp-json\/wp\/v2\/posts\/2095\/revisions\/2230"}],"wp:featuredmedia":[{"embeddable":true,"href":"https:\/\/agora.xtec.cat\/escolajuansalamero\/wp-json\/wp\/v2\/media\/2096"}],"wp:attachment":[{"href":"https:\/\/agora.xtec.cat\/escolajuansalamero\/wp-json\/wp\/v2\/media?parent=2095"}],"wp:term":[{"taxonomy":"category","embeddable":true,"href":"https:\/\/agora.xtec.cat\/escolajuansalamero\/wp-json\/wp\/v2\/categories?post=2095"},{"taxonomy":"post_tag","embeddable":true,"href":"https:\/\/agora.xtec.cat\/escolajuansalamero\/wp-json\/wp\/v2\/tags?post=2095"}],"curies":[{"name":"wp","href":"https:\/\/api.w.org\/{rel}","templated":true}]}}